{"id":7627,"date":"2021-07-23T20:43:37","date_gmt":"2021-07-23T20:43:37","guid":{"rendered":"https:\/\/site.bancariosdepiracicaba.com.br\/2021\/07\/23\/sindicato-dos-bancarios-apoia-chapa-6-unidade-na-previ\/"},"modified":"2021-08-11T22:12:14","modified_gmt":"2021-08-12T01:12:14","slug":"sindicato-dos-bancarios-apoia-chapa-6-unidade-na-previ","status":"publish","type":"post","link":"https:\/\/bancariosdepiracicaba.com.br\/?p=7627","title":{"rendered":"Sindicato dos Banc\u00e1rios apoia Chapa 6 &#8211; Unidade na Previ"},"content":{"rendered":"<p>Come\u00e7a hoje, 18, a elei\u00e7\u00e3o para a renova\u00e7\u00e3o de parte da diretoria executiva e dos conselhos deliberativo, fiscal e consultivos do Plano 1 e do Previ (Futuro da Caixa de Previd\u00eancia dos Funcion\u00e1rios do Banco do Brasil). Seis chapas disputam a elei\u00e7\u00e3o, que se estender\u00e1 at\u00e9 o dia 29 de maio.<br \/>\nNa \u00faltima quarta-feira, representantes da Chapa 6 que concorrem \u00e0s elei\u00e7\u00f5es estiveram na sede do Sindicato dos Banc\u00e1rios de Piracicaba e Regi\u00e3o para expor as propostas aos associados que participam da vota\u00e7\u00e3o, que ocorre entre os dias 18 a 29 deste m\u00eas. O presidente da entidade Jos\u00e9 Antonio Fernandes Paiva, lan\u00e7ou esta semana manifesto de apoio \u00e0 Chapa 6.<br \/>\nDe acordo com Waldenor Borges, do Conselho Deliberativo e que concorre ao cargo no Conselho Consultivo, o que est\u00e1 colocado na elei\u00e7\u00e3o da Previ \u00e9 o embate entre a Chapa 6, composta por representantes de todos os segmentos do funcionalismo e que conta com o apoio da maioria dos sindicatos e entidades, e uma outra que \u00e9 apoiada veladamente pela dire\u00e7\u00e3o do Banco do Brasil. Por isso, aumenta a responsabilidade dos participantes nesse pleito<br \/>\nEle ressalta ainda que em fun\u00e7\u00e3o de ter metade dos conselheiros e diretores eleitos pelos participantes da ativa e aposentados nas inst\u00e2ncias decis\u00f3rias da entidade, a Previ mant\u00e9m uma gest\u00e3o firme e transparente.  \u201c;A representa\u00e7\u00e3o dos trabalhadores nos conselhos e diretorias permitiu que a Previ tivesse resultados expressivos e superasse a crise financeira internacional sem preju \u00edzos aos participantes. Estamos falando em administrar os recursos de mais de 190 mil participantes, valores que superam os R$ 150 milh\u00f5es \u201c;, ressalta. <\/p>\n<p>Na elei\u00e7\u00e3o, entre 18 e 29 de maio, os participantes, da ativa e aposentados elegem seus representantes nos cargos de Administra\u00e7\u00e3o e Fiscaliza\u00e7\u00e3o e nos conselhos consultivos dos planos de Benef \u00edcios 1 e Previ Futuro.<\/p>\n<p>Propostas da Unidade na Previ -; Aumentar benef \u00edcio para 100%, reduzir valor da Parcela Previ, elevar valores das pens\u00f5es, criar benef \u00edcio baseado na PLR, manter contribui\u00e7\u00f5es suspensas, antecipar o reajuste dos aposentados para janeiro e incorporar o BET como benef \u00edcio permanente no Plano 1.<\/p>\n<p>J\u00e1 no Previ Futuro, permitir resgate das contribui\u00e7\u00f5es patronais em caso de desligamento do banco e do plano, novo benef \u00edcio baseado na PLR, diversificar investimentos para aumentar rentabilidade e reduzir as despesas administrativas, reduzir taxa de risco, ampliar empr\u00e9stimos simples e financiamentos imobili\u00e1rios, Previ para todos os funcion\u00e1rios.<\/p>\n<p>Conhe\u00e7a os integrantes da Chapa 6 -; Unidade na Previ:<\/p>\n<p>Diretoria de Seguridade<br \/>\nMarcel Barros &#8211; \u00e9 secret\u00e1rio-geral da Contraf-CUT e ex-coordenador da Comiss\u00e3o de Empresa dos Funcion\u00e1rios. Nessas fun\u00e7\u00f5es, participou na \u00faltima d\u00e9cada de todas as negocia\u00e7\u00f5es que resultaram em conquistas para os associados na Previ e na Cassi, como a utiliza\u00e7\u00e3o dos recursos do Fundo Paridade e do super\u00e1vit da Previ para melhorar benef \u00edcios e suspender as contribui\u00e7\u00f5es. Formado em Hist\u00f3ria. Foi conselheiro deliberativo da Cassi de 2008 a 2010 e desde 2009 \u00e9 Auditor Sindical no BB indicado pela Contraf-CUT.<\/p>\n<p>Conselho Deliberativo<br \/>\nRafael Zanon -; Titular &#8211; Da ativa, em Bras \u00edlia, \u00e9 funcion\u00e1rio &lsquo;p\u00f3s-98&rsquo;, conselheiro consultivo do Previ Futuro at\u00e9 maio de 2012. Ser\u00e1 a primeira vez que um associado do Previ Futuro estar\u00e1 no Conselho Deliberativo. Formado em Hist\u00f3ria pela Universidade de Bras \u00edlia, \u00e9 p\u00f3s-graduando em gest\u00e3o previdenci\u00e1ria. \u00e9 secret\u00e1rio de Assuntos Jur \u00eddicos e membro do Conselho Editorial do Sindicato dos Banc\u00e1rios de Bras \u00edlia, onde j\u00e1 atuou como secret\u00e1rio de Forma\u00e7\u00e3o, cargo que tamb\u00e9m ocupou na Fetec-CN. \u00e9 da Comiss\u00e3o de Empresa dos Funcion\u00e1rios do BB. Est\u00e1 no banco desde 2000. Foi membro do Conselho de Usu\u00e1rios da Cassi-DF.<\/p>\n<p>Haroldo do Ros\u00e1rio Vieira -; Titular &#8211; Da ativa, em Bras \u00edlia. \u00e9 presidente da Federa\u00e7\u00e3o Nacional das AABBs (Fenabb) e conselheiro fi scal da Cooperforte. Engenheiro civil, p\u00f3s-graduado em Gest\u00e3o Financeira e Controladoria pela FGV, tem curso de Governan\u00e7a Corporativa pela Funda\u00e7\u00e3o Dom Cabral e MBA Altos Executivos pela USP. Exerceu cargos de administrador em superintend\u00eancia do BB. Foi presidente da AABB Bel\u00e9m, do Cesabb Par\u00e1, vicepresidente fi nanceiro da Fenabb e tutor educacional na Faculdade de Administra\u00e7\u00e3o a Dist\u00e2ncia da AIEC.<\/p>\n<p>Jos\u00e9 Ulisses de Oliveira -; Suplente &#8211; Da ativa, \u00e9 presidente do Sindicato dos Banc\u00e1rios do Piau \u00ed e integrante do Comando Nacional dos Banc\u00e1rios. Fundou a Cooperativa Educacional dos Funcion\u00e1rios do Banco do Brasil (Ceabrapi) e a Cooperativa de Cr\u00e9dito dos Banc\u00e1rios do Piau \u00ed (Cooperban). Foi diretor estadual no Piau \u00ed da Associa\u00e7\u00e3o Nacional dos Funcion\u00e1rios do BB (Anabb) e membro do Conselho de Usu\u00e1rios da Cassi-PI.<\/p>\n<p>Jos\u00e9 Souza de Jesus -; Suplente &#8211; Da ativa, de Aracaju, \u00e9 presidente do Sindicato de Sergipe e diretor da Federa\u00e7\u00e3o dos Banc\u00e1rios da Bahia e Sergipe. Graduado em Filosofi a pela Universidade Federal de Sergipe, \u00e9 suplente no Conselho Deliberativo da Previ. Integrante do Comando Nacional dos Banc\u00e1rios, foi da Comiss\u00e3o de Empresa dos Funcion\u00e1rios do Banco do Brasil. Atuou no Conselho Municipal de Sa\u00fade de Aracaju. Tomou posse no BB em 1979.<\/p>\n<p>Conselho Fiscal<br \/>\nOdali Dias Cardoso -; Titular &#8211; Aposentado, \u00e9 presidente da AABB Rio. Graduado em Economia e p\u00f3s-graduado pela Funda\u00e7\u00e3o Get\u00falio Vargas (MBA em Administra\u00e7\u00e3o P\u00fablica, Marketing e cursos de Auditoria Interna e Mercado de Capitais), foi conselheiro deliberativo da Previ de 2006 a 2010 e conselheiro consultivo do Plano 1. Foi presidente das AABBs da Tijuca e de Nova Igua\u00e7u e da Associa\u00e7\u00e3o dos Antigos Funcion\u00e1rios do Banco do Brasil (AAFBB). Maranhense, ingressou no BB em 1971, na cidade de Breves (PA).<\/p>\n<p>Diusa Alves de Almeida -; Suplente &#8211; \u00e9 gerente-geral da Ag\u00eancia Sudoeste, em Goi\u00e2nia. Banc\u00e1ria do Banco do Brasil h\u00e1 23 anos, \u00e9 graduada em Economia pela Pontif \u00edcia Universidade Cat\u00f3lica de Goi\u00e1s (PUC-GO), p\u00f3s-graduada em Economia Agroindustrial pela Universidade Federal de Goi\u00e1s (UFG) e cursa MBA em Gest\u00e3o Financeira e Controladoria no Instituto de P\u00f3s-Gradua\u00e7\u00e3o de Goi\u00e1s (IPOG-GO). \u00e9 vice-presidente fi nanceiro da Associa\u00e7\u00e3o Atl\u00e9tica Banco do Brasil (AABB) Goi\u00e2nia e educadora do BB. Foi analista da Superintend\u00eancia de Goi\u00e1s e gerente-geral em ag\u00eancias de Goi\u00e2nia.<\/p>\n<p>Conselho Consultivo Plano de Benef \u00edcios  Waldenor Borges &#8211; Titular<br \/>\nAposentado, \u00e9 presidente da Associa\u00e7\u00e3o dos Funcion\u00e1rios Aposentados do BB de S\u00e3o Paulo (AFABB-SP) e conselheiro deliberativo suplente da Previ. Graduado em Administra\u00e7\u00e3o de Empresas, com extens\u00e3o em Contabilidade e Finan\u00e7as, p\u00f3sgraduado com MBA Executivo em Gest\u00e3o Empresarial pela Universidade Gama Filho. Foi vice-presidente e presidente da AABB-SP. Foi do Conselho Estadual das Associa\u00e7\u00f5es Atl\u00e9ticas Banco do Brasil de S\u00e3o Paulo (Cesabb-SP) e na Apabb presidiu o Conselho Fiscal.<\/p>\n<p>Luiz Alarc\u00e3o -; Suplente Aposentado, \u00e9 vice-presidente do Conselho Deliberativo da Associa\u00e7\u00e3o dos Funcion\u00e1rios Aposentados do Paran\u00e1 (AFABBPR) e do Conselho Fiscal da Cassi. Foi gerente de Administra\u00e7\u00e3o e superintendente regional do Banco do Brasil. Graduado em Economia, Administra\u00e7\u00e3o e Gest\u00e3o de Neg\u00f3cios Imobili\u00e1rios e p\u00f3s-graduado em Recursos Humanos. Foi presidente da Associa\u00e7\u00e3o Atl\u00e9tica Banco do Brasil (AABB) de Cascavel e Toledo. \u00e9 t\u00e9cnico em Contabilidade.<\/p>\n<p>Conselho Consultivo Previ Futuro Deborah Negr\u00e3o de Campos -; Titular &#8211; Da ativa, \u00e9 diretora do Sindicato de Campinas e Regi\u00e3o. Graduada em Direito pela Pontif \u00edcia Universidade Cat\u00f3lica de S\u00e3o Paulo (PUC-SP) e Psicologia pela Universidade S\u00e3o Francisco, integra o Conselho de Usu\u00e1rios da Cassi, o Conselho do INSS e o Conselho Municipal de Sa\u00fade de Campinas.<\/p>\n<p>V\u00eanica \u00e2ngelos de Melo -; Suplente Da ativa, ingressou no BB em 2007, lotada na Ajure, \u00e9 formada em Direito pela Universidade Federal de Minas Gerais (UFMG) e diretora do Sindicato dos Banc\u00e1rios de Belo Horizonte e Regi\u00e3o. Foi diretora do Centro Acad\u00eamico Afonso Pena (CAAP) em 2005 e 2006 e \u00e9 volunt\u00e1ria na Divis\u00e3o de Assist\u00eancia Judici\u00e1ria (DAJ) da mesma universidade desde 2010.<\/p>\n<p> Fernanda Moraes &#8211; MTB 28.535<br \/>\nAssessoria de Imprensa do Sindicato dos Banc\u00e1rios de Piracicaba e Regi\u00e3o<br \/>\n(19) 3413-1350 \/ 9171-7716<\/p>\n","protected":false},"excerpt":{"rendered":"<p>Come\u00e7a hoje, 18, a elei\u00e7\u00e3o para a renova\u00e7\u00e3o de parte da diretoria executiva e dos conselhos deliberativo, fiscal e consultivos do Plano 1 e do Previ (Futuro da Caixa de Previd\u00eancia dos Funcion\u00e1rios do Banco do Brasil). Seis chapas disputam a elei\u00e7\u00e3o, que se estender\u00e1 at\u00e9 o dia 29 de maio. Na \u00faltima quarta-feira, representantes &hellip;<\/p>\n<p class=\"read-more\"> <a class=\"\" href=\"https:\/\/bancariosdepiracicaba.com.br\/?p=7627\"> <span class=\"screen-reader-text\">Sindicato dos Banc\u00e1rios apoia Chapa 6 &#8211; Unidade na Previ<\/span> Leia mais &raquo;<\/a><\/p>\n","protected":false},"author":1,"featured_media":0,"comment_status":"open","ping_status":"open","sticky":false,"template":"","format":"standard","meta":{"site-sidebar-layout":"default","site-content-layout":"default","ast-main-header-display":"","ast-hfb-above-header-display":"","ast-hfb-below-header-display":"","ast-hfb-mobile-header-display":"","site-post-title":"","ast-breadcrumbs-content":"","ast-featured-img":"","footer-sml-layout":"","theme-transparent-header-meta":"","adv-header-id-meta":"","stick-header-meta":"","header-above-stick-meta":"","header-main-stick-meta":"","header-below-stick-meta":"","footnotes":""},"categories":[46,1],"tags":[],"class_list":["post-7627","post","type-post","status-publish","format-standard","hentry","category-eleicao","category-uncategorized"],"yoast_head":"<!-- This site is optimized with the Yoast SEO Premium plugin v16.1 (Yoast SEO v18.0) - https:\/\/yoast.com\/wordpress\/plugins\/seo\/ -->\n<title>Sindicato dos Banc\u00e1rios apoia Chapa 6 - Unidade na Previ - Sindban<\/title>\n<meta name=\"robots\" content=\"index, follow, max-snippet:-1, max-image-preview:large, max-video-preview:-1\" \/>\n<link rel=\"canonical\" href=\"https:\/\/bancariosdepiracicaba.com.br\/?p=7627\" \/>\n<meta property=\"og:locale\" content=\"pt_BR\" \/>\n<meta property=\"og:type\" content=\"article\" \/>\n<meta property=\"og:title\" content=\"Sindicato dos Banc\u00e1rios apoia Chapa 6 - Unidade na Previ - Sindban\" \/>\n<meta property=\"og:description\" content=\"Come\u00e7a hoje, 18, a elei\u00e7\u00e3o para a renova\u00e7\u00e3o de parte da diretoria executiva e dos conselhos deliberativo, fiscal e consultivos do Plano 1 e do Previ (Futuro da Caixa de Previd\u00eancia dos Funcion\u00e1rios do Banco do Brasil). Seis chapas disputam a elei\u00e7\u00e3o, que se estender\u00e1 at\u00e9 o dia 29 de maio. Na \u00faltima quarta-feira, representantes &hellip; Sindicato dos Banc\u00e1rios apoia Chapa 6 &#8211; Unidade na Previ Leia mais &raquo;\" \/>\n<meta property=\"og:url\" content=\"https:\/\/bancariosdepiracicaba.com.br\/?p=7627\" \/>\n<meta property=\"og:site_name\" content=\"Sindban\" \/>\n<meta property=\"article:published_time\" content=\"2021-07-23T20:43:37+00:00\" \/>\n<meta property=\"article:modified_time\" content=\"2021-08-12T01:12:14+00:00\" \/>\n<meta name=\"twitter:card\" content=\"summary_large_image\" \/>\n<meta name=\"twitter:label1\" content=\"Escrito por\" \/>\n\t<meta name=\"twitter:data1\" content=\"admin\" \/>\n\t<meta name=\"twitter:label2\" content=\"Est. tempo de leitura\" \/>\n\t<meta name=\"twitter:data2\" content=\"7 minutos\" \/>\n<script type=\"application\/ld+json\" class=\"yoast-schema-graph\">{\"@context\":\"https:\/\/schema.org\",\"@graph\":[{\"@type\":\"Organization\",\"@id\":\"https:\/\/bancariosdepiracicaba.com.br\/#organization\",\"name\":\"Sindban\",\"url\":\"https:\/\/bancariosdepiracicaba.com.br\/\",\"sameAs\":[],\"logo\":{\"@type\":\"ImageObject\",\"@id\":\"https:\/\/bancariosdepiracicaba.com.br\/#logo\",\"inLanguage\":\"pt-BR\",\"url\":\"https:\/\/site.bancariosdepiracicaba.com.br\/wp-content\/uploads\/2021\/04\/cropped-Asset-2.png\",\"contentUrl\":\"https:\/\/site.bancariosdepiracicaba.com.br\/wp-content\/uploads\/2021\/04\/cropped-Asset-2.png\",\"width\":512,\"height\":512,\"caption\":\"Sindban\"},\"image\":{\"@id\":\"https:\/\/bancariosdepiracicaba.com.br\/#logo\"}},{\"@type\":\"WebSite\",\"@id\":\"https:\/\/bancariosdepiracicaba.com.br\/#website\",\"url\":\"https:\/\/bancariosdepiracicaba.com.br\/\",\"name\":\"Sindban\",\"description\":\"Desenvolvimento\",\"publisher\":{\"@id\":\"https:\/\/bancariosdepiracicaba.com.br\/#organization\"},\"potentialAction\":[{\"@type\":\"SearchAction\",\"target\":{\"@type\":\"EntryPoint\",\"urlTemplate\":\"https:\/\/bancariosdepiracicaba.com.br\/?s={search_term_string}\"},\"query-input\":\"required name=search_term_string\"}],\"inLanguage\":\"pt-BR\"},{\"@type\":\"WebPage\",\"@id\":\"https:\/\/bancariosdepiracicaba.com.br\/?p=7627#webpage\",\"url\":\"https:\/\/bancariosdepiracicaba.com.br\/?p=7627\",\"name\":\"Sindicato dos Banc\u00e1rios apoia Chapa 6 - Unidade na Previ - Sindban\",\"isPartOf\":{\"@id\":\"https:\/\/bancariosdepiracicaba.com.br\/#website\"},\"datePublished\":\"2021-07-23T20:43:37+00:00\",\"dateModified\":\"2021-08-12T01:12:14+00:00\",\"breadcrumb\":{\"@id\":\"https:\/\/bancariosdepiracicaba.com.br\/?p=7627#breadcrumb\"},\"inLanguage\":\"pt-BR\",\"potentialAction\":[{\"@type\":\"ReadAction\",\"target\":[\"https:\/\/bancariosdepiracicaba.com.br\/?p=7627\"]}]},{\"@type\":\"BreadcrumbList\",\"@id\":\"https:\/\/bancariosdepiracicaba.com.br\/?p=7627#breadcrumb\",\"itemListElement\":[{\"@type\":\"ListItem\",\"position\":1,\"name\":\"Home\",\"item\":\"https:\/\/bancariosdepiracicaba.com.br\/\"},{\"@type\":\"ListItem\",\"position\":2,\"name\":\"Sindicato dos Banc\u00e1rios apoia Chapa 6 &#8211; Unidade na Previ\"}]},{\"@type\":\"Article\",\"@id\":\"https:\/\/bancariosdepiracicaba.com.br\/?p=7627#article\",\"isPartOf\":{\"@id\":\"https:\/\/bancariosdepiracicaba.com.br\/?p=7627#webpage\"},\"author\":{\"@id\":\"https:\/\/bancariosdepiracicaba.com.br\/#\/schema\/person\/6a12c780fc145ea2c9af09989ee600b0\"},\"headline\":\"Sindicato dos Banc\u00e1rios apoia Chapa 6 &#8211; Unidade na Previ\",\"datePublished\":\"2021-07-23T20:43:37+00:00\",\"dateModified\":\"2021-08-12T01:12:14+00:00\",\"mainEntityOfPage\":{\"@id\":\"https:\/\/bancariosdepiracicaba.com.br\/?p=7627#webpage\"},\"wordCount\":1374,\"commentCount\":0,\"publisher\":{\"@id\":\"https:\/\/bancariosdepiracicaba.com.br\/#organization\"},\"articleSection\":[\"Elei\u00e7\u00e3o\",\"Uncategorized\"],\"inLanguage\":\"pt-BR\",\"potentialAction\":[{\"@type\":\"CommentAction\",\"name\":\"Comment\",\"target\":[\"https:\/\/bancariosdepiracicaba.com.br\/?p=7627#respond\"]}]},{\"@type\":\"Person\",\"@id\":\"https:\/\/bancariosdepiracicaba.com.br\/#\/schema\/person\/6a12c780fc145ea2c9af09989ee600b0\",\"name\":\"admin\",\"image\":{\"@type\":\"ImageObject\",\"@id\":\"https:\/\/bancariosdepiracicaba.com.br\/#personlogo\",\"inLanguage\":\"pt-BR\",\"url\":\"https:\/\/secure.gravatar.com\/avatar\/3a05e74c6579e68209676cb5cb64e0918f288da7a49210fa18d6e9cac1189840?s=96&d=mm&r=g\",\"contentUrl\":\"https:\/\/secure.gravatar.com\/avatar\/3a05e74c6579e68209676cb5cb64e0918f288da7a49210fa18d6e9cac1189840?s=96&d=mm&r=g\",\"caption\":\"admin\"},\"sameAs\":[\"https:\/\/site.bancariosdepiracicaba.com.br\"],\"url\":\"https:\/\/bancariosdepiracicaba.com.br\/?author=1\"}]}<\/script>\n<!-- \/ Yoast SEO Premium plugin. -->","yoast_head_json":{"title":"Sindicato dos Banc\u00e1rios apoia Chapa 6 - Unidade na Previ - Sindban","robots":{"index":"index","follow":"follow","max-snippet":"max-snippet:-1","max-image-preview":"max-image-preview:large","max-video-preview":"max-video-preview:-1"},"canonical":"https:\/\/bancariosdepiracicaba.com.br\/?p=7627","og_locale":"pt_BR","og_type":"article","og_title":"Sindicato dos Banc\u00e1rios apoia Chapa 6 - Unidade na Previ - Sindban","og_description":"Come\u00e7a hoje, 18, a elei\u00e7\u00e3o para a renova\u00e7\u00e3o de parte da diretoria executiva e dos conselhos deliberativo, fiscal e consultivos do Plano 1 e do Previ (Futuro da Caixa de Previd\u00eancia dos Funcion\u00e1rios do Banco do Brasil). Seis chapas disputam a elei\u00e7\u00e3o, que se estender\u00e1 at\u00e9 o dia 29 de maio. Na \u00faltima quarta-feira, representantes &hellip; Sindicato dos Banc\u00e1rios apoia Chapa 6 &#8211; Unidade na Previ Leia mais &raquo;","og_url":"https:\/\/bancariosdepiracicaba.com.br\/?p=7627","og_site_name":"Sindban","article_published_time":"2021-07-23T20:43:37+00:00","article_modified_time":"2021-08-12T01:12:14+00:00","twitter_card":"summary_large_image","twitter_misc":{"Escrito por":"admin","Est. tempo de leitura":"7 minutos"},"schema":{"@context":"https:\/\/schema.org","@graph":[{"@type":"Organization","@id":"https:\/\/bancariosdepiracicaba.com.br\/#organization","name":"Sindban","url":"https:\/\/bancariosdepiracicaba.com.br\/","sameAs":[],"logo":{"@type":"ImageObject","@id":"https:\/\/bancariosdepiracicaba.com.br\/#logo","inLanguage":"pt-BR","url":"https:\/\/site.bancariosdepiracicaba.com.br\/wp-content\/uploads\/2021\/04\/cropped-Asset-2.png","contentUrl":"https:\/\/site.bancariosdepiracicaba.com.br\/wp-content\/uploads\/2021\/04\/cropped-Asset-2.png","width":512,"height":512,"caption":"Sindban"},"image":{"@id":"https:\/\/bancariosdepiracicaba.com.br\/#logo"}},{"@type":"WebSite","@id":"https:\/\/bancariosdepiracicaba.com.br\/#website","url":"https:\/\/bancariosdepiracicaba.com.br\/","name":"Sindban","description":"Desenvolvimento","publisher":{"@id":"https:\/\/bancariosdepiracicaba.com.br\/#organization"},"potentialAction":[{"@type":"SearchAction","target":{"@type":"EntryPoint","urlTemplate":"https:\/\/bancariosdepiracicaba.com.br\/?s={search_term_string}"},"query-input":"required name=search_term_string"}],"inLanguage":"pt-BR"},{"@type":"WebPage","@id":"https:\/\/bancariosdepiracicaba.com.br\/?p=7627#webpage","url":"https:\/\/bancariosdepiracicaba.com.br\/?p=7627","name":"Sindicato dos Banc\u00e1rios apoia Chapa 6 - Unidade na Previ - Sindban","isPartOf":{"@id":"https:\/\/bancariosdepiracicaba.com.br\/#website"},"datePublished":"2021-07-23T20:43:37+00:00","dateModified":"2021-08-12T01:12:14+00:00","breadcrumb":{"@id":"https:\/\/bancariosdepiracicaba.com.br\/?p=7627#breadcrumb"},"inLanguage":"pt-BR","potentialAction":[{"@type":"ReadAction","target":["https:\/\/bancariosdepiracicaba.com.br\/?p=7627"]}]},{"@type":"BreadcrumbList","@id":"https:\/\/bancariosdepiracicaba.com.br\/?p=7627#breadcrumb","itemListElement":[{"@type":"ListItem","position":1,"name":"Home","item":"https:\/\/bancariosdepiracicaba.com.br\/"},{"@type":"ListItem","position":2,"name":"Sindicato dos Banc\u00e1rios apoia Chapa 6 &#8211; Unidade na Previ"}]},{"@type":"Article","@id":"https:\/\/bancariosdepiracicaba.com.br\/?p=7627#article","isPartOf":{"@id":"https:\/\/bancariosdepiracicaba.com.br\/?p=7627#webpage"},"author":{"@id":"https:\/\/bancariosdepiracicaba.com.br\/#\/schema\/person\/6a12c780fc145ea2c9af09989ee600b0"},"headline":"Sindicato dos Banc\u00e1rios apoia Chapa 6 &#8211; Unidade na Previ","datePublished":"2021-07-23T20:43:37+00:00","dateModified":"2021-08-12T01:12:14+00:00","mainEntityOfPage":{"@id":"https:\/\/bancariosdepiracicaba.com.br\/?p=7627#webpage"},"wordCount":1374,"commentCount":0,"publisher":{"@id":"https:\/\/bancariosdepiracicaba.com.br\/#organization"},"articleSection":["Elei\u00e7\u00e3o","Uncategorized"],"inLanguage":"pt-BR","potentialAction":[{"@type":"CommentAction","name":"Comment","target":["https:\/\/bancariosdepiracicaba.com.br\/?p=7627#respond"]}]},{"@type":"Person","@id":"https:\/\/bancariosdepiracicaba.com.br\/#\/schema\/person\/6a12c780fc145ea2c9af09989ee600b0","name":"admin","image":{"@type":"ImageObject","@id":"https:\/\/bancariosdepiracicaba.com.br\/#personlogo","inLanguage":"pt-BR","url":"https:\/\/secure.gravatar.com\/avatar\/3a05e74c6579e68209676cb5cb64e0918f288da7a49210fa18d6e9cac1189840?s=96&d=mm&r=g","contentUrl":"https:\/\/secure.gravatar.com\/avatar\/3a05e74c6579e68209676cb5cb64e0918f288da7a49210fa18d6e9cac1189840?s=96&d=mm&r=g","caption":"admin"},"sameAs":["https:\/\/site.bancariosdepiracicaba.com.br"],"url":"https:\/\/bancariosdepiracicaba.com.br\/?author=1"}]}},"_links":{"self":[{"href":"https:\/\/bancariosdepiracicaba.com.br\/index.php?rest_route=\/wp\/v2\/posts\/7627","targetHints":{"allow":["GET"]}}],"collection":[{"href":"https:\/\/bancariosdepiracicaba.com.br\/index.php?rest_route=\/wp\/v2\/posts"}],"about":[{"href":"https:\/\/bancariosdepiracicaba.com.br\/index.php?rest_route=\/wp\/v2\/types\/post"}],"author":[{"embeddable":true,"href":"https:\/\/bancariosdepiracicaba.com.br\/index.php?rest_route=\/wp\/v2\/users\/1"}],"replies":[{"embeddable":true,"href":"https:\/\/bancariosdepiracicaba.com.br\/index.php?rest_route=%2Fwp%2Fv2%2Fcomments&post=7627"}],"version-history":[{"count":1,"href":"https:\/\/bancariosdepiracicaba.com.br\/index.php?rest_route=\/wp\/v2\/posts\/7627\/revisions"}],"predecessor-version":[{"id":14480,"href":"https:\/\/bancariosdepiracicaba.com.br\/index.php?rest_route=\/wp\/v2\/posts\/7627\/revisions\/14480"}],"wp:attachment":[{"href":"https:\/\/bancariosdepiracicaba.com.br\/index.php?rest_route=%2Fwp%2Fv2%2Fmedia&parent=7627"}],"wp:term":[{"taxonomy":"category","embeddable":true,"href":"https:\/\/bancariosdepiracicaba.com.br\/index.php?rest_route=%2Fwp%2Fv2%2Fcategories&post=7627"},{"taxonomy":"post_tag","embeddable":true,"href":"https:\/\/bancariosdepiracicaba.com.br\/index.php?rest_route=%2Fwp%2Fv2%2Ftags&post=7627"}],"curies":[{"name":"wp","href":"https:\/\/api.w.org\/{rel}","templated":true}]}}