{"id":7623,"date":"2021-07-23T20:43:33","date_gmt":"2021-07-23T20:43:33","guid":{"rendered":"https:\/\/site.bancariosdepiracicaba.com.br\/2021\/07\/23\/25-obras-estao-na-110a-mostra-cultural-do-sindicato-dos-bancarios\/"},"modified":"2021-08-11T22:07:15","modified_gmt":"2021-08-12T01:07:15","slug":"25-obras-estao-na-110a-mostra-cultural-do-sindicato-dos-bancarios","status":"publish","type":"post","link":"https:\/\/bancariosdepiracicaba.com.br\/?p=7623","title":{"rendered":"25 obras est\u00e3o na 110\u00aa. Mostra Cultural do Sindicato dos Banc\u00e1rios"},"content":{"rendered":"<p>A exposi\u00e7\u00e3o Colorindo o T\u00fanel da Mem\u00f3ria 2012 foi aberta hoje, no Sindicato dos Banc\u00e1rios de Piracicaba e Regi\u00e3o.  O acervo conta com 25 quadros pintados pelos pacientes do Caps II (Centro de Atendimento Psicossocial), que participaram do evento de abertura. A mostra \u00e9 aberta ao p\u00fablico, de segunda a sexta, das 8h30 \u00e0s 17h30 e fica at\u00e9 o dia 31 de maio.<br \/>\nOs quadros pintados pelos artistas: Raniel Assis dos Santos, Carlos Alberto Hil\u00e1rio, Joceli dos Santos Matteucci, Alex Sandro Shiraga, Ivanildo Donizete de Farias, M\u00e1rcio Martins de Souza, Rosalina de Mello Vieira, Sim\u00e3o Bernardo da Costa e Virg \u00ednia Gimenez Galbo, contam com um colorido especial e com a sensibilidade que cada artista transportou para as telas.<br \/>\nEsta \u00e9 a segunda vez que os pacientes do Caps exp\u00f5em seus trabalhos no Sindicato dos Banc\u00e1rios. Para a psic\u00f3loga do Caps II Maribel Vazquez, a abertura desse espa\u00e7o \u00e9 muito importante para a socializa\u00e7\u00e3o desses pacientes.  \u201c;No Caps trabalhamos com a linha da n\u00e3o interna\u00e7\u00e3o, na tentativa da ressocializa\u00e7\u00e3o e do tratar direto com a comunidade e com a fam \u00edlia. H\u00e1 casos em que a interna\u00e7\u00e3o \u00e9 necess\u00e1ria, mas a chance de recupera\u00e7\u00e3o \u00e9 maior quando os pacientes permanecem em seu conv \u00edvio familiar \u201c;, explica.<br \/>\nUma das artistas, Rosalina Maria Mello Vieira, pintou quatro quadros para a exposi\u00e7\u00e3o. Para ela expor suas emo\u00e7\u00f5es nas telas \u00e9 uma forma de superar os momentos dif \u00edceis pelo qual passou.  \u201c;Coloco nas telas as vis\u00f5es que tinha quando estava em crise. No quadro Mandala, por exemplo, expresso meus medos e o momento que a vida sorriu de novo para mim \u201c;, salienta.<br \/>\nJ\u00e1 o artista Alex Sandro Shiraga exp\u00f4s o quadro pescaria. Para Alex, que come\u00e7ou a frequentar o Caps h\u00e1 um ano, a aula de pintura d\u00e1 a ele a sensa\u00e7\u00e3o de tranquilidade.  \u201c;Depois         que comecei a pintar e a participar do Caps minha vida mehorou muito \u201c;, salienta.<br \/>\nDe acordo com o presidente do Sindicato dos Banc\u00e1rios, Jos\u00e9 Antonio Fernandes Paiva, entidade sempre atuou de forma democr\u00e1tica para que todas as manifesta\u00e7\u00f5es art \u00edsticas possam ter a chance de expor seus trabalhos.  \u201c;Essa \u00e9 a segunda vez que o Caps exp\u00f5e os trabalhos no Sindicato, sendo que a primeira exposi\u00e7\u00e3o motivou um importante di\u00e1logo na C\u00e2mara de Vereadores em que se discutiu a forma como a sa\u00fade mental \u00e9 tratada pelo munic \u00edpio \u201c;.<br \/>\nH\u00e1 12 anos o Sindicato dos Banc\u00e1rios socializa o espa\u00e7o da sede para as manifesta\u00e7\u00f5es art \u00edsticas da cidade. De acordo com a diretora de cultura Sandra Oliva Stefanovitz, essa atitude \u00e9 uma forma de dar oportunidade aos artistas da cidade que n\u00e3o encontram locais para expor suas obras.  \u201c;Nosso sindicato \u00e9 aberto para a comunidade. Basta nos procurar que agendamos a exposi\u00e7\u00e3o \u201c;, disse. Sandra refor\u00e7ou ainda que a sede da entidade fica mais bonita e mais alegre quando promove exposi\u00e7\u00f5es.  \u201c;\u00e9 interessante imaginar o que o artista quis transmitir ao pintar um quadro e qual a mensagem que quer nos passar \u201c;, salienta.<br \/>\nCaps -; O CAPS II \u00e9 uma unidade de Sa\u00fade Mental de Piracicaba, que atende portadores adultos de sofrimentos ps \u00edquicos, que necessitam de atendimento intensivo. A unidade conta com uma equipe formada por m\u00e9dicos, psic\u00f3logos, assistente social, terapeutas ocupacionais, artista pl\u00e1stico e enfermeiros. H\u00e1 cadastrados mais de 8000 prontu\u00e1rios no servi\u00e7o, e aproximadamente 300 usu\u00e1rios frequentam o local semanalmente .<br \/>\nNa unidade s\u00e3o realizadas atividades terap\u00eauticas (art \u00edsticas, esportivas, musicais, corporais etc), al\u00e9m de passeios, festas e viagens programadas anualmente. O objetivo \u00e9 evitar a cronifica\u00e7\u00e3o de sintomas e a evolu\u00e7\u00e3o da doen\u00e7a, na busca da inclus\u00e3o social, do resgate da cidadania e da participa\u00e7\u00e3o na comunidade.<br \/>\nA Oficina de Pintura funciona desde 2009 dentro do Caps e oferece aos usu\u00e1rios que manifestam interesse e habilidade, uma chance de desenvolverem um trabalho art \u00edstico pr\u00f3prio. S\u00e3o pessoas que n\u00e3o frequentaram cursos de desenho e pintura, por\u00e9m com uma intensa capacidade criativa e necessidade\/vontade de produzir.<br \/>\nDia 18 de maio \u00e9 comemorado  o Dia da Luta Anti Manicomial, que simplificadamente significa comemorar que os sujeitos portadores de transtornos mentais possam tratar-se em equipamentos de sa\u00fade adequados as suas necessidades, possam ser vistos como cidad\u00e3os com capacidade produtiva, e n\u00e3o exclu \u00eddos socialmente.  <\/p>\n<p>Fernanda Moraes &#8211; MTB. 28535<br \/>\nAssessoria de Imprensa do Sindicato dos Banc\u00e1rios de Piracicaba e Regi\u00e3o<\/p>\n<p>Fone: (19) 3417- 1350 \/ 9171-7716<\/p>\n","protected":false},"excerpt":{"rendered":"<p>A exposi\u00e7\u00e3o Colorindo o T\u00fanel da Mem\u00f3ria 2012 foi aberta hoje, no Sindicato dos Banc\u00e1rios de Piracicaba e Regi\u00e3o. O acervo conta com 25 quadros pintados pelos pacientes do Caps II (Centro de Atendimento Psicossocial), que participaram do evento de abertura. A mostra \u00e9 aberta ao p\u00fablico, de segunda a sexta, das 8h30 \u00e0s 17h30 &hellip;<\/p>\n<p class=\"read-more\"> <a class=\"\" href=\"https:\/\/bancariosdepiracicaba.com.br\/?p=7623\"> <span class=\"screen-reader-text\">25 obras est\u00e3o na 110\u00aa. Mostra Cultural do Sindicato dos Banc\u00e1rios<\/span> Leia mais &raquo;<\/a><\/p>\n","protected":false},"author":1,"featured_media":0,"comment_status":"open","ping_status":"open","sticky":false,"template":"","format":"standard","meta":{"site-sidebar-layout":"default","site-content-layout":"default","ast-main-header-display":"","ast-hfb-above-header-display":"","ast-hfb-below-header-display":"","ast-hfb-mobile-header-display":"","site-post-title":"","ast-breadcrumbs-content":"","ast-featured-img":"","footer-sml-layout":"","theme-transparent-header-meta":"","adv-header-id-meta":"","stick-header-meta":"","header-above-stick-meta":"","header-main-stick-meta":"","header-below-stick-meta":"","footnotes":""},"categories":[48,1],"tags":[],"class_list":["post-7623","post","type-post","status-publish","format-standard","hentry","category-psicologo","category-uncategorized"],"yoast_head":"<!-- This site is optimized with the Yoast SEO Premium plugin v16.1 (Yoast SEO v18.0) - https:\/\/yoast.com\/wordpress\/plugins\/seo\/ -->\n<title>25 obras est\u00e3o na 110\u00aa. Mostra Cultural do Sindicato dos Banc\u00e1rios - Sindban<\/title>\n<meta name=\"robots\" content=\"index, follow, max-snippet:-1, max-image-preview:large, max-video-preview:-1\" \/>\n<link rel=\"canonical\" href=\"https:\/\/bancariosdepiracicaba.com.br\/?p=7623\" \/>\n<meta property=\"og:locale\" content=\"pt_BR\" \/>\n<meta property=\"og:type\" content=\"article\" \/>\n<meta property=\"og:title\" content=\"25 obras est\u00e3o na 110\u00aa. Mostra Cultural do Sindicato dos Banc\u00e1rios - Sindban\" \/>\n<meta property=\"og:description\" content=\"A exposi\u00e7\u00e3o Colorindo o T\u00fanel da Mem\u00f3ria 2012 foi aberta hoje, no Sindicato dos Banc\u00e1rios de Piracicaba e Regi\u00e3o. O acervo conta com 25 quadros pintados pelos pacientes do Caps II (Centro de Atendimento Psicossocial), que participaram do evento de abertura. A mostra \u00e9 aberta ao p\u00fablico, de segunda a sexta, das 8h30 \u00e0s 17h30 &hellip; 25 obras est\u00e3o na 110\u00aa. Mostra Cultural do Sindicato dos Banc\u00e1rios Leia mais &raquo;\" \/>\n<meta property=\"og:url\" content=\"https:\/\/bancariosdepiracicaba.com.br\/?p=7623\" \/>\n<meta property=\"og:site_name\" content=\"Sindban\" \/>\n<meta property=\"article:published_time\" content=\"2021-07-23T20:43:33+00:00\" \/>\n<meta property=\"article:modified_time\" content=\"2021-08-12T01:07:15+00:00\" \/>\n<meta name=\"twitter:card\" content=\"summary_large_image\" \/>\n<meta name=\"twitter:label1\" content=\"Escrito por\" \/>\n\t<meta name=\"twitter:data1\" content=\"admin\" \/>\n\t<meta name=\"twitter:label2\" content=\"Est. tempo de leitura\" \/>\n\t<meta name=\"twitter:data2\" content=\"4 minutos\" \/>\n<script type=\"application\/ld+json\" class=\"yoast-schema-graph\">{\"@context\":\"https:\/\/schema.org\",\"@graph\":[{\"@type\":\"Organization\",\"@id\":\"https:\/\/bancariosdepiracicaba.com.br\/#organization\",\"name\":\"Sindban\",\"url\":\"https:\/\/bancariosdepiracicaba.com.br\/\",\"sameAs\":[],\"logo\":{\"@type\":\"ImageObject\",\"@id\":\"https:\/\/bancariosdepiracicaba.com.br\/#logo\",\"inLanguage\":\"pt-BR\",\"url\":\"https:\/\/site.bancariosdepiracicaba.com.br\/wp-content\/uploads\/2021\/04\/cropped-Asset-2.png\",\"contentUrl\":\"https:\/\/site.bancariosdepiracicaba.com.br\/wp-content\/uploads\/2021\/04\/cropped-Asset-2.png\",\"width\":512,\"height\":512,\"caption\":\"Sindban\"},\"image\":{\"@id\":\"https:\/\/bancariosdepiracicaba.com.br\/#logo\"}},{\"@type\":\"WebSite\",\"@id\":\"https:\/\/bancariosdepiracicaba.com.br\/#website\",\"url\":\"https:\/\/bancariosdepiracicaba.com.br\/\",\"name\":\"Sindban\",\"description\":\"Desenvolvimento\",\"publisher\":{\"@id\":\"https:\/\/bancariosdepiracicaba.com.br\/#organization\"},\"potentialAction\":[{\"@type\":\"SearchAction\",\"target\":{\"@type\":\"EntryPoint\",\"urlTemplate\":\"https:\/\/bancariosdepiracicaba.com.br\/?s={search_term_string}\"},\"query-input\":\"required name=search_term_string\"}],\"inLanguage\":\"pt-BR\"},{\"@type\":\"WebPage\",\"@id\":\"https:\/\/bancariosdepiracicaba.com.br\/?p=7623#webpage\",\"url\":\"https:\/\/bancariosdepiracicaba.com.br\/?p=7623\",\"name\":\"25 obras est\u00e3o na 110\u00aa. Mostra Cultural do Sindicato dos Banc\u00e1rios - Sindban\",\"isPartOf\":{\"@id\":\"https:\/\/bancariosdepiracicaba.com.br\/#website\"},\"datePublished\":\"2021-07-23T20:43:33+00:00\",\"dateModified\":\"2021-08-12T01:07:15+00:00\",\"breadcrumb\":{\"@id\":\"https:\/\/bancariosdepiracicaba.com.br\/?p=7623#breadcrumb\"},\"inLanguage\":\"pt-BR\",\"potentialAction\":[{\"@type\":\"ReadAction\",\"target\":[\"https:\/\/bancariosdepiracicaba.com.br\/?p=7623\"]}]},{\"@type\":\"BreadcrumbList\",\"@id\":\"https:\/\/bancariosdepiracicaba.com.br\/?p=7623#breadcrumb\",\"itemListElement\":[{\"@type\":\"ListItem\",\"position\":1,\"name\":\"Home\",\"item\":\"https:\/\/bancariosdepiracicaba.com.br\/\"},{\"@type\":\"ListItem\",\"position\":2,\"name\":\"25 obras est\u00e3o na 110\u00aa. Mostra Cultural do Sindicato dos Banc\u00e1rios\"}]},{\"@type\":\"Article\",\"@id\":\"https:\/\/bancariosdepiracicaba.com.br\/?p=7623#article\",\"isPartOf\":{\"@id\":\"https:\/\/bancariosdepiracicaba.com.br\/?p=7623#webpage\"},\"author\":{\"@id\":\"https:\/\/bancariosdepiracicaba.com.br\/#\/schema\/person\/6a12c780fc145ea2c9af09989ee600b0\"},\"headline\":\"25 obras est\u00e3o na 110\u00aa. Mostra Cultural do Sindicato dos Banc\u00e1rios\",\"datePublished\":\"2021-07-23T20:43:33+00:00\",\"dateModified\":\"2021-08-12T01:07:15+00:00\",\"mainEntityOfPage\":{\"@id\":\"https:\/\/bancariosdepiracicaba.com.br\/?p=7623#webpage\"},\"wordCount\":769,\"commentCount\":0,\"publisher\":{\"@id\":\"https:\/\/bancariosdepiracicaba.com.br\/#organization\"},\"articleSection\":[\"Psic\u00f3logo\",\"Uncategorized\"],\"inLanguage\":\"pt-BR\",\"potentialAction\":[{\"@type\":\"CommentAction\",\"name\":\"Comment\",\"target\":[\"https:\/\/bancariosdepiracicaba.com.br\/?p=7623#respond\"]}]},{\"@type\":\"Person\",\"@id\":\"https:\/\/bancariosdepiracicaba.com.br\/#\/schema\/person\/6a12c780fc145ea2c9af09989ee600b0\",\"name\":\"admin\",\"image\":{\"@type\":\"ImageObject\",\"@id\":\"https:\/\/bancariosdepiracicaba.com.br\/#personlogo\",\"inLanguage\":\"pt-BR\",\"url\":\"https:\/\/secure.gravatar.com\/avatar\/3a05e74c6579e68209676cb5cb64e0918f288da7a49210fa18d6e9cac1189840?s=96&d=mm&r=g\",\"contentUrl\":\"https:\/\/secure.gravatar.com\/avatar\/3a05e74c6579e68209676cb5cb64e0918f288da7a49210fa18d6e9cac1189840?s=96&d=mm&r=g\",\"caption\":\"admin\"},\"sameAs\":[\"https:\/\/site.bancariosdepiracicaba.com.br\"],\"url\":\"https:\/\/bancariosdepiracicaba.com.br\/?author=1\"}]}<\/script>\n<!-- \/ Yoast SEO Premium plugin. -->","yoast_head_json":{"title":"25 obras est\u00e3o na 110\u00aa. Mostra Cultural do Sindicato dos Banc\u00e1rios - Sindban","robots":{"index":"index","follow":"follow","max-snippet":"max-snippet:-1","max-image-preview":"max-image-preview:large","max-video-preview":"max-video-preview:-1"},"canonical":"https:\/\/bancariosdepiracicaba.com.br\/?p=7623","og_locale":"pt_BR","og_type":"article","og_title":"25 obras est\u00e3o na 110\u00aa. Mostra Cultural do Sindicato dos Banc\u00e1rios - Sindban","og_description":"A exposi\u00e7\u00e3o Colorindo o T\u00fanel da Mem\u00f3ria 2012 foi aberta hoje, no Sindicato dos Banc\u00e1rios de Piracicaba e Regi\u00e3o. O acervo conta com 25 quadros pintados pelos pacientes do Caps II (Centro de Atendimento Psicossocial), que participaram do evento de abertura. A mostra \u00e9 aberta ao p\u00fablico, de segunda a sexta, das 8h30 \u00e0s 17h30 &hellip; 25 obras est\u00e3o na 110\u00aa. Mostra Cultural do Sindicato dos Banc\u00e1rios Leia mais &raquo;","og_url":"https:\/\/bancariosdepiracicaba.com.br\/?p=7623","og_site_name":"Sindban","article_published_time":"2021-07-23T20:43:33+00:00","article_modified_time":"2021-08-12T01:07:15+00:00","twitter_card":"summary_large_image","twitter_misc":{"Escrito por":"admin","Est. tempo de leitura":"4 minutos"},"schema":{"@context":"https:\/\/schema.org","@graph":[{"@type":"Organization","@id":"https:\/\/bancariosdepiracicaba.com.br\/#organization","name":"Sindban","url":"https:\/\/bancariosdepiracicaba.com.br\/","sameAs":[],"logo":{"@type":"ImageObject","@id":"https:\/\/bancariosdepiracicaba.com.br\/#logo","inLanguage":"pt-BR","url":"https:\/\/site.bancariosdepiracicaba.com.br\/wp-content\/uploads\/2021\/04\/cropped-Asset-2.png","contentUrl":"https:\/\/site.bancariosdepiracicaba.com.br\/wp-content\/uploads\/2021\/04\/cropped-Asset-2.png","width":512,"height":512,"caption":"Sindban"},"image":{"@id":"https:\/\/bancariosdepiracicaba.com.br\/#logo"}},{"@type":"WebSite","@id":"https:\/\/bancariosdepiracicaba.com.br\/#website","url":"https:\/\/bancariosdepiracicaba.com.br\/","name":"Sindban","description":"Desenvolvimento","publisher":{"@id":"https:\/\/bancariosdepiracicaba.com.br\/#organization"},"potentialAction":[{"@type":"SearchAction","target":{"@type":"EntryPoint","urlTemplate":"https:\/\/bancariosdepiracicaba.com.br\/?s={search_term_string}"},"query-input":"required name=search_term_string"}],"inLanguage":"pt-BR"},{"@type":"WebPage","@id":"https:\/\/bancariosdepiracicaba.com.br\/?p=7623#webpage","url":"https:\/\/bancariosdepiracicaba.com.br\/?p=7623","name":"25 obras est\u00e3o na 110\u00aa. Mostra Cultural do Sindicato dos Banc\u00e1rios - Sindban","isPartOf":{"@id":"https:\/\/bancariosdepiracicaba.com.br\/#website"},"datePublished":"2021-07-23T20:43:33+00:00","dateModified":"2021-08-12T01:07:15+00:00","breadcrumb":{"@id":"https:\/\/bancariosdepiracicaba.com.br\/?p=7623#breadcrumb"},"inLanguage":"pt-BR","potentialAction":[{"@type":"ReadAction","target":["https:\/\/bancariosdepiracicaba.com.br\/?p=7623"]}]},{"@type":"BreadcrumbList","@id":"https:\/\/bancariosdepiracicaba.com.br\/?p=7623#breadcrumb","itemListElement":[{"@type":"ListItem","position":1,"name":"Home","item":"https:\/\/bancariosdepiracicaba.com.br\/"},{"@type":"ListItem","position":2,"name":"25 obras est\u00e3o na 110\u00aa. Mostra Cultural do Sindicato dos Banc\u00e1rios"}]},{"@type":"Article","@id":"https:\/\/bancariosdepiracicaba.com.br\/?p=7623#article","isPartOf":{"@id":"https:\/\/bancariosdepiracicaba.com.br\/?p=7623#webpage"},"author":{"@id":"https:\/\/bancariosdepiracicaba.com.br\/#\/schema\/person\/6a12c780fc145ea2c9af09989ee600b0"},"headline":"25 obras est\u00e3o na 110\u00aa. Mostra Cultural do Sindicato dos Banc\u00e1rios","datePublished":"2021-07-23T20:43:33+00:00","dateModified":"2021-08-12T01:07:15+00:00","mainEntityOfPage":{"@id":"https:\/\/bancariosdepiracicaba.com.br\/?p=7623#webpage"},"wordCount":769,"commentCount":0,"publisher":{"@id":"https:\/\/bancariosdepiracicaba.com.br\/#organization"},"articleSection":["Psic\u00f3logo","Uncategorized"],"inLanguage":"pt-BR","potentialAction":[{"@type":"CommentAction","name":"Comment","target":["https:\/\/bancariosdepiracicaba.com.br\/?p=7623#respond"]}]},{"@type":"Person","@id":"https:\/\/bancariosdepiracicaba.com.br\/#\/schema\/person\/6a12c780fc145ea2c9af09989ee600b0","name":"admin","image":{"@type":"ImageObject","@id":"https:\/\/bancariosdepiracicaba.com.br\/#personlogo","inLanguage":"pt-BR","url":"https:\/\/secure.gravatar.com\/avatar\/3a05e74c6579e68209676cb5cb64e0918f288da7a49210fa18d6e9cac1189840?s=96&d=mm&r=g","contentUrl":"https:\/\/secure.gravatar.com\/avatar\/3a05e74c6579e68209676cb5cb64e0918f288da7a49210fa18d6e9cac1189840?s=96&d=mm&r=g","caption":"admin"},"sameAs":["https:\/\/site.bancariosdepiracicaba.com.br"],"url":"https:\/\/bancariosdepiracicaba.com.br\/?author=1"}]}},"_links":{"self":[{"href":"https:\/\/bancariosdepiracicaba.com.br\/index.php?rest_route=\/wp\/v2\/posts\/7623","targetHints":{"allow":["GET"]}}],"collection":[{"href":"https:\/\/bancariosdepiracicaba.com.br\/index.php?rest_route=\/wp\/v2\/posts"}],"about":[{"href":"https:\/\/bancariosdepiracicaba.com.br\/index.php?rest_route=\/wp\/v2\/types\/post"}],"author":[{"embeddable":true,"href":"https:\/\/bancariosdepiracicaba.com.br\/index.php?rest_route=\/wp\/v2\/users\/1"}],"replies":[{"embeddable":true,"href":"https:\/\/bancariosdepiracicaba.com.br\/index.php?rest_route=%2Fwp%2Fv2%2Fcomments&post=7623"}],"version-history":[{"count":1,"href":"https:\/\/bancariosdepiracicaba.com.br\/index.php?rest_route=\/wp\/v2\/posts\/7623\/revisions"}],"predecessor-version":[{"id":14384,"href":"https:\/\/bancariosdepiracicaba.com.br\/index.php?rest_route=\/wp\/v2\/posts\/7623\/revisions\/14384"}],"wp:attachment":[{"href":"https:\/\/bancariosdepiracicaba.com.br\/index.php?rest_route=%2Fwp%2Fv2%2Fmedia&parent=7623"}],"wp:term":[{"taxonomy":"category","embeddable":true,"href":"https:\/\/bancariosdepiracicaba.com.br\/index.php?rest_route=%2Fwp%2Fv2%2Fcategories&post=7623"},{"taxonomy":"post_tag","embeddable":true,"href":"https:\/\/bancariosdepiracicaba.com.br\/index.php?rest_route=%2Fwp%2Fv2%2Ftags&post=7623"}],"curies":[{"name":"wp","href":"https:\/\/api.w.org\/{rel}","templated":true}]}}