{"id":7614,"date":"2021-07-23T20:43:20","date_gmt":"2021-07-23T20:43:20","guid":{"rendered":"https:\/\/site.bancariosdepiracicaba.com.br\/2021\/07\/23\/fator-previdenciario-pode-entrar-na-pauta-da-camara-nesta-semana\/"},"modified":"2021-08-11T22:00:03","modified_gmt":"2021-08-12T01:00:03","slug":"fator-previdenciario-pode-entrar-na-pauta-da-camara-nesta-semana","status":"publish","type":"post","link":"https:\/\/bancariosdepiracicaba.com.br\/?p=7614","title":{"rendered":"Fator previdenci\u00e1rio pode entrar na pauta da C\u00e2mara nesta semana"},"content":{"rendered":"<p>A C\u00e2mara dos Deputados pode votar nesta semana uma alternativa ao fator previdenci\u00e1rio, regra segundo a qual o trabalhador que se aposenta antes da idade m \u00ednima recebe proporcionalmente menos na aposentadoria. O fator tamb\u00e9m leva em conta o tempo e a al \u00edquota de contribui\u00e7\u00e3o para a Previd\u00eancia, e a expectativa de vida da popula\u00e7\u00e3o brasileira.<br \/>\nA C\u00e2mara de Negocia\u00e7\u00e3o sobre Desenvolvimento Econ\u00f4mico e Social, grupo criado na C\u00e2mara para discutir propostas de interesse de trabalhadores e empregadores, chegou a um consenso sobre o tema. O grupo defende a vota\u00e7\u00e3o nos pr\u00f3ximos dias de uma emenda que substitui o Projeto de Lei 3299\/08, do Senado.<br \/>\nA urg\u00eancia da mat\u00e9ria foi aprovada na semana passada e teve o aval do presidente da C\u00e2mara, Marco Maia, ainda que ele n\u00e3o tenha se comprometido a colocar a proposta em vota\u00e7\u00e3o sem um acordo com o governo. &#8220;Queremos que essa urg\u00eancia sirva de est \u00edmulo para a negocia\u00e7\u00e3o, porque se n\u00e3o tocarmos no assunto n\u00e3o sai um acordo, nem uma regra mais justa para os trabalhadores&#8221;, declarou.<br \/>\nNova op\u00e7\u00e3o<br \/>\nO texto a ser votado mant\u00e9m o fator previdenci\u00e1rio, mas cria uma alternativa ao trabalhador: a soma da idade com o tempo de contribui\u00e7\u00e3o. Seriam 85 anos para mulheres, e 95 para homens. Para cada ano que faltar nessa soma, o aposentado perderia 2% de seu benef \u00edcio.<br \/>\nDessa forma, um homem que comece a trabalhar e contribuir para a previd\u00eancia aos 18 anos poder\u00e1 se aposentar antes aos 57 anos, sem redu\u00e7\u00e3o, se tiver contribu \u00eddo por todo esse tempo. \u00e9 um ganho para o trabalhador.<br \/>\nPela proposta, o trabalhador poder\u00e1 escolher entre o fator previdenci\u00e1rio e a nova regra, que busca retirar a expectativa de vida da equa\u00e7\u00e3o e lidar com duas cr \u00edticas \u00e0 base de c\u00e1lculo em vigor. A primeira delas \u00e9 que o fator penaliza quem come\u00e7a a trabalhar muito cedo, geralmente a parte mais pobre da popula\u00e7\u00e3o, e a outra \u00e9 que o mecanismo n\u00e3o impediu que empregados se aposentassem mais cedo, como o governo admitiu em audi\u00eancia na C\u00e2mara.<br \/>\nPor isso mesmo, o grupo prop\u00f4s um est \u00edmulo para quem continuar trabalhando, 2% a mais no benef \u00edcio para cada ano de contribui\u00e7\u00e3o extra. Em qualquer hip\u00f3tese, ser\u00e1 necess\u00e1rio o cumprimento de um dos requisitos para a aposentadoria: 30 anos de contribui\u00e7\u00e3o ou 60 anos de idade para mulheres e 35 de contribui\u00e7\u00e3o ou 65 de idade para homens.<br \/>\nProte\u00e7\u00e3o ao trabalhador<br \/>\nO grupo tamb\u00e9m chegou a um consenso de que o trabalhador que est\u00e1 a menos de um ano de se aposentar, por idade ou contribui\u00e7\u00e3o, precisa de uma prote\u00e7\u00e3o. O texto prev\u00ea a obrigatoriedade de o empregador pagar a contribui\u00e7\u00e3o previdenci\u00e1ria do oper\u00e1rio pelos meses que faltam, caso venha a demiti-lo.<br \/>\nFalta definir apenas um ponto nas negocia\u00e7\u00f5es, em quantas parcelas seria feito esse pagamento. De uma \u00fanica vez, como querem os trabalhadores, ou em 12 parcelas, como querem os empregadores. Ademir Camilo acredita que a proposta final seja intermedi\u00e1ria. <\/p>\n<p>Reforma<br \/>\nNa opini\u00e3o do deputado Jorge Corte Real (PTB-PE), que foi o relator do tema como representante dos empres\u00e1rios, o texto a ser votado ainda n\u00e3o \u00e9 o ideal, por\u00e9m foi o poss \u00edvel dentro das negocia\u00e7\u00f5es para resolver as pend\u00eancias do fator previdenci\u00e1rio.<br \/>\n&#8220;O deficit da Previd\u00eancia continua a preocupar, e essa proposta n\u00e3o toca nisso. Precisamos de uma reforma mais ampla, mas enquanto ela n\u00e3o vem, pelo menos faremos uma regra mais justa para os trabalhadores&#8221;, disse.<br \/>\nFonte: Ag\u00eancia C\u00e2mara<\/p>\n","protected":false},"excerpt":{"rendered":"<p>A C\u00e2mara dos Deputados pode votar nesta semana uma alternativa ao fator previdenci\u00e1rio, regra segundo a qual o trabalhador que se aposenta antes da idade m \u00ednima recebe proporcionalmente menos na aposentadoria. O fator tamb\u00e9m leva em conta o tempo e a al \u00edquota de contribui\u00e7\u00e3o para a Previd\u00eancia, e a expectativa de vida da &hellip;<\/p>\n<p class=\"read-more\"> <a class=\"\" href=\"https:\/\/bancariosdepiracicaba.com.br\/?p=7614\"> <span class=\"screen-reader-text\">Fator previdenci\u00e1rio pode entrar na pauta da C\u00e2mara nesta semana<\/span> Leia mais &raquo;<\/a><\/p>\n","protected":false},"author":1,"featured_media":0,"comment_status":"open","ping_status":"open","sticky":false,"template":"","format":"standard","meta":{"site-sidebar-layout":"default","site-content-layout":"default","ast-main-header-display":"","ast-hfb-above-header-display":"","ast-hfb-below-header-display":"","ast-hfb-mobile-header-display":"","site-post-title":"","ast-breadcrumbs-content":"","ast-featured-img":"","footer-sml-layout":"","theme-transparent-header-meta":"","adv-header-id-meta":"","stick-header-meta":"","header-above-stick-meta":"","header-main-stick-meta":"","header-below-stick-meta":"","footnotes":""},"categories":[44,1],"tags":[],"class_list":["post-7614","post","type-post","status-publish","format-standard","hentry","category-mulher","category-uncategorized"],"yoast_head":"<!-- This site is optimized with the Yoast SEO Premium plugin v16.1 (Yoast SEO v18.0) - https:\/\/yoast.com\/wordpress\/plugins\/seo\/ -->\n<title>Fator previdenci\u00e1rio pode entrar na pauta da C\u00e2mara nesta semana - Sindban<\/title>\n<meta name=\"robots\" content=\"index, follow, max-snippet:-1, max-image-preview:large, max-video-preview:-1\" \/>\n<link rel=\"canonical\" href=\"https:\/\/bancariosdepiracicaba.com.br\/?p=7614\" \/>\n<meta property=\"og:locale\" content=\"pt_BR\" \/>\n<meta property=\"og:type\" content=\"article\" \/>\n<meta property=\"og:title\" content=\"Fator previdenci\u00e1rio pode entrar na pauta da C\u00e2mara nesta semana - Sindban\" \/>\n<meta property=\"og:description\" content=\"A C\u00e2mara dos Deputados pode votar nesta semana uma alternativa ao fator previdenci\u00e1rio, regra segundo a qual o trabalhador que se aposenta antes da idade m \u00ednima recebe proporcionalmente menos na aposentadoria. O fator tamb\u00e9m leva em conta o tempo e a al \u00edquota de contribui\u00e7\u00e3o para a Previd\u00eancia, e a expectativa de vida da &hellip; Fator previdenci\u00e1rio pode entrar na pauta da C\u00e2mara nesta semana Leia mais &raquo;\" \/>\n<meta property=\"og:url\" content=\"https:\/\/bancariosdepiracicaba.com.br\/?p=7614\" \/>\n<meta property=\"og:site_name\" content=\"Sindban\" \/>\n<meta property=\"article:published_time\" content=\"2021-07-23T20:43:20+00:00\" \/>\n<meta property=\"article:modified_time\" content=\"2021-08-12T01:00:03+00:00\" \/>\n<meta name=\"twitter:card\" content=\"summary_large_image\" \/>\n<meta name=\"twitter:label1\" content=\"Escrito por\" \/>\n\t<meta name=\"twitter:data1\" content=\"admin\" \/>\n\t<meta name=\"twitter:label2\" content=\"Est. tempo de leitura\" \/>\n\t<meta name=\"twitter:data2\" content=\"3 minutos\" \/>\n<script type=\"application\/ld+json\" class=\"yoast-schema-graph\">{\"@context\":\"https:\/\/schema.org\",\"@graph\":[{\"@type\":\"Organization\",\"@id\":\"https:\/\/bancariosdepiracicaba.com.br\/#organization\",\"name\":\"Sindban\",\"url\":\"https:\/\/bancariosdepiracicaba.com.br\/\",\"sameAs\":[],\"logo\":{\"@type\":\"ImageObject\",\"@id\":\"https:\/\/bancariosdepiracicaba.com.br\/#logo\",\"inLanguage\":\"pt-BR\",\"url\":\"https:\/\/site.bancariosdepiracicaba.com.br\/wp-content\/uploads\/2021\/04\/cropped-Asset-2.png\",\"contentUrl\":\"https:\/\/site.bancariosdepiracicaba.com.br\/wp-content\/uploads\/2021\/04\/cropped-Asset-2.png\",\"width\":512,\"height\":512,\"caption\":\"Sindban\"},\"image\":{\"@id\":\"https:\/\/bancariosdepiracicaba.com.br\/#logo\"}},{\"@type\":\"WebSite\",\"@id\":\"https:\/\/bancariosdepiracicaba.com.br\/#website\",\"url\":\"https:\/\/bancariosdepiracicaba.com.br\/\",\"name\":\"Sindban\",\"description\":\"Desenvolvimento\",\"publisher\":{\"@id\":\"https:\/\/bancariosdepiracicaba.com.br\/#organization\"},\"potentialAction\":[{\"@type\":\"SearchAction\",\"target\":{\"@type\":\"EntryPoint\",\"urlTemplate\":\"https:\/\/bancariosdepiracicaba.com.br\/?s={search_term_string}\"},\"query-input\":\"required name=search_term_string\"}],\"inLanguage\":\"pt-BR\"},{\"@type\":\"WebPage\",\"@id\":\"https:\/\/bancariosdepiracicaba.com.br\/?p=7614#webpage\",\"url\":\"https:\/\/bancariosdepiracicaba.com.br\/?p=7614\",\"name\":\"Fator previdenci\u00e1rio pode entrar na pauta da C\u00e2mara nesta semana - Sindban\",\"isPartOf\":{\"@id\":\"https:\/\/bancariosdepiracicaba.com.br\/#website\"},\"datePublished\":\"2021-07-23T20:43:20+00:00\",\"dateModified\":\"2021-08-12T01:00:03+00:00\",\"breadcrumb\":{\"@id\":\"https:\/\/bancariosdepiracicaba.com.br\/?p=7614#breadcrumb\"},\"inLanguage\":\"pt-BR\",\"potentialAction\":[{\"@type\":\"ReadAction\",\"target\":[\"https:\/\/bancariosdepiracicaba.com.br\/?p=7614\"]}]},{\"@type\":\"BreadcrumbList\",\"@id\":\"https:\/\/bancariosdepiracicaba.com.br\/?p=7614#breadcrumb\",\"itemListElement\":[{\"@type\":\"ListItem\",\"position\":1,\"name\":\"Home\",\"item\":\"https:\/\/bancariosdepiracicaba.com.br\/\"},{\"@type\":\"ListItem\",\"position\":2,\"name\":\"Fator previdenci\u00e1rio pode entrar na pauta da C\u00e2mara nesta semana\"}]},{\"@type\":\"Article\",\"@id\":\"https:\/\/bancariosdepiracicaba.com.br\/?p=7614#article\",\"isPartOf\":{\"@id\":\"https:\/\/bancariosdepiracicaba.com.br\/?p=7614#webpage\"},\"author\":{\"@id\":\"https:\/\/bancariosdepiracicaba.com.br\/#\/schema\/person\/6a12c780fc145ea2c9af09989ee600b0\"},\"headline\":\"Fator previdenci\u00e1rio pode entrar na pauta da C\u00e2mara nesta semana\",\"datePublished\":\"2021-07-23T20:43:20+00:00\",\"dateModified\":\"2021-08-12T01:00:03+00:00\",\"mainEntityOfPage\":{\"@id\":\"https:\/\/bancariosdepiracicaba.com.br\/?p=7614#webpage\"},\"wordCount\":634,\"commentCount\":0,\"publisher\":{\"@id\":\"https:\/\/bancariosdepiracicaba.com.br\/#organization\"},\"articleSection\":[\"Mulher\",\"Uncategorized\"],\"inLanguage\":\"pt-BR\",\"potentialAction\":[{\"@type\":\"CommentAction\",\"name\":\"Comment\",\"target\":[\"https:\/\/bancariosdepiracicaba.com.br\/?p=7614#respond\"]}]},{\"@type\":\"Person\",\"@id\":\"https:\/\/bancariosdepiracicaba.com.br\/#\/schema\/person\/6a12c780fc145ea2c9af09989ee600b0\",\"name\":\"admin\",\"image\":{\"@type\":\"ImageObject\",\"@id\":\"https:\/\/bancariosdepiracicaba.com.br\/#personlogo\",\"inLanguage\":\"pt-BR\",\"url\":\"https:\/\/secure.gravatar.com\/avatar\/3a05e74c6579e68209676cb5cb64e0918f288da7a49210fa18d6e9cac1189840?s=96&d=mm&r=g\",\"contentUrl\":\"https:\/\/secure.gravatar.com\/avatar\/3a05e74c6579e68209676cb5cb64e0918f288da7a49210fa18d6e9cac1189840?s=96&d=mm&r=g\",\"caption\":\"admin\"},\"sameAs\":[\"https:\/\/site.bancariosdepiracicaba.com.br\"],\"url\":\"https:\/\/bancariosdepiracicaba.com.br\/?author=1\"}]}<\/script>\n<!-- \/ Yoast SEO Premium plugin. -->","yoast_head_json":{"title":"Fator previdenci\u00e1rio pode entrar na pauta da C\u00e2mara nesta semana - Sindban","robots":{"index":"index","follow":"follow","max-snippet":"max-snippet:-1","max-image-preview":"max-image-preview:large","max-video-preview":"max-video-preview:-1"},"canonical":"https:\/\/bancariosdepiracicaba.com.br\/?p=7614","og_locale":"pt_BR","og_type":"article","og_title":"Fator previdenci\u00e1rio pode entrar na pauta da C\u00e2mara nesta semana - Sindban","og_description":"A C\u00e2mara dos Deputados pode votar nesta semana uma alternativa ao fator previdenci\u00e1rio, regra segundo a qual o trabalhador que se aposenta antes da idade m \u00ednima recebe proporcionalmente menos na aposentadoria. O fator tamb\u00e9m leva em conta o tempo e a al \u00edquota de contribui\u00e7\u00e3o para a Previd\u00eancia, e a expectativa de vida da &hellip; Fator previdenci\u00e1rio pode entrar na pauta da C\u00e2mara nesta semana Leia mais &raquo;","og_url":"https:\/\/bancariosdepiracicaba.com.br\/?p=7614","og_site_name":"Sindban","article_published_time":"2021-07-23T20:43:20+00:00","article_modified_time":"2021-08-12T01:00:03+00:00","twitter_card":"summary_large_image","twitter_misc":{"Escrito por":"admin","Est. tempo de leitura":"3 minutos"},"schema":{"@context":"https:\/\/schema.org","@graph":[{"@type":"Organization","@id":"https:\/\/bancariosdepiracicaba.com.br\/#organization","name":"Sindban","url":"https:\/\/bancariosdepiracicaba.com.br\/","sameAs":[],"logo":{"@type":"ImageObject","@id":"https:\/\/bancariosdepiracicaba.com.br\/#logo","inLanguage":"pt-BR","url":"https:\/\/site.bancariosdepiracicaba.com.br\/wp-content\/uploads\/2021\/04\/cropped-Asset-2.png","contentUrl":"https:\/\/site.bancariosdepiracicaba.com.br\/wp-content\/uploads\/2021\/04\/cropped-Asset-2.png","width":512,"height":512,"caption":"Sindban"},"image":{"@id":"https:\/\/bancariosdepiracicaba.com.br\/#logo"}},{"@type":"WebSite","@id":"https:\/\/bancariosdepiracicaba.com.br\/#website","url":"https:\/\/bancariosdepiracicaba.com.br\/","name":"Sindban","description":"Desenvolvimento","publisher":{"@id":"https:\/\/bancariosdepiracicaba.com.br\/#organization"},"potentialAction":[{"@type":"SearchAction","target":{"@type":"EntryPoint","urlTemplate":"https:\/\/bancariosdepiracicaba.com.br\/?s={search_term_string}"},"query-input":"required name=search_term_string"}],"inLanguage":"pt-BR"},{"@type":"WebPage","@id":"https:\/\/bancariosdepiracicaba.com.br\/?p=7614#webpage","url":"https:\/\/bancariosdepiracicaba.com.br\/?p=7614","name":"Fator previdenci\u00e1rio pode entrar na pauta da C\u00e2mara nesta semana - Sindban","isPartOf":{"@id":"https:\/\/bancariosdepiracicaba.com.br\/#website"},"datePublished":"2021-07-23T20:43:20+00:00","dateModified":"2021-08-12T01:00:03+00:00","breadcrumb":{"@id":"https:\/\/bancariosdepiracicaba.com.br\/?p=7614#breadcrumb"},"inLanguage":"pt-BR","potentialAction":[{"@type":"ReadAction","target":["https:\/\/bancariosdepiracicaba.com.br\/?p=7614"]}]},{"@type":"BreadcrumbList","@id":"https:\/\/bancariosdepiracicaba.com.br\/?p=7614#breadcrumb","itemListElement":[{"@type":"ListItem","position":1,"name":"Home","item":"https:\/\/bancariosdepiracicaba.com.br\/"},{"@type":"ListItem","position":2,"name":"Fator previdenci\u00e1rio pode entrar na pauta da C\u00e2mara nesta semana"}]},{"@type":"Article","@id":"https:\/\/bancariosdepiracicaba.com.br\/?p=7614#article","isPartOf":{"@id":"https:\/\/bancariosdepiracicaba.com.br\/?p=7614#webpage"},"author":{"@id":"https:\/\/bancariosdepiracicaba.com.br\/#\/schema\/person\/6a12c780fc145ea2c9af09989ee600b0"},"headline":"Fator previdenci\u00e1rio pode entrar na pauta da C\u00e2mara nesta semana","datePublished":"2021-07-23T20:43:20+00:00","dateModified":"2021-08-12T01:00:03+00:00","mainEntityOfPage":{"@id":"https:\/\/bancariosdepiracicaba.com.br\/?p=7614#webpage"},"wordCount":634,"commentCount":0,"publisher":{"@id":"https:\/\/bancariosdepiracicaba.com.br\/#organization"},"articleSection":["Mulher","Uncategorized"],"inLanguage":"pt-BR","potentialAction":[{"@type":"CommentAction","name":"Comment","target":["https:\/\/bancariosdepiracicaba.com.br\/?p=7614#respond"]}]},{"@type":"Person","@id":"https:\/\/bancariosdepiracicaba.com.br\/#\/schema\/person\/6a12c780fc145ea2c9af09989ee600b0","name":"admin","image":{"@type":"ImageObject","@id":"https:\/\/bancariosdepiracicaba.com.br\/#personlogo","inLanguage":"pt-BR","url":"https:\/\/secure.gravatar.com\/avatar\/3a05e74c6579e68209676cb5cb64e0918f288da7a49210fa18d6e9cac1189840?s=96&d=mm&r=g","contentUrl":"https:\/\/secure.gravatar.com\/avatar\/3a05e74c6579e68209676cb5cb64e0918f288da7a49210fa18d6e9cac1189840?s=96&d=mm&r=g","caption":"admin"},"sameAs":["https:\/\/site.bancariosdepiracicaba.com.br"],"url":"https:\/\/bancariosdepiracicaba.com.br\/?author=1"}]}},"_links":{"self":[{"href":"https:\/\/bancariosdepiracicaba.com.br\/index.php?rest_route=\/wp\/v2\/posts\/7614","targetHints":{"allow":["GET"]}}],"collection":[{"href":"https:\/\/bancariosdepiracicaba.com.br\/index.php?rest_route=\/wp\/v2\/posts"}],"about":[{"href":"https:\/\/bancariosdepiracicaba.com.br\/index.php?rest_route=\/wp\/v2\/types\/post"}],"author":[{"embeddable":true,"href":"https:\/\/bancariosdepiracicaba.com.br\/index.php?rest_route=\/wp\/v2\/users\/1"}],"replies":[{"embeddable":true,"href":"https:\/\/bancariosdepiracicaba.com.br\/index.php?rest_route=%2Fwp%2Fv2%2Fcomments&post=7614"}],"version-history":[{"count":1,"href":"https:\/\/bancariosdepiracicaba.com.br\/index.php?rest_route=\/wp\/v2\/posts\/7614\/revisions"}],"predecessor-version":[{"id":14294,"href":"https:\/\/bancariosdepiracicaba.com.br\/index.php?rest_route=\/wp\/v2\/posts\/7614\/revisions\/14294"}],"wp:attachment":[{"href":"https:\/\/bancariosdepiracicaba.com.br\/index.php?rest_route=%2Fwp%2Fv2%2Fmedia&parent=7614"}],"wp:term":[{"taxonomy":"category","embeddable":true,"href":"https:\/\/bancariosdepiracicaba.com.br\/index.php?rest_route=%2Fwp%2Fv2%2Fcategories&post=7614"},{"taxonomy":"post_tag","embeddable":true,"href":"https:\/\/bancariosdepiracicaba.com.br\/index.php?rest_route=%2Fwp%2Fv2%2Ftags&post=7614"}],"curies":[{"name":"wp","href":"https:\/\/api.w.org\/{rel}","templated":true}]}}