{"id":7612,"date":"2021-07-23T20:43:16","date_gmt":"2021-07-23T20:43:16","guid":{"rendered":"https:\/\/site.bancariosdepiracicaba.com.br\/2021\/07\/23\/presidente-do-sindicato-dos-bancarios-participa-da-posse-da-nova-diretoria-da-contraf-cut\/"},"modified":"2021-08-11T22:00:03","modified_gmt":"2021-08-12T01:00:03","slug":"presidente-do-sindicato-dos-bancarios-participa-da-posse-da-nova-diretoria-da-contraf-cut","status":"publish","type":"post","link":"https:\/\/bancariosdepiracicaba.com.br\/?p=7612","title":{"rendered":"Presidente do Sindicato dos Banc\u00e1rios participa da posse da nova diretoria da Contraf-Cut"},"content":{"rendered":"<p>O Espa\u00e7o Mans\u00e3o Hasbaya, no bairro Bela Vista, na capital paulista, foi o palco para a posse da nova diretoria da Contraf-Cut (Confedera\u00e7\u00e3o Nacional dos Trabalhadores no Ramo Financeiro), para o tri\u00eanio 2012\/2015. Carlos Cordeiro reeleito no cargo de presidente tomou posse, nesta sexta-feira, 4,  juntamente com os seus companheiros para dirigir a entidade.<br \/>\nDuas novas secretarias foram criadas nesta nova estrutura da Contraf-Cut, s\u00e3o as secretarias da Mulher e das Rela\u00e7\u00f5es de Trabalho.<br \/>\nEsteve presente tamb\u00e9m ao evento o deputado federal Ricardo Berzoini (PT), que foi o primeiro presidente da DNB-Cut (Departamento Nacional dos Banc\u00e1rios), que depois se tornou CNB-Cut (Confedera\u00e7\u00e3o Nacional dos Banc\u00e1rios).<br \/>\nO presidente do Sindicato dos Banc\u00e1rios de Piracicaba e regi\u00e3o e tamb\u00e9m vereador Jos\u00e9 Antonio Fernandes Paiva, fez a entrega dos Votos de Congratula\u00e7\u00f5es da C\u00e2mara de Vereadores de Piracicaba, ao presidente Carlos Cordeiro. O requerimento de congratula\u00e7\u00f5es de autoria de Paiva, foi votado na \u00faltima sess\u00e3o ordin\u00e1ria de quinta-feira, 3, e foi aprovado por unanimidade.<br \/>\nA diretoria empossada, foi eleita por unanimidade, no 3\u00ba Congresso da Contraf-Cut, realizado nos dias 30 de mar\u00e7o a 01 de abril deste ano, em Garulhos-SP.<br \/>\n \u201c;Quero parabenizar a diretoria da Contraf-Cut, em especial ao presidente reeleito Carlos Cordeiro, pelo dinamismo e compet\u00eancia que dirige a Contraf-Cut, por isso, a C\u00e2mara de Vereadores que representa a popula\u00e7\u00e3o de Piracicaba, votou e aprovou por unanimidade estes Votos de Congratula\u00e7\u00f5es pela posse desta nova diretoria \u201c;, declarou o presidente do Sindicato dos Banc\u00e1rios e vereador Jos\u00e9 Antonio Fernandes Paiva.<\/p>\n","protected":false},"excerpt":{"rendered":"<p>O Espa\u00e7o Mans\u00e3o Hasbaya, no bairro Bela Vista, na capital paulista, foi o palco para a posse da nova diretoria da Contraf-Cut (Confedera\u00e7\u00e3o Nacional dos Trabalhadores no Ramo Financeiro), para o tri\u00eanio 2012\/2015. Carlos Cordeiro reeleito no cargo de presidente tomou posse, nesta sexta-feira, 4, juntamente com os seus companheiros para dirigir a entidade. Duas &hellip;<\/p>\n<p class=\"read-more\"> <a class=\"\" href=\"https:\/\/bancariosdepiracicaba.com.br\/?p=7612\"> <span class=\"screen-reader-text\">Presidente do Sindicato dos Banc\u00e1rios participa da posse da nova diretoria da Contraf-Cut<\/span> Leia mais &raquo;<\/a><\/p>\n","protected":false},"author":1,"featured_media":0,"comment_status":"open","ping_status":"open","sticky":false,"template":"","format":"standard","meta":{"site-sidebar-layout":"default","site-content-layout":"default","ast-main-header-display":"","ast-hfb-above-header-display":"","ast-hfb-below-header-display":"","ast-hfb-mobile-header-display":"","site-post-title":"","ast-breadcrumbs-content":"","ast-featured-img":"","footer-sml-layout":"","theme-transparent-header-meta":"","adv-header-id-meta":"","stick-header-meta":"","header-above-stick-meta":"","header-main-stick-meta":"","header-below-stick-meta":"","footnotes":""},"categories":[44,1],"tags":[],"class_list":["post-7612","post","type-post","status-publish","format-standard","hentry","category-mulher","category-uncategorized"],"yoast_head":"<!-- This site is optimized with the Yoast SEO Premium plugin v16.1 (Yoast SEO v18.0) - https:\/\/yoast.com\/wordpress\/plugins\/seo\/ -->\n<title>Presidente do Sindicato dos Banc\u00e1rios participa da posse da nova diretoria da Contraf-Cut - Sindban<\/title>\n<meta name=\"robots\" content=\"index, follow, max-snippet:-1, max-image-preview:large, max-video-preview:-1\" \/>\n<link rel=\"canonical\" href=\"https:\/\/bancariosdepiracicaba.com.br\/?p=7612\" \/>\n<meta property=\"og:locale\" content=\"pt_BR\" \/>\n<meta property=\"og:type\" content=\"article\" \/>\n<meta property=\"og:title\" content=\"Presidente do Sindicato dos Banc\u00e1rios participa da posse da nova diretoria da Contraf-Cut - Sindban\" \/>\n<meta property=\"og:description\" content=\"O Espa\u00e7o Mans\u00e3o Hasbaya, no bairro Bela Vista, na capital paulista, foi o palco para a posse da nova diretoria da Contraf-Cut (Confedera\u00e7\u00e3o Nacional dos Trabalhadores no Ramo Financeiro), para o tri\u00eanio 2012\/2015. Carlos Cordeiro reeleito no cargo de presidente tomou posse, nesta sexta-feira, 4, juntamente com os seus companheiros para dirigir a entidade. Duas &hellip; Presidente do Sindicato dos Banc\u00e1rios participa da posse da nova diretoria da Contraf-Cut Leia mais &raquo;\" \/>\n<meta property=\"og:url\" content=\"https:\/\/bancariosdepiracicaba.com.br\/?p=7612\" \/>\n<meta property=\"og:site_name\" content=\"Sindban\" \/>\n<meta property=\"article:published_time\" content=\"2021-07-23T20:43:16+00:00\" \/>\n<meta property=\"article:modified_time\" content=\"2021-08-12T01:00:03+00:00\" \/>\n<meta name=\"twitter:card\" content=\"summary_large_image\" \/>\n<meta name=\"twitter:label1\" content=\"Escrito por\" \/>\n\t<meta name=\"twitter:data1\" content=\"admin\" \/>\n\t<meta name=\"twitter:label2\" content=\"Est. tempo de leitura\" \/>\n\t<meta name=\"twitter:data2\" content=\"1 minuto\" \/>\n<script type=\"application\/ld+json\" class=\"yoast-schema-graph\">{\"@context\":\"https:\/\/schema.org\",\"@graph\":[{\"@type\":\"Organization\",\"@id\":\"https:\/\/bancariosdepiracicaba.com.br\/#organization\",\"name\":\"Sindban\",\"url\":\"https:\/\/bancariosdepiracicaba.com.br\/\",\"sameAs\":[],\"logo\":{\"@type\":\"ImageObject\",\"@id\":\"https:\/\/bancariosdepiracicaba.com.br\/#logo\",\"inLanguage\":\"pt-BR\",\"url\":\"https:\/\/site.bancariosdepiracicaba.com.br\/wp-content\/uploads\/2021\/04\/cropped-Asset-2.png\",\"contentUrl\":\"https:\/\/site.bancariosdepiracicaba.com.br\/wp-content\/uploads\/2021\/04\/cropped-Asset-2.png\",\"width\":512,\"height\":512,\"caption\":\"Sindban\"},\"image\":{\"@id\":\"https:\/\/bancariosdepiracicaba.com.br\/#logo\"}},{\"@type\":\"WebSite\",\"@id\":\"https:\/\/bancariosdepiracicaba.com.br\/#website\",\"url\":\"https:\/\/bancariosdepiracicaba.com.br\/\",\"name\":\"Sindban\",\"description\":\"Desenvolvimento\",\"publisher\":{\"@id\":\"https:\/\/bancariosdepiracicaba.com.br\/#organization\"},\"potentialAction\":[{\"@type\":\"SearchAction\",\"target\":{\"@type\":\"EntryPoint\",\"urlTemplate\":\"https:\/\/bancariosdepiracicaba.com.br\/?s={search_term_string}\"},\"query-input\":\"required name=search_term_string\"}],\"inLanguage\":\"pt-BR\"},{\"@type\":\"WebPage\",\"@id\":\"https:\/\/bancariosdepiracicaba.com.br\/?p=7612#webpage\",\"url\":\"https:\/\/bancariosdepiracicaba.com.br\/?p=7612\",\"name\":\"Presidente do Sindicato dos Banc\u00e1rios participa da posse da nova diretoria da Contraf-Cut - Sindban\",\"isPartOf\":{\"@id\":\"https:\/\/bancariosdepiracicaba.com.br\/#website\"},\"datePublished\":\"2021-07-23T20:43:16+00:00\",\"dateModified\":\"2021-08-12T01:00:03+00:00\",\"breadcrumb\":{\"@id\":\"https:\/\/bancariosdepiracicaba.com.br\/?p=7612#breadcrumb\"},\"inLanguage\":\"pt-BR\",\"potentialAction\":[{\"@type\":\"ReadAction\",\"target\":[\"https:\/\/bancariosdepiracicaba.com.br\/?p=7612\"]}]},{\"@type\":\"BreadcrumbList\",\"@id\":\"https:\/\/bancariosdepiracicaba.com.br\/?p=7612#breadcrumb\",\"itemListElement\":[{\"@type\":\"ListItem\",\"position\":1,\"name\":\"Home\",\"item\":\"https:\/\/bancariosdepiracicaba.com.br\/\"},{\"@type\":\"ListItem\",\"position\":2,\"name\":\"Presidente do Sindicato dos Banc\u00e1rios participa da posse da nova diretoria da Contraf-Cut\"}]},{\"@type\":\"Article\",\"@id\":\"https:\/\/bancariosdepiracicaba.com.br\/?p=7612#article\",\"isPartOf\":{\"@id\":\"https:\/\/bancariosdepiracicaba.com.br\/?p=7612#webpage\"},\"author\":{\"@id\":\"https:\/\/bancariosdepiracicaba.com.br\/#\/schema\/person\/6a12c780fc145ea2c9af09989ee600b0\"},\"headline\":\"Presidente do Sindicato dos Banc\u00e1rios participa da posse da nova diretoria da Contraf-Cut\",\"datePublished\":\"2021-07-23T20:43:16+00:00\",\"dateModified\":\"2021-08-12T01:00:03+00:00\",\"mainEntityOfPage\":{\"@id\":\"https:\/\/bancariosdepiracicaba.com.br\/?p=7612#webpage\"},\"wordCount\":279,\"commentCount\":0,\"publisher\":{\"@id\":\"https:\/\/bancariosdepiracicaba.com.br\/#organization\"},\"articleSection\":[\"Mulher\",\"Uncategorized\"],\"inLanguage\":\"pt-BR\",\"potentialAction\":[{\"@type\":\"CommentAction\",\"name\":\"Comment\",\"target\":[\"https:\/\/bancariosdepiracicaba.com.br\/?p=7612#respond\"]}]},{\"@type\":\"Person\",\"@id\":\"https:\/\/bancariosdepiracicaba.com.br\/#\/schema\/person\/6a12c780fc145ea2c9af09989ee600b0\",\"name\":\"admin\",\"image\":{\"@type\":\"ImageObject\",\"@id\":\"https:\/\/bancariosdepiracicaba.com.br\/#personlogo\",\"inLanguage\":\"pt-BR\",\"url\":\"https:\/\/secure.gravatar.com\/avatar\/3a05e74c6579e68209676cb5cb64e0918f288da7a49210fa18d6e9cac1189840?s=96&d=mm&r=g\",\"contentUrl\":\"https:\/\/secure.gravatar.com\/avatar\/3a05e74c6579e68209676cb5cb64e0918f288da7a49210fa18d6e9cac1189840?s=96&d=mm&r=g\",\"caption\":\"admin\"},\"sameAs\":[\"https:\/\/site.bancariosdepiracicaba.com.br\"],\"url\":\"https:\/\/bancariosdepiracicaba.com.br\/?author=1\"}]}<\/script>\n<!-- \/ Yoast SEO Premium plugin. -->","yoast_head_json":{"title":"Presidente do Sindicato dos Banc\u00e1rios participa da posse da nova diretoria da Contraf-Cut - Sindban","robots":{"index":"index","follow":"follow","max-snippet":"max-snippet:-1","max-image-preview":"max-image-preview:large","max-video-preview":"max-video-preview:-1"},"canonical":"https:\/\/bancariosdepiracicaba.com.br\/?p=7612","og_locale":"pt_BR","og_type":"article","og_title":"Presidente do Sindicato dos Banc\u00e1rios participa da posse da nova diretoria da Contraf-Cut - Sindban","og_description":"O Espa\u00e7o Mans\u00e3o Hasbaya, no bairro Bela Vista, na capital paulista, foi o palco para a posse da nova diretoria da Contraf-Cut (Confedera\u00e7\u00e3o Nacional dos Trabalhadores no Ramo Financeiro), para o tri\u00eanio 2012\/2015. Carlos Cordeiro reeleito no cargo de presidente tomou posse, nesta sexta-feira, 4, juntamente com os seus companheiros para dirigir a entidade. Duas &hellip; Presidente do Sindicato dos Banc\u00e1rios participa da posse da nova diretoria da Contraf-Cut Leia mais &raquo;","og_url":"https:\/\/bancariosdepiracicaba.com.br\/?p=7612","og_site_name":"Sindban","article_published_time":"2021-07-23T20:43:16+00:00","article_modified_time":"2021-08-12T01:00:03+00:00","twitter_card":"summary_large_image","twitter_misc":{"Escrito por":"admin","Est. tempo de leitura":"1 minuto"},"schema":{"@context":"https:\/\/schema.org","@graph":[{"@type":"Organization","@id":"https:\/\/bancariosdepiracicaba.com.br\/#organization","name":"Sindban","url":"https:\/\/bancariosdepiracicaba.com.br\/","sameAs":[],"logo":{"@type":"ImageObject","@id":"https:\/\/bancariosdepiracicaba.com.br\/#logo","inLanguage":"pt-BR","url":"https:\/\/site.bancariosdepiracicaba.com.br\/wp-content\/uploads\/2021\/04\/cropped-Asset-2.png","contentUrl":"https:\/\/site.bancariosdepiracicaba.com.br\/wp-content\/uploads\/2021\/04\/cropped-Asset-2.png","width":512,"height":512,"caption":"Sindban"},"image":{"@id":"https:\/\/bancariosdepiracicaba.com.br\/#logo"}},{"@type":"WebSite","@id":"https:\/\/bancariosdepiracicaba.com.br\/#website","url":"https:\/\/bancariosdepiracicaba.com.br\/","name":"Sindban","description":"Desenvolvimento","publisher":{"@id":"https:\/\/bancariosdepiracicaba.com.br\/#organization"},"potentialAction":[{"@type":"SearchAction","target":{"@type":"EntryPoint","urlTemplate":"https:\/\/bancariosdepiracicaba.com.br\/?s={search_term_string}"},"query-input":"required name=search_term_string"}],"inLanguage":"pt-BR"},{"@type":"WebPage","@id":"https:\/\/bancariosdepiracicaba.com.br\/?p=7612#webpage","url":"https:\/\/bancariosdepiracicaba.com.br\/?p=7612","name":"Presidente do Sindicato dos Banc\u00e1rios participa da posse da nova diretoria da Contraf-Cut - Sindban","isPartOf":{"@id":"https:\/\/bancariosdepiracicaba.com.br\/#website"},"datePublished":"2021-07-23T20:43:16+00:00","dateModified":"2021-08-12T01:00:03+00:00","breadcrumb":{"@id":"https:\/\/bancariosdepiracicaba.com.br\/?p=7612#breadcrumb"},"inLanguage":"pt-BR","potentialAction":[{"@type":"ReadAction","target":["https:\/\/bancariosdepiracicaba.com.br\/?p=7612"]}]},{"@type":"BreadcrumbList","@id":"https:\/\/bancariosdepiracicaba.com.br\/?p=7612#breadcrumb","itemListElement":[{"@type":"ListItem","position":1,"name":"Home","item":"https:\/\/bancariosdepiracicaba.com.br\/"},{"@type":"ListItem","position":2,"name":"Presidente do Sindicato dos Banc\u00e1rios participa da posse da nova diretoria da Contraf-Cut"}]},{"@type":"Article","@id":"https:\/\/bancariosdepiracicaba.com.br\/?p=7612#article","isPartOf":{"@id":"https:\/\/bancariosdepiracicaba.com.br\/?p=7612#webpage"},"author":{"@id":"https:\/\/bancariosdepiracicaba.com.br\/#\/schema\/person\/6a12c780fc145ea2c9af09989ee600b0"},"headline":"Presidente do Sindicato dos Banc\u00e1rios participa da posse da nova diretoria da Contraf-Cut","datePublished":"2021-07-23T20:43:16+00:00","dateModified":"2021-08-12T01:00:03+00:00","mainEntityOfPage":{"@id":"https:\/\/bancariosdepiracicaba.com.br\/?p=7612#webpage"},"wordCount":279,"commentCount":0,"publisher":{"@id":"https:\/\/bancariosdepiracicaba.com.br\/#organization"},"articleSection":["Mulher","Uncategorized"],"inLanguage":"pt-BR","potentialAction":[{"@type":"CommentAction","name":"Comment","target":["https:\/\/bancariosdepiracicaba.com.br\/?p=7612#respond"]}]},{"@type":"Person","@id":"https:\/\/bancariosdepiracicaba.com.br\/#\/schema\/person\/6a12c780fc145ea2c9af09989ee600b0","name":"admin","image":{"@type":"ImageObject","@id":"https:\/\/bancariosdepiracicaba.com.br\/#personlogo","inLanguage":"pt-BR","url":"https:\/\/secure.gravatar.com\/avatar\/3a05e74c6579e68209676cb5cb64e0918f288da7a49210fa18d6e9cac1189840?s=96&d=mm&r=g","contentUrl":"https:\/\/secure.gravatar.com\/avatar\/3a05e74c6579e68209676cb5cb64e0918f288da7a49210fa18d6e9cac1189840?s=96&d=mm&r=g","caption":"admin"},"sameAs":["https:\/\/site.bancariosdepiracicaba.com.br"],"url":"https:\/\/bancariosdepiracicaba.com.br\/?author=1"}]}},"_links":{"self":[{"href":"https:\/\/bancariosdepiracicaba.com.br\/index.php?rest_route=\/wp\/v2\/posts\/7612","targetHints":{"allow":["GET"]}}],"collection":[{"href":"https:\/\/bancariosdepiracicaba.com.br\/index.php?rest_route=\/wp\/v2\/posts"}],"about":[{"href":"https:\/\/bancariosdepiracicaba.com.br\/index.php?rest_route=\/wp\/v2\/types\/post"}],"author":[{"embeddable":true,"href":"https:\/\/bancariosdepiracicaba.com.br\/index.php?rest_route=\/wp\/v2\/users\/1"}],"replies":[{"embeddable":true,"href":"https:\/\/bancariosdepiracicaba.com.br\/index.php?rest_route=%2Fwp%2Fv2%2Fcomments&post=7612"}],"version-history":[{"count":1,"href":"https:\/\/bancariosdepiracicaba.com.br\/index.php?rest_route=\/wp\/v2\/posts\/7612\/revisions"}],"predecessor-version":[{"id":14295,"href":"https:\/\/bancariosdepiracicaba.com.br\/index.php?rest_route=\/wp\/v2\/posts\/7612\/revisions\/14295"}],"wp:attachment":[{"href":"https:\/\/bancariosdepiracicaba.com.br\/index.php?rest_route=%2Fwp%2Fv2%2Fmedia&parent=7612"}],"wp:term":[{"taxonomy":"category","embeddable":true,"href":"https:\/\/bancariosdepiracicaba.com.br\/index.php?rest_route=%2Fwp%2Fv2%2Fcategories&post=7612"},{"taxonomy":"post_tag","embeddable":true,"href":"https:\/\/bancariosdepiracicaba.com.br\/index.php?rest_route=%2Fwp%2Fv2%2Ftags&post=7612"}],"curies":[{"name":"wp","href":"https:\/\/api.w.org\/{rel}","templated":true}]}}