{"id":7600,"date":"2021-07-23T20:43:01","date_gmt":"2021-07-23T20:43:01","guid":{"rendered":"https:\/\/site.bancariosdepiracicaba.com.br\/2021\/07\/23\/sindicato-dos-bancarios-participa-da-passeata-em-memoria-das-vitimas-em-acidentes-de-trabalho\/"},"modified":"2021-08-11T22:00:04","modified_gmt":"2021-08-12T01:00:04","slug":"sindicato-dos-bancarios-participa-da-passeata-em-memoria-das-vitimas-em-acidentes-de-trabalho","status":"publish","type":"post","link":"https:\/\/bancariosdepiracicaba.com.br\/?p=7600","title":{"rendered":"Sindicato dos Banc\u00e1rios participa da passeata em Mem\u00f3ria das V\u00edtimas em Acidentes de Trabalho"},"content":{"rendered":"<p>Reflex\u00e3o, conscientiza\u00e7\u00e3o, falta de pol \u00edtica p\u00fablica foram alguns adjetivos usados na manifesta\u00e7\u00e3o que ocorreu nesta sexta-feira, 27, pela manh\u00e3, em Mem\u00f3ria as V \u00edtimas de Acidentes de Trabalho. Representantes de 28 sindicatos que fazem parte do Conespi (Conselho de Entidades Sindicais de Piracicaba), no qual o Sindicato dos Banc\u00e1rios \u00e9 filiado, foram as ruas protestar contra o alto\u00edndice de acidentes de trabalho registrado nos \u00faltimos anos em Piracicaba. O ato come\u00e7ou em frente ao Mercado Municipal e terminou na concha ac\u00fastica da Pra\u00e7a Jos\u00e9 Bonif\u00e1cio, no centro da cidade.<br \/>\n                Somente nos quatro primeiros meses de 2012, j\u00e1 foram registrados 2.722 acidentes de trabalho em nossa cidade, quatro destes acidentes resultaram em morte de trabalhador. Os n\u00fameros s\u00e3o alarmantes, no gr\u00e1fico abaixo podemos verificar a evolu\u00e7\u00e3o destes n\u00fameros nos \u00faltimos oito anos.<\/p>\n<p>                Em dezembro de 2004, os n\u00fameros chegaram a 5.456 acidentes de trabalho, e a parti de ent\u00e3o os n\u00fameros s\u00f3 evolu \u00edram, chegando ao \u00e1pice em 2008, com 11.172 acidentes de trabalho. Em 2009 houve uma pequena queda, com 9.065 acidentes, mas em 2010 os n\u00fameros novamente aumentaram, chegando em 9.824 acidentes. No ano passado o CEREST (Centro de Refer\u00eancia na Sa\u00fade do Trabalhador) registrou 10.138 acidentes, o que significa um aumento de 85,8% se comparando aos n\u00fameros de acidentes em 2004, uma m\u00e9dia de 12, 25% ao ano.<br \/>\n                 \u201c;S\u00e3o n\u00fameros alt \u00edssimos, 10.138 acidentes em 2011, o que representa 845 acidentes por m\u00eas, 28 acidentes por dia, o que resulta em mais de acidente por hora em Piracicaba. \u00e9 preciso reduzir esta quantidade de acidentes de trabalho. Queremos o crescimento econ\u00f4mico da nossa cidade, mas \u00e9 necess\u00e1rio que haja pol \u00edtica p\u00fablica de preven\u00e7\u00e3o para que estes acidentes sejam reduzidos de uma forma consider\u00e1vel \u201c;, declarou o vereador e presidente do Sindicato dos Banc\u00e1rios de Piracicaba e regi\u00e3o, Jos\u00e9 Antonio Fernandes Paiva.<br \/>\nSETORES<br \/>\n                O setor que mais registrou acidentes de trabalho em 2011, foi da metalurgia com 22%, seguidos pelo com\u00e9rcio e constru\u00e7\u00e3o civil com 12%, logo em seguida com 10% aparecem os servi\u00e7os prestados por outras empresas e o setor de fabrica\u00e7\u00e3o de produtos aliment \u00edcios e bebidas. Os dados tamb\u00e9m nos mostram que os homens se acidentam com maior facilidade, 79% dos acidentes de trabalho acontecem com o universo masculino, enquanto que 21% os acidentes s\u00e3o com as mulheres.<br \/>\n                 \u201c;O processo de educa\u00e7\u00e3o de empregados e empregadores tem de ser no ambiente de trabalho. S\u00e3o medidas de preven\u00e7\u00e3o que n\u00e3o s\u00e3o dif \u00edceis de serem apresentadas para os trabalhadores, porque h\u00e1 possibilidade de obter recursos do governo federal, estadual e municipal para a\u00e7\u00f5es preventiva e educativa para redu\u00e7\u00e3o dos acidentes de trabalho \u201c;, enfatizou Paiva.<br \/>\nFotos: F\u00e1bio Teixeira<\/p>\n","protected":false},"excerpt":{"rendered":"<p>Reflex\u00e3o, conscientiza\u00e7\u00e3o, falta de pol \u00edtica p\u00fablica foram alguns adjetivos usados na manifesta\u00e7\u00e3o que ocorreu nesta sexta-feira, 27, pela manh\u00e3, em Mem\u00f3ria as V \u00edtimas de Acidentes de Trabalho. Representantes de 28 sindicatos que fazem parte do Conespi (Conselho de Entidades Sindicais de Piracicaba), no qual o Sindicato dos Banc\u00e1rios \u00e9 filiado, foram as ruas &hellip;<\/p>\n<p class=\"read-more\"> <a class=\"\" href=\"https:\/\/bancariosdepiracicaba.com.br\/?p=7600\"> <span class=\"screen-reader-text\">Sindicato dos Banc\u00e1rios participa da passeata em Mem\u00f3ria das V\u00edtimas em Acidentes de Trabalho<\/span> Leia mais &raquo;<\/a><\/p>\n","protected":false},"author":1,"featured_media":0,"comment_status":"open","ping_status":"open","sticky":false,"template":"","format":"standard","meta":{"site-sidebar-layout":"default","site-content-layout":"default","ast-main-header-display":"","ast-hfb-above-header-display":"","ast-hfb-below-header-display":"","ast-hfb-mobile-header-display":"","site-post-title":"","ast-breadcrumbs-content":"","ast-featured-img":"","footer-sml-layout":"","theme-transparent-header-meta":"","adv-header-id-meta":"","stick-header-meta":"","header-above-stick-meta":"","header-main-stick-meta":"","header-below-stick-meta":"","footnotes":""},"categories":[44,1],"tags":[],"class_list":["post-7600","post","type-post","status-publish","format-standard","hentry","category-mulher","category-uncategorized"],"yoast_head":"<!-- This site is optimized with the Yoast SEO Premium plugin v16.1 (Yoast SEO v18.0) - https:\/\/yoast.com\/wordpress\/plugins\/seo\/ -->\n<title>Sindicato dos Banc\u00e1rios participa da passeata em Mem\u00f3ria das V\u00edtimas em Acidentes de Trabalho - Sindban<\/title>\n<meta name=\"robots\" content=\"index, follow, max-snippet:-1, max-image-preview:large, max-video-preview:-1\" \/>\n<link rel=\"canonical\" href=\"https:\/\/bancariosdepiracicaba.com.br\/?p=7600\" \/>\n<meta property=\"og:locale\" content=\"pt_BR\" \/>\n<meta property=\"og:type\" content=\"article\" \/>\n<meta property=\"og:title\" content=\"Sindicato dos Banc\u00e1rios participa da passeata em Mem\u00f3ria das V\u00edtimas em Acidentes de Trabalho - Sindban\" \/>\n<meta property=\"og:description\" content=\"Reflex\u00e3o, conscientiza\u00e7\u00e3o, falta de pol \u00edtica p\u00fablica foram alguns adjetivos usados na manifesta\u00e7\u00e3o que ocorreu nesta sexta-feira, 27, pela manh\u00e3, em Mem\u00f3ria as V \u00edtimas de Acidentes de Trabalho. Representantes de 28 sindicatos que fazem parte do Conespi (Conselho de Entidades Sindicais de Piracicaba), no qual o Sindicato dos Banc\u00e1rios \u00e9 filiado, foram as ruas &hellip; Sindicato dos Banc\u00e1rios participa da passeata em Mem\u00f3ria das V\u00edtimas em Acidentes de Trabalho Leia mais &raquo;\" \/>\n<meta property=\"og:url\" content=\"https:\/\/bancariosdepiracicaba.com.br\/?p=7600\" \/>\n<meta property=\"og:site_name\" content=\"Sindban\" \/>\n<meta property=\"article:published_time\" content=\"2021-07-23T20:43:01+00:00\" \/>\n<meta property=\"article:modified_time\" content=\"2021-08-12T01:00:04+00:00\" \/>\n<meta name=\"twitter:card\" content=\"summary_large_image\" \/>\n<meta name=\"twitter:label1\" content=\"Escrito por\" \/>\n\t<meta name=\"twitter:data1\" content=\"admin\" \/>\n\t<meta name=\"twitter:label2\" content=\"Est. tempo de leitura\" \/>\n\t<meta name=\"twitter:data2\" content=\"2 minutos\" \/>\n<script type=\"application\/ld+json\" class=\"yoast-schema-graph\">{\"@context\":\"https:\/\/schema.org\",\"@graph\":[{\"@type\":\"Organization\",\"@id\":\"https:\/\/bancariosdepiracicaba.com.br\/#organization\",\"name\":\"Sindban\",\"url\":\"https:\/\/bancariosdepiracicaba.com.br\/\",\"sameAs\":[],\"logo\":{\"@type\":\"ImageObject\",\"@id\":\"https:\/\/bancariosdepiracicaba.com.br\/#logo\",\"inLanguage\":\"pt-BR\",\"url\":\"https:\/\/site.bancariosdepiracicaba.com.br\/wp-content\/uploads\/2021\/04\/cropped-Asset-2.png\",\"contentUrl\":\"https:\/\/site.bancariosdepiracicaba.com.br\/wp-content\/uploads\/2021\/04\/cropped-Asset-2.png\",\"width\":512,\"height\":512,\"caption\":\"Sindban\"},\"image\":{\"@id\":\"https:\/\/bancariosdepiracicaba.com.br\/#logo\"}},{\"@type\":\"WebSite\",\"@id\":\"https:\/\/bancariosdepiracicaba.com.br\/#website\",\"url\":\"https:\/\/bancariosdepiracicaba.com.br\/\",\"name\":\"Sindban\",\"description\":\"Desenvolvimento\",\"publisher\":{\"@id\":\"https:\/\/bancariosdepiracicaba.com.br\/#organization\"},\"potentialAction\":[{\"@type\":\"SearchAction\",\"target\":{\"@type\":\"EntryPoint\",\"urlTemplate\":\"https:\/\/bancariosdepiracicaba.com.br\/?s={search_term_string}\"},\"query-input\":\"required name=search_term_string\"}],\"inLanguage\":\"pt-BR\"},{\"@type\":\"WebPage\",\"@id\":\"https:\/\/bancariosdepiracicaba.com.br\/?p=7600#webpage\",\"url\":\"https:\/\/bancariosdepiracicaba.com.br\/?p=7600\",\"name\":\"Sindicato dos Banc\u00e1rios participa da passeata em Mem\u00f3ria das V\u00edtimas em Acidentes de Trabalho - Sindban\",\"isPartOf\":{\"@id\":\"https:\/\/bancariosdepiracicaba.com.br\/#website\"},\"datePublished\":\"2021-07-23T20:43:01+00:00\",\"dateModified\":\"2021-08-12T01:00:04+00:00\",\"breadcrumb\":{\"@id\":\"https:\/\/bancariosdepiracicaba.com.br\/?p=7600#breadcrumb\"},\"inLanguage\":\"pt-BR\",\"potentialAction\":[{\"@type\":\"ReadAction\",\"target\":[\"https:\/\/bancariosdepiracicaba.com.br\/?p=7600\"]}]},{\"@type\":\"BreadcrumbList\",\"@id\":\"https:\/\/bancariosdepiracicaba.com.br\/?p=7600#breadcrumb\",\"itemListElement\":[{\"@type\":\"ListItem\",\"position\":1,\"name\":\"Home\",\"item\":\"https:\/\/bancariosdepiracicaba.com.br\/\"},{\"@type\":\"ListItem\",\"position\":2,\"name\":\"Sindicato dos Banc\u00e1rios participa da passeata em Mem\u00f3ria das V\u00edtimas em Acidentes de Trabalho\"}]},{\"@type\":\"Article\",\"@id\":\"https:\/\/bancariosdepiracicaba.com.br\/?p=7600#article\",\"isPartOf\":{\"@id\":\"https:\/\/bancariosdepiracicaba.com.br\/?p=7600#webpage\"},\"author\":{\"@id\":\"https:\/\/bancariosdepiracicaba.com.br\/#\/schema\/person\/6a12c780fc145ea2c9af09989ee600b0\"},\"headline\":\"Sindicato dos Banc\u00e1rios participa da passeata em Mem\u00f3ria das V\u00edtimas em Acidentes de Trabalho\",\"datePublished\":\"2021-07-23T20:43:01+00:00\",\"dateModified\":\"2021-08-12T01:00:04+00:00\",\"mainEntityOfPage\":{\"@id\":\"https:\/\/bancariosdepiracicaba.com.br\/?p=7600#webpage\"},\"wordCount\":476,\"commentCount\":0,\"publisher\":{\"@id\":\"https:\/\/bancariosdepiracicaba.com.br\/#organization\"},\"articleSection\":[\"Mulher\",\"Uncategorized\"],\"inLanguage\":\"pt-BR\",\"potentialAction\":[{\"@type\":\"CommentAction\",\"name\":\"Comment\",\"target\":[\"https:\/\/bancariosdepiracicaba.com.br\/?p=7600#respond\"]}]},{\"@type\":\"Person\",\"@id\":\"https:\/\/bancariosdepiracicaba.com.br\/#\/schema\/person\/6a12c780fc145ea2c9af09989ee600b0\",\"name\":\"admin\",\"image\":{\"@type\":\"ImageObject\",\"@id\":\"https:\/\/bancariosdepiracicaba.com.br\/#personlogo\",\"inLanguage\":\"pt-BR\",\"url\":\"https:\/\/secure.gravatar.com\/avatar\/3a05e74c6579e68209676cb5cb64e0918f288da7a49210fa18d6e9cac1189840?s=96&d=mm&r=g\",\"contentUrl\":\"https:\/\/secure.gravatar.com\/avatar\/3a05e74c6579e68209676cb5cb64e0918f288da7a49210fa18d6e9cac1189840?s=96&d=mm&r=g\",\"caption\":\"admin\"},\"sameAs\":[\"https:\/\/site.bancariosdepiracicaba.com.br\"],\"url\":\"https:\/\/bancariosdepiracicaba.com.br\/?author=1\"}]}<\/script>\n<!-- \/ Yoast SEO Premium plugin. -->","yoast_head_json":{"title":"Sindicato dos Banc\u00e1rios participa da passeata em Mem\u00f3ria das V\u00edtimas em Acidentes de Trabalho - Sindban","robots":{"index":"index","follow":"follow","max-snippet":"max-snippet:-1","max-image-preview":"max-image-preview:large","max-video-preview":"max-video-preview:-1"},"canonical":"https:\/\/bancariosdepiracicaba.com.br\/?p=7600","og_locale":"pt_BR","og_type":"article","og_title":"Sindicato dos Banc\u00e1rios participa da passeata em Mem\u00f3ria das V\u00edtimas em Acidentes de Trabalho - Sindban","og_description":"Reflex\u00e3o, conscientiza\u00e7\u00e3o, falta de pol \u00edtica p\u00fablica foram alguns adjetivos usados na manifesta\u00e7\u00e3o que ocorreu nesta sexta-feira, 27, pela manh\u00e3, em Mem\u00f3ria as V \u00edtimas de Acidentes de Trabalho. Representantes de 28 sindicatos que fazem parte do Conespi (Conselho de Entidades Sindicais de Piracicaba), no qual o Sindicato dos Banc\u00e1rios \u00e9 filiado, foram as ruas &hellip; Sindicato dos Banc\u00e1rios participa da passeata em Mem\u00f3ria das V\u00edtimas em Acidentes de Trabalho Leia mais &raquo;","og_url":"https:\/\/bancariosdepiracicaba.com.br\/?p=7600","og_site_name":"Sindban","article_published_time":"2021-07-23T20:43:01+00:00","article_modified_time":"2021-08-12T01:00:04+00:00","twitter_card":"summary_large_image","twitter_misc":{"Escrito por":"admin","Est. tempo de leitura":"2 minutos"},"schema":{"@context":"https:\/\/schema.org","@graph":[{"@type":"Organization","@id":"https:\/\/bancariosdepiracicaba.com.br\/#organization","name":"Sindban","url":"https:\/\/bancariosdepiracicaba.com.br\/","sameAs":[],"logo":{"@type":"ImageObject","@id":"https:\/\/bancariosdepiracicaba.com.br\/#logo","inLanguage":"pt-BR","url":"https:\/\/site.bancariosdepiracicaba.com.br\/wp-content\/uploads\/2021\/04\/cropped-Asset-2.png","contentUrl":"https:\/\/site.bancariosdepiracicaba.com.br\/wp-content\/uploads\/2021\/04\/cropped-Asset-2.png","width":512,"height":512,"caption":"Sindban"},"image":{"@id":"https:\/\/bancariosdepiracicaba.com.br\/#logo"}},{"@type":"WebSite","@id":"https:\/\/bancariosdepiracicaba.com.br\/#website","url":"https:\/\/bancariosdepiracicaba.com.br\/","name":"Sindban","description":"Desenvolvimento","publisher":{"@id":"https:\/\/bancariosdepiracicaba.com.br\/#organization"},"potentialAction":[{"@type":"SearchAction","target":{"@type":"EntryPoint","urlTemplate":"https:\/\/bancariosdepiracicaba.com.br\/?s={search_term_string}"},"query-input":"required name=search_term_string"}],"inLanguage":"pt-BR"},{"@type":"WebPage","@id":"https:\/\/bancariosdepiracicaba.com.br\/?p=7600#webpage","url":"https:\/\/bancariosdepiracicaba.com.br\/?p=7600","name":"Sindicato dos Banc\u00e1rios participa da passeata em Mem\u00f3ria das V\u00edtimas em Acidentes de Trabalho - Sindban","isPartOf":{"@id":"https:\/\/bancariosdepiracicaba.com.br\/#website"},"datePublished":"2021-07-23T20:43:01+00:00","dateModified":"2021-08-12T01:00:04+00:00","breadcrumb":{"@id":"https:\/\/bancariosdepiracicaba.com.br\/?p=7600#breadcrumb"},"inLanguage":"pt-BR","potentialAction":[{"@type":"ReadAction","target":["https:\/\/bancariosdepiracicaba.com.br\/?p=7600"]}]},{"@type":"BreadcrumbList","@id":"https:\/\/bancariosdepiracicaba.com.br\/?p=7600#breadcrumb","itemListElement":[{"@type":"ListItem","position":1,"name":"Home","item":"https:\/\/bancariosdepiracicaba.com.br\/"},{"@type":"ListItem","position":2,"name":"Sindicato dos Banc\u00e1rios participa da passeata em Mem\u00f3ria das V\u00edtimas em Acidentes de Trabalho"}]},{"@type":"Article","@id":"https:\/\/bancariosdepiracicaba.com.br\/?p=7600#article","isPartOf":{"@id":"https:\/\/bancariosdepiracicaba.com.br\/?p=7600#webpage"},"author":{"@id":"https:\/\/bancariosdepiracicaba.com.br\/#\/schema\/person\/6a12c780fc145ea2c9af09989ee600b0"},"headline":"Sindicato dos Banc\u00e1rios participa da passeata em Mem\u00f3ria das V\u00edtimas em Acidentes de Trabalho","datePublished":"2021-07-23T20:43:01+00:00","dateModified":"2021-08-12T01:00:04+00:00","mainEntityOfPage":{"@id":"https:\/\/bancariosdepiracicaba.com.br\/?p=7600#webpage"},"wordCount":476,"commentCount":0,"publisher":{"@id":"https:\/\/bancariosdepiracicaba.com.br\/#organization"},"articleSection":["Mulher","Uncategorized"],"inLanguage":"pt-BR","potentialAction":[{"@type":"CommentAction","name":"Comment","target":["https:\/\/bancariosdepiracicaba.com.br\/?p=7600#respond"]}]},{"@type":"Person","@id":"https:\/\/bancariosdepiracicaba.com.br\/#\/schema\/person\/6a12c780fc145ea2c9af09989ee600b0","name":"admin","image":{"@type":"ImageObject","@id":"https:\/\/bancariosdepiracicaba.com.br\/#personlogo","inLanguage":"pt-BR","url":"https:\/\/secure.gravatar.com\/avatar\/3a05e74c6579e68209676cb5cb64e0918f288da7a49210fa18d6e9cac1189840?s=96&d=mm&r=g","contentUrl":"https:\/\/secure.gravatar.com\/avatar\/3a05e74c6579e68209676cb5cb64e0918f288da7a49210fa18d6e9cac1189840?s=96&d=mm&r=g","caption":"admin"},"sameAs":["https:\/\/site.bancariosdepiracicaba.com.br"],"url":"https:\/\/bancariosdepiracicaba.com.br\/?author=1"}]}},"_links":{"self":[{"href":"https:\/\/bancariosdepiracicaba.com.br\/index.php?rest_route=\/wp\/v2\/posts\/7600","targetHints":{"allow":["GET"]}}],"collection":[{"href":"https:\/\/bancariosdepiracicaba.com.br\/index.php?rest_route=\/wp\/v2\/posts"}],"about":[{"href":"https:\/\/bancariosdepiracicaba.com.br\/index.php?rest_route=\/wp\/v2\/types\/post"}],"author":[{"embeddable":true,"href":"https:\/\/bancariosdepiracicaba.com.br\/index.php?rest_route=\/wp\/v2\/users\/1"}],"replies":[{"embeddable":true,"href":"https:\/\/bancariosdepiracicaba.com.br\/index.php?rest_route=%2Fwp%2Fv2%2Fcomments&post=7600"}],"version-history":[{"count":1,"href":"https:\/\/bancariosdepiracicaba.com.br\/index.php?rest_route=\/wp\/v2\/posts\/7600\/revisions"}],"predecessor-version":[{"id":14297,"href":"https:\/\/bancariosdepiracicaba.com.br\/index.php?rest_route=\/wp\/v2\/posts\/7600\/revisions\/14297"}],"wp:attachment":[{"href":"https:\/\/bancariosdepiracicaba.com.br\/index.php?rest_route=%2Fwp%2Fv2%2Fmedia&parent=7600"}],"wp:term":[{"taxonomy":"category","embeddable":true,"href":"https:\/\/bancariosdepiracicaba.com.br\/index.php?rest_route=%2Fwp%2Fv2%2Fcategories&post=7600"},{"taxonomy":"post_tag","embeddable":true,"href":"https:\/\/bancariosdepiracicaba.com.br\/index.php?rest_route=%2Fwp%2Fv2%2Ftags&post=7600"}],"curies":[{"name":"wp","href":"https:\/\/api.w.org\/{rel}","templated":true}]}}