{"id":7589,"date":"2021-07-23T20:42:46","date_gmt":"2021-07-23T20:42:46","guid":{"rendered":"https:\/\/site.bancariosdepiracicaba.com.br\/2021\/07\/23\/paiva-toma-posse-como-vice-presidente-da-feebp-sp-ms\/"},"modified":"2021-08-11T22:12:15","modified_gmt":"2021-08-12T01:12:15","slug":"paiva-toma-posse-como-vice-presidente-da-feebp-sp-ms","status":"publish","type":"post","link":"https:\/\/bancariosdepiracicaba.com.br\/?p=7589","title":{"rendered":"Paiva toma posse como vice-presidente da FEEBP SP\/MS"},"content":{"rendered":"<p>O presidente do Sindicato dos Banc\u00e1rios de Piracicaba e regi\u00e3o, Jos\u00e9 Antonio Fernandes Paiva toma posse nesta sexta-feira, 20, como vice-presidente da Federa\u00e7\u00e3o dos Empregados em Estabelecimentos Banc\u00e1rios de S\u00e3o Paulo e Mato Grosso do Sul, o evento acontecer\u00e1 na capital paulista, na Casa de Portugal.<br \/>\n                A vice-presidente do Sindicato dos Banc\u00e1rios de Piracicaba e regi\u00e3o, \u00e2ngela Ulices Savian e Ricardo Novaes tamb\u00e9m tomam posse como diretores da FEEB-SP\/MS.<br \/>\n                A elei\u00e7\u00e3o da nova diretoria da FEEB-SP\/MS aconteceu no V Congresso da federa\u00e7\u00e3o que aconteceu no m\u00eas de maio, com a presen\u00e7a de 151 delegados representando os 23 sindicatos filiados \u00e0 entidade. Davi Zaia foi reeleito presidente da federa\u00e7\u00e3o, para o mandato 2012 a 2016.<br \/>\nVeja abaixo a diretoria eleita da FEEB-SP\/MS:<br \/>\nPresidente: David Zaia<br \/>\n1\u00ba Vice-Presidente: Arnaldo de Souza Benedetti<br \/>\n2\u00ba Vice-Presidente: Jos\u00e9 Antonio Fernandes Paiva<br \/>\n3\u00ba Vice-Presidente: Ed \u00edlson Aparecido da Silva Julian<br \/>\n1\u00ba Secret\u00e1rio: Jeferson Rubens Boava<br \/>\n2\u00ba Secret\u00e1rio: Reginaldo Louren\u00e7o Breda<br \/>\n1\u00ba Diretor Financeiro: Aparecido Donizete Roveroni<br \/>\n2\u00ba Diretor Financeiro: Jos\u00e9 Antonio Gamba<br \/>\n1\u00ba Diretor Administrativo: Jos\u00e9 Geraldo Fogolin<br \/>\n2\u00ba Diretor Administrativo: Julio C\u00e9sar Machado<br \/>\nDiretor de Imprensa: Edson Roberto dos Santos<br \/>\nDiretor de Forma\u00e7\u00e3o Sindical: Simone de Andrade Gerosa<br \/>\nDiretor Jur \u00eddico: Sidnei de Paula Corral<br \/>\nDiretor de Esportes e Cultura: Maria de Lourdes de Oliveira<br \/>\nDiretor de Sa\u00fade: Jo\u00e3o Analdo de Souza<\/p>\n<p>Conselho Fiscal &#8211; Efetivos<br \/>\nF\u00e9lix Antonio Afonso<br \/>\nAdilson Edno Galv\u00e3o de Fran\u00e7a<br \/>\nLauriberto Antonio Viganon<\/p>\n<p>Delegados Representantes junto a CONTEC &#8211; Efetivos<br \/>\nCarlos Roberto Achilles<br \/>\nErnesto Antonio da Silva<\/p>\n<p>Diretores Suplentes de Diretoria<br \/>\nMoacir Janu\u00e1rio Foga\u00e7a<br \/>\nJo\u00e3o Carlos Rodrigues Dias<br \/>\nJos\u00e9 Agostinho Colombo<br \/>\nHarley Vison\u00e1<br \/>\nThelma Regina G. Rocha Canisso<br \/>\nGeraldo Soares Santos<br \/>\nAfonso Lopes da Silva<br \/>\n\u00e2ngela Isabel Ulices Savian<br \/>\nEdemilson Aparecido Favaron<br \/>\nMaria Bartira Lemasson Naves da Silva<br \/>\nDejair Besson<br \/>\nJos\u00e9 Augusto Ribeiro<br \/>\nJose Renato Domingues Zamuner<br \/>\nPaulo Francisco da Silva<br \/>\nSidney Bastides<br \/>\nSergio Olivastro<br \/>\nMarcelo Baker<br \/>\nAntonio Carlos Macarr\u00e3o do Prado<br \/>\nEdilson Gonzaga da Silva<br \/>\nJos\u00e9 Carlos Rodrigues<br \/>\nEdyl Candido Dias<br \/>\nDevair Francisco Silva<br \/>\nLuiz Carlos Teixeira<br \/>\nNadia Maria Ponce Fontana<br \/>\nJos\u00e9 Cristiano Massoni Meibach<br \/>\nD\u00e9bora Ferreira Machado<br \/>\nAlberto Carlos Corniani<br \/>\nRicardo dos Santos Filho<br \/>\nNelson Costa Leite<br \/>\nRoseane Santos Aguiar Nomura<br \/>\nRicardo Novaes<br \/>\nLuiz Alexandre Marcondes Monteiro<br \/>\nJo\u00e3o Carlos de Faria<br \/>\nMaria Aparecida da Silva Altino<br \/>\nGustavo Moreno Frias<\/p>\n<p>Conselho Fiscal &#8211; Suplentes<br \/>\nJose Roberto A. Teixeira<br \/>\nJaqueline Bertanha Fini<br \/>\nAlcino Ferreira Neto<\/p>\n<p>Delegados Suplentes Junto \u00e0 Contec<br \/>\nArmando C\u00e9sar Ferreira dos Santos<br \/>\nAdenilson Donizeti Guiraldelli<\/p>\n","protected":false},"excerpt":{"rendered":"<p>O presidente do Sindicato dos Banc\u00e1rios de Piracicaba e regi\u00e3o, Jos\u00e9 Antonio Fernandes Paiva toma posse nesta sexta-feira, 20, como vice-presidente da Federa\u00e7\u00e3o dos Empregados em Estabelecimentos Banc\u00e1rios de S\u00e3o Paulo e Mato Grosso do Sul, o evento acontecer\u00e1 na capital paulista, na Casa de Portugal. A vice-presidente do Sindicato dos Banc\u00e1rios de Piracicaba e &hellip;<\/p>\n<p class=\"read-more\"> <a class=\"\" href=\"https:\/\/bancariosdepiracicaba.com.br\/?p=7589\"> <span class=\"screen-reader-text\">Paiva toma posse como vice-presidente da FEEBP SP\/MS<\/span> Leia mais &raquo;<\/a><\/p>\n","protected":false},"author":1,"featured_media":0,"comment_status":"open","ping_status":"open","sticky":false,"template":"","format":"standard","meta":{"site-sidebar-layout":"default","site-content-layout":"default","ast-main-header-display":"","ast-hfb-above-header-display":"","ast-hfb-below-header-display":"","ast-hfb-mobile-header-display":"","site-post-title":"","ast-breadcrumbs-content":"","ast-featured-img":"","footer-sml-layout":"","theme-transparent-header-meta":"","adv-header-id-meta":"","stick-header-meta":"","header-above-stick-meta":"","header-main-stick-meta":"","header-below-stick-meta":"","footnotes":""},"categories":[46,39,1],"tags":[],"class_list":["post-7589","post","type-post","status-publish","format-standard","hentry","category-eleicao","category-esporte","category-uncategorized"],"yoast_head":"<!-- This site is optimized with the Yoast SEO Premium plugin v16.1 (Yoast SEO v18.0) - https:\/\/yoast.com\/wordpress\/plugins\/seo\/ -->\n<title>Paiva toma posse como vice-presidente da FEEBP SP\/MS - Sindban<\/title>\n<meta name=\"robots\" content=\"index, follow, max-snippet:-1, max-image-preview:large, max-video-preview:-1\" \/>\n<link rel=\"canonical\" href=\"https:\/\/bancariosdepiracicaba.com.br\/?p=7589\" \/>\n<meta property=\"og:locale\" content=\"pt_BR\" \/>\n<meta property=\"og:type\" content=\"article\" \/>\n<meta property=\"og:title\" content=\"Paiva toma posse como vice-presidente da FEEBP SP\/MS - Sindban\" \/>\n<meta property=\"og:description\" content=\"O presidente do Sindicato dos Banc\u00e1rios de Piracicaba e regi\u00e3o, Jos\u00e9 Antonio Fernandes Paiva toma posse nesta sexta-feira, 20, como vice-presidente da Federa\u00e7\u00e3o dos Empregados em Estabelecimentos Banc\u00e1rios de S\u00e3o Paulo e Mato Grosso do Sul, o evento acontecer\u00e1 na capital paulista, na Casa de Portugal. A vice-presidente do Sindicato dos Banc\u00e1rios de Piracicaba e &hellip; Paiva toma posse como vice-presidente da FEEBP SP\/MS Leia mais &raquo;\" \/>\n<meta property=\"og:url\" content=\"https:\/\/bancariosdepiracicaba.com.br\/?p=7589\" \/>\n<meta property=\"og:site_name\" content=\"Sindban\" \/>\n<meta property=\"article:published_time\" content=\"2021-07-23T20:42:46+00:00\" \/>\n<meta property=\"article:modified_time\" content=\"2021-08-12T01:12:15+00:00\" \/>\n<meta name=\"twitter:card\" content=\"summary_large_image\" \/>\n<meta name=\"twitter:label1\" content=\"Escrito por\" \/>\n\t<meta name=\"twitter:data1\" content=\"admin\" \/>\n\t<meta name=\"twitter:label2\" content=\"Est. tempo de leitura\" \/>\n\t<meta name=\"twitter:data2\" content=\"2 minutos\" \/>\n<script type=\"application\/ld+json\" class=\"yoast-schema-graph\">{\"@context\":\"https:\/\/schema.org\",\"@graph\":[{\"@type\":\"Organization\",\"@id\":\"https:\/\/bancariosdepiracicaba.com.br\/#organization\",\"name\":\"Sindban\",\"url\":\"https:\/\/bancariosdepiracicaba.com.br\/\",\"sameAs\":[],\"logo\":{\"@type\":\"ImageObject\",\"@id\":\"https:\/\/bancariosdepiracicaba.com.br\/#logo\",\"inLanguage\":\"pt-BR\",\"url\":\"https:\/\/site.bancariosdepiracicaba.com.br\/wp-content\/uploads\/2021\/04\/cropped-Asset-2.png\",\"contentUrl\":\"https:\/\/site.bancariosdepiracicaba.com.br\/wp-content\/uploads\/2021\/04\/cropped-Asset-2.png\",\"width\":512,\"height\":512,\"caption\":\"Sindban\"},\"image\":{\"@id\":\"https:\/\/bancariosdepiracicaba.com.br\/#logo\"}},{\"@type\":\"WebSite\",\"@id\":\"https:\/\/bancariosdepiracicaba.com.br\/#website\",\"url\":\"https:\/\/bancariosdepiracicaba.com.br\/\",\"name\":\"Sindban\",\"description\":\"Desenvolvimento\",\"publisher\":{\"@id\":\"https:\/\/bancariosdepiracicaba.com.br\/#organization\"},\"potentialAction\":[{\"@type\":\"SearchAction\",\"target\":{\"@type\":\"EntryPoint\",\"urlTemplate\":\"https:\/\/bancariosdepiracicaba.com.br\/?s={search_term_string}\"},\"query-input\":\"required name=search_term_string\"}],\"inLanguage\":\"pt-BR\"},{\"@type\":\"WebPage\",\"@id\":\"https:\/\/bancariosdepiracicaba.com.br\/?p=7589#webpage\",\"url\":\"https:\/\/bancariosdepiracicaba.com.br\/?p=7589\",\"name\":\"Paiva toma posse como vice-presidente da FEEBP SP\/MS - Sindban\",\"isPartOf\":{\"@id\":\"https:\/\/bancariosdepiracicaba.com.br\/#website\"},\"datePublished\":\"2021-07-23T20:42:46+00:00\",\"dateModified\":\"2021-08-12T01:12:15+00:00\",\"breadcrumb\":{\"@id\":\"https:\/\/bancariosdepiracicaba.com.br\/?p=7589#breadcrumb\"},\"inLanguage\":\"pt-BR\",\"potentialAction\":[{\"@type\":\"ReadAction\",\"target\":[\"https:\/\/bancariosdepiracicaba.com.br\/?p=7589\"]}]},{\"@type\":\"BreadcrumbList\",\"@id\":\"https:\/\/bancariosdepiracicaba.com.br\/?p=7589#breadcrumb\",\"itemListElement\":[{\"@type\":\"ListItem\",\"position\":1,\"name\":\"Home\",\"item\":\"https:\/\/bancariosdepiracicaba.com.br\/\"},{\"@type\":\"ListItem\",\"position\":2,\"name\":\"Paiva toma posse como vice-presidente da FEEBP SP\/MS\"}]},{\"@type\":\"Article\",\"@id\":\"https:\/\/bancariosdepiracicaba.com.br\/?p=7589#article\",\"isPartOf\":{\"@id\":\"https:\/\/bancariosdepiracicaba.com.br\/?p=7589#webpage\"},\"author\":{\"@id\":\"https:\/\/bancariosdepiracicaba.com.br\/#\/schema\/person\/6a12c780fc145ea2c9af09989ee600b0\"},\"headline\":\"Paiva toma posse como vice-presidente da FEEBP SP\/MS\",\"datePublished\":\"2021-07-23T20:42:46+00:00\",\"dateModified\":\"2021-08-12T01:12:15+00:00\",\"mainEntityOfPage\":{\"@id\":\"https:\/\/bancariosdepiracicaba.com.br\/?p=7589#webpage\"},\"wordCount\":423,\"commentCount\":0,\"publisher\":{\"@id\":\"https:\/\/bancariosdepiracicaba.com.br\/#organization\"},\"articleSection\":[\"Elei\u00e7\u00e3o\",\"Esporte\",\"Uncategorized\"],\"inLanguage\":\"pt-BR\",\"potentialAction\":[{\"@type\":\"CommentAction\",\"name\":\"Comment\",\"target\":[\"https:\/\/bancariosdepiracicaba.com.br\/?p=7589#respond\"]}]},{\"@type\":\"Person\",\"@id\":\"https:\/\/bancariosdepiracicaba.com.br\/#\/schema\/person\/6a12c780fc145ea2c9af09989ee600b0\",\"name\":\"admin\",\"image\":{\"@type\":\"ImageObject\",\"@id\":\"https:\/\/bancariosdepiracicaba.com.br\/#personlogo\",\"inLanguage\":\"pt-BR\",\"url\":\"https:\/\/secure.gravatar.com\/avatar\/3a05e74c6579e68209676cb5cb64e0918f288da7a49210fa18d6e9cac1189840?s=96&d=mm&r=g\",\"contentUrl\":\"https:\/\/secure.gravatar.com\/avatar\/3a05e74c6579e68209676cb5cb64e0918f288da7a49210fa18d6e9cac1189840?s=96&d=mm&r=g\",\"caption\":\"admin\"},\"sameAs\":[\"https:\/\/site.bancariosdepiracicaba.com.br\"],\"url\":\"https:\/\/bancariosdepiracicaba.com.br\/?author=1\"}]}<\/script>\n<!-- \/ Yoast SEO Premium plugin. -->","yoast_head_json":{"title":"Paiva toma posse como vice-presidente da FEEBP SP\/MS - Sindban","robots":{"index":"index","follow":"follow","max-snippet":"max-snippet:-1","max-image-preview":"max-image-preview:large","max-video-preview":"max-video-preview:-1"},"canonical":"https:\/\/bancariosdepiracicaba.com.br\/?p=7589","og_locale":"pt_BR","og_type":"article","og_title":"Paiva toma posse como vice-presidente da FEEBP SP\/MS - Sindban","og_description":"O presidente do Sindicato dos Banc\u00e1rios de Piracicaba e regi\u00e3o, Jos\u00e9 Antonio Fernandes Paiva toma posse nesta sexta-feira, 20, como vice-presidente da Federa\u00e7\u00e3o dos Empregados em Estabelecimentos Banc\u00e1rios de S\u00e3o Paulo e Mato Grosso do Sul, o evento acontecer\u00e1 na capital paulista, na Casa de Portugal. A vice-presidente do Sindicato dos Banc\u00e1rios de Piracicaba e &hellip; Paiva toma posse como vice-presidente da FEEBP SP\/MS Leia mais &raquo;","og_url":"https:\/\/bancariosdepiracicaba.com.br\/?p=7589","og_site_name":"Sindban","article_published_time":"2021-07-23T20:42:46+00:00","article_modified_time":"2021-08-12T01:12:15+00:00","twitter_card":"summary_large_image","twitter_misc":{"Escrito por":"admin","Est. tempo de leitura":"2 minutos"},"schema":{"@context":"https:\/\/schema.org","@graph":[{"@type":"Organization","@id":"https:\/\/bancariosdepiracicaba.com.br\/#organization","name":"Sindban","url":"https:\/\/bancariosdepiracicaba.com.br\/","sameAs":[],"logo":{"@type":"ImageObject","@id":"https:\/\/bancariosdepiracicaba.com.br\/#logo","inLanguage":"pt-BR","url":"https:\/\/site.bancariosdepiracicaba.com.br\/wp-content\/uploads\/2021\/04\/cropped-Asset-2.png","contentUrl":"https:\/\/site.bancariosdepiracicaba.com.br\/wp-content\/uploads\/2021\/04\/cropped-Asset-2.png","width":512,"height":512,"caption":"Sindban"},"image":{"@id":"https:\/\/bancariosdepiracicaba.com.br\/#logo"}},{"@type":"WebSite","@id":"https:\/\/bancariosdepiracicaba.com.br\/#website","url":"https:\/\/bancariosdepiracicaba.com.br\/","name":"Sindban","description":"Desenvolvimento","publisher":{"@id":"https:\/\/bancariosdepiracicaba.com.br\/#organization"},"potentialAction":[{"@type":"SearchAction","target":{"@type":"EntryPoint","urlTemplate":"https:\/\/bancariosdepiracicaba.com.br\/?s={search_term_string}"},"query-input":"required name=search_term_string"}],"inLanguage":"pt-BR"},{"@type":"WebPage","@id":"https:\/\/bancariosdepiracicaba.com.br\/?p=7589#webpage","url":"https:\/\/bancariosdepiracicaba.com.br\/?p=7589","name":"Paiva toma posse como vice-presidente da FEEBP SP\/MS - Sindban","isPartOf":{"@id":"https:\/\/bancariosdepiracicaba.com.br\/#website"},"datePublished":"2021-07-23T20:42:46+00:00","dateModified":"2021-08-12T01:12:15+00:00","breadcrumb":{"@id":"https:\/\/bancariosdepiracicaba.com.br\/?p=7589#breadcrumb"},"inLanguage":"pt-BR","potentialAction":[{"@type":"ReadAction","target":["https:\/\/bancariosdepiracicaba.com.br\/?p=7589"]}]},{"@type":"BreadcrumbList","@id":"https:\/\/bancariosdepiracicaba.com.br\/?p=7589#breadcrumb","itemListElement":[{"@type":"ListItem","position":1,"name":"Home","item":"https:\/\/bancariosdepiracicaba.com.br\/"},{"@type":"ListItem","position":2,"name":"Paiva toma posse como vice-presidente da FEEBP SP\/MS"}]},{"@type":"Article","@id":"https:\/\/bancariosdepiracicaba.com.br\/?p=7589#article","isPartOf":{"@id":"https:\/\/bancariosdepiracicaba.com.br\/?p=7589#webpage"},"author":{"@id":"https:\/\/bancariosdepiracicaba.com.br\/#\/schema\/person\/6a12c780fc145ea2c9af09989ee600b0"},"headline":"Paiva toma posse como vice-presidente da FEEBP SP\/MS","datePublished":"2021-07-23T20:42:46+00:00","dateModified":"2021-08-12T01:12:15+00:00","mainEntityOfPage":{"@id":"https:\/\/bancariosdepiracicaba.com.br\/?p=7589#webpage"},"wordCount":423,"commentCount":0,"publisher":{"@id":"https:\/\/bancariosdepiracicaba.com.br\/#organization"},"articleSection":["Elei\u00e7\u00e3o","Esporte","Uncategorized"],"inLanguage":"pt-BR","potentialAction":[{"@type":"CommentAction","name":"Comment","target":["https:\/\/bancariosdepiracicaba.com.br\/?p=7589#respond"]}]},{"@type":"Person","@id":"https:\/\/bancariosdepiracicaba.com.br\/#\/schema\/person\/6a12c780fc145ea2c9af09989ee600b0","name":"admin","image":{"@type":"ImageObject","@id":"https:\/\/bancariosdepiracicaba.com.br\/#personlogo","inLanguage":"pt-BR","url":"https:\/\/secure.gravatar.com\/avatar\/3a05e74c6579e68209676cb5cb64e0918f288da7a49210fa18d6e9cac1189840?s=96&d=mm&r=g","contentUrl":"https:\/\/secure.gravatar.com\/avatar\/3a05e74c6579e68209676cb5cb64e0918f288da7a49210fa18d6e9cac1189840?s=96&d=mm&r=g","caption":"admin"},"sameAs":["https:\/\/site.bancariosdepiracicaba.com.br"],"url":"https:\/\/bancariosdepiracicaba.com.br\/?author=1"}]}},"_links":{"self":[{"href":"https:\/\/bancariosdepiracicaba.com.br\/index.php?rest_route=\/wp\/v2\/posts\/7589","targetHints":{"allow":["GET"]}}],"collection":[{"href":"https:\/\/bancariosdepiracicaba.com.br\/index.php?rest_route=\/wp\/v2\/posts"}],"about":[{"href":"https:\/\/bancariosdepiracicaba.com.br\/index.php?rest_route=\/wp\/v2\/types\/post"}],"author":[{"embeddable":true,"href":"https:\/\/bancariosdepiracicaba.com.br\/index.php?rest_route=\/wp\/v2\/users\/1"}],"replies":[{"embeddable":true,"href":"https:\/\/bancariosdepiracicaba.com.br\/index.php?rest_route=%2Fwp%2Fv2%2Fcomments&post=7589"}],"version-history":[{"count":1,"href":"https:\/\/bancariosdepiracicaba.com.br\/index.php?rest_route=\/wp\/v2\/posts\/7589\/revisions"}],"predecessor-version":[{"id":13944,"href":"https:\/\/bancariosdepiracicaba.com.br\/index.php?rest_route=\/wp\/v2\/posts\/7589\/revisions\/13944"}],"wp:attachment":[{"href":"https:\/\/bancariosdepiracicaba.com.br\/index.php?rest_route=%2Fwp%2Fv2%2Fmedia&parent=7589"}],"wp:term":[{"taxonomy":"category","embeddable":true,"href":"https:\/\/bancariosdepiracicaba.com.br\/index.php?rest_route=%2Fwp%2Fv2%2Fcategories&post=7589"},{"taxonomy":"post_tag","embeddable":true,"href":"https:\/\/bancariosdepiracicaba.com.br\/index.php?rest_route=%2Fwp%2Fv2%2Ftags&post=7589"}],"curies":[{"name":"wp","href":"https:\/\/api.w.org\/{rel}","templated":true}]}}