{"id":7496,"date":"2021-07-23T20:40:53","date_gmt":"2021-07-23T20:40:53","guid":{"rendered":"https:\/\/site.bancariosdepiracicaba.com.br\/2021\/07\/23\/viuva-de-ex-empregado-da-caixa-consegue-integracao-de-auxilio-alimentacao-a-pensao\/"},"modified":"2021-07-23T20:40:53","modified_gmt":"2021-07-23T20:40:53","slug":"viuva-de-ex-empregado-da-caixa-consegue-integracao-de-auxilio-alimentacao-a-pensao","status":"publish","type":"post","link":"https:\/\/bancariosdepiracicaba.com.br\/?p=7496","title":{"rendered":"Vi\u00fava de ex-empregado da Caixa consegue integra\u00e7\u00e3o de aux\u00edlio-alimenta\u00e7\u00e3o \u00e0 pens\u00e3o"},"content":{"rendered":"<p>Se, por meio de norma interna, a Caixa Econ\u00f4mica Federal institui o pagamento de aux \u00edlio-alimenta\u00e7\u00e3o de natureza salarial, alcan\u00e7ando inclusive aposentados, o benef \u00edcio se incorpora ao contrato de trabalho e n\u00e3o pode mais ser suprimido. A supress\u00e3o unilateral pelo empregador caracteriza altera\u00e7\u00e3o il \u00edcita do contrato de trabalho, vedada pelo artigo 468 da CLT. Altera\u00e7\u00f5es de regras somente podem atingir empregados contratados posteriormente, conforme disposto nas S\u00famulas 51 e 288 do TST. Com base nesses fundamentos, o juiz Paulo Gustavo de Amarante Mer\u00e7on, titular da 1&ordf; Vara do Trabalho de Divin\u00f3polis, reconheceu \u00e0 vi\u00fava de um ex-empregado da Caixa o direito de receber o aux \u00edlio-alimenta\u00e7\u00e3o juntamente com sua pens\u00e3o.<br \/>\nO marido da reclamante foi admitido pela Caixa Econ\u00f4mica Federal em 27\/4\/1981, como auxiliar de escrit\u00f3rio, vindo a falecer em 19\/6\/2009. Desde sua admiss\u00e3o, ele recebia mensalmente aux \u00edlio-alimenta\u00e7\u00e3o, institu \u00eddo por regulamento interno, que beneficiava inclusive aposentados. Apesar disso, a Caixa suspendeu o pagamento da parcela quando o marido da reclamante faleceu. As reclamadas, Caixa e Funcef, defenderam que o fornecimento do aux \u00edlio-alimenta\u00e7\u00e3o foi estabelecido como mera liberalidade e n\u00e3o decorreu de cl\u00e1usula do contrato de trabalho firmado com o marido da reclamante. Portanto, n\u00e3o houve altera\u00e7\u00e3o contratual. Segundo a tese das reclamadas, o aux \u00edlio-alimenta\u00e7\u00e3o possui natureza indenizat\u00f3ria e \u00e9 concedido apenas enquanto o empregado se encontra \u00e0 disposi\u00e7\u00e3o do empregador. O benef \u00edcio n\u00e3o \u00e9 devido ap\u00f3s a extin\u00e7\u00e3o do contrato de trabalho.<br \/>\nMas o julgador n\u00e3o concordou com esses argumentos e entendeu que o benef \u00edcio deve integrar a pens\u00e3o da vi\u00fava. O magistrado ponderou que, quando o marido da reclamante foi contratado, j\u00e1 existia norma interna mais ben\u00e9fica na Caixa que garantia o recebimento do aux \u00edlio alimenta\u00e7\u00e3o mesmo ap\u00f3s a aposentadoria. Segundo o juiz sentenciante, a parcela possui natureza salarial, nos termos da S\u00famula 241 do TST, pela qual, &#8220;o vale para refei\u00e7\u00e3o, fornecido por for\u00e7a do contrato de trabalho, tem car\u00e1ter salarial, integrando a remunera\u00e7\u00e3o do empregado, para todos os efeitos legais&#8221;. O magistrado acentuou que a supress\u00e3o n\u00e3o poderia alcan\u00e7ar contratos antigos, vigentes \u00e0 \u00e9poca da norma interna que criou o benef \u00edcio, caso do marido da reclamante. A supress\u00e3o do aux \u00edlio-alimenta\u00e7\u00e3o representou altera\u00e7\u00e3o lesiva.<br \/>\nO magistrado tamb\u00e9m rejeitou a alega\u00e7\u00e3o da Caixa de que teria seguido determina\u00e7\u00e3o do Minist\u00e9rio da Fazenda, ao qual \u00e9 subordinada. Para ele, isso em nada altera o direito da reclamante. Esse \u00e9 inclusive o teor da Orienta\u00e7\u00e3o Jurisprudencial Transit\u00f3ria 51, da SDI, do TST, que estabelece que a determina\u00e7\u00e3o do Minist\u00e9rio da Fazenda de supress\u00e3o do pagamento de aux \u00edlio alimenta\u00e7\u00e3o aos aposentados e pensionistas n\u00e3o atinge os ex-empregados que j\u00e1 o recebiam.<br \/>\nPor todas essas raz\u00f5es, o juiz decidiu declarar nulo o ato regulamentar da Caixa que suprimiu o aux \u00edlio-alimenta\u00e7\u00e3o da pens\u00e3o devida \u00e0 vi\u00fava do ex-funcion\u00e1rio. As reclamadas foram condenadas a pagar o benef \u00edcio desde a data do falecimento do empregado, nos mesmos valores e nos mesmos moldes pagos aos empregados da ativa, inclusive com integra\u00e7\u00e3o \u00e0 complementa\u00e7\u00e3o da pens\u00e3o da reclamante. As reclamadas recorreram, mas o Tribunal de Minas manteve o entendimento do juiz de 1\u00ba Grau.<br \/>\nFonte: Tribunal Regional do Trabalho<\/p>\n","protected":false},"excerpt":{"rendered":"<p>Se, por meio de norma interna, a Caixa Econ\u00f4mica Federal institui o pagamento de aux \u00edlio-alimenta\u00e7\u00e3o de natureza salarial, alcan\u00e7ando inclusive aposentados, o benef \u00edcio se incorpora ao contrato de trabalho e n\u00e3o pode mais ser suprimido. A supress\u00e3o unilateral pelo empregador caracteriza altera\u00e7\u00e3o il \u00edcita do contrato de trabalho, vedada pelo artigo 468 da &hellip;<\/p>\n<p class=\"read-more\"> <a class=\"\" href=\"https:\/\/bancariosdepiracicaba.com.br\/?p=7496\"> <span class=\"screen-reader-text\">Vi\u00fava de ex-empregado da Caixa consegue integra\u00e7\u00e3o de aux\u00edlio-alimenta\u00e7\u00e3o \u00e0 pens\u00e3o<\/span> Leia mais &raquo;<\/a><\/p>\n","protected":false},"author":1,"featured_media":0,"comment_status":"open","ping_status":"open","sticky":false,"template":"","format":"standard","meta":{"site-sidebar-layout":"default","site-content-layout":"default","ast-main-header-display":"","ast-hfb-above-header-display":"","ast-hfb-below-header-display":"","ast-hfb-mobile-header-display":"","site-post-title":"","ast-breadcrumbs-content":"","ast-featured-img":"","footer-sml-layout":"","theme-transparent-header-meta":"","adv-header-id-meta":"","stick-header-meta":"","header-above-stick-meta":"","header-main-stick-meta":"","header-below-stick-meta":"","footnotes":""},"categories":[1],"tags":[],"class_list":["post-7496","post","type-post","status-publish","format-standard","hentry","category-uncategorized"],"yoast_head":"<!-- This site is optimized with the Yoast SEO Premium plugin v16.1 (Yoast SEO v18.0) - https:\/\/yoast.com\/wordpress\/plugins\/seo\/ -->\n<title>Vi\u00fava de ex-empregado da Caixa consegue integra\u00e7\u00e3o de aux\u00edlio-alimenta\u00e7\u00e3o \u00e0 pens\u00e3o - Sindban<\/title>\n<meta name=\"robots\" content=\"index, follow, max-snippet:-1, max-image-preview:large, max-video-preview:-1\" \/>\n<link rel=\"canonical\" href=\"https:\/\/bancariosdepiracicaba.com.br\/?p=7496\" \/>\n<meta property=\"og:locale\" content=\"pt_BR\" \/>\n<meta property=\"og:type\" content=\"article\" \/>\n<meta property=\"og:title\" content=\"Vi\u00fava de ex-empregado da Caixa consegue integra\u00e7\u00e3o de aux\u00edlio-alimenta\u00e7\u00e3o \u00e0 pens\u00e3o - Sindban\" \/>\n<meta property=\"og:description\" content=\"Se, por meio de norma interna, a Caixa Econ\u00f4mica Federal institui o pagamento de aux \u00edlio-alimenta\u00e7\u00e3o de natureza salarial, alcan\u00e7ando inclusive aposentados, o benef \u00edcio se incorpora ao contrato de trabalho e n\u00e3o pode mais ser suprimido. A supress\u00e3o unilateral pelo empregador caracteriza altera\u00e7\u00e3o il \u00edcita do contrato de trabalho, vedada pelo artigo 468 da &hellip; Vi\u00fava de ex-empregado da Caixa consegue integra\u00e7\u00e3o de aux\u00edlio-alimenta\u00e7\u00e3o \u00e0 pens\u00e3o Leia mais &raquo;\" \/>\n<meta property=\"og:url\" content=\"https:\/\/bancariosdepiracicaba.com.br\/?p=7496\" \/>\n<meta property=\"og:site_name\" content=\"Sindban\" \/>\n<meta property=\"article:published_time\" content=\"2021-07-23T20:40:53+00:00\" \/>\n<meta name=\"twitter:card\" content=\"summary_large_image\" \/>\n<meta name=\"twitter:label1\" content=\"Escrito por\" \/>\n\t<meta name=\"twitter:data1\" content=\"admin\" \/>\n\t<meta name=\"twitter:label2\" content=\"Est. tempo de leitura\" \/>\n\t<meta name=\"twitter:data2\" content=\"3 minutos\" \/>\n<script type=\"application\/ld+json\" class=\"yoast-schema-graph\">{\"@context\":\"https:\/\/schema.org\",\"@graph\":[{\"@type\":\"Organization\",\"@id\":\"https:\/\/bancariosdepiracicaba.com.br\/#organization\",\"name\":\"Sindban\",\"url\":\"https:\/\/bancariosdepiracicaba.com.br\/\",\"sameAs\":[],\"logo\":{\"@type\":\"ImageObject\",\"@id\":\"https:\/\/bancariosdepiracicaba.com.br\/#logo\",\"inLanguage\":\"pt-BR\",\"url\":\"https:\/\/site.bancariosdepiracicaba.com.br\/wp-content\/uploads\/2021\/04\/cropped-Asset-2.png\",\"contentUrl\":\"https:\/\/site.bancariosdepiracicaba.com.br\/wp-content\/uploads\/2021\/04\/cropped-Asset-2.png\",\"width\":512,\"height\":512,\"caption\":\"Sindban\"},\"image\":{\"@id\":\"https:\/\/bancariosdepiracicaba.com.br\/#logo\"}},{\"@type\":\"WebSite\",\"@id\":\"https:\/\/bancariosdepiracicaba.com.br\/#website\",\"url\":\"https:\/\/bancariosdepiracicaba.com.br\/\",\"name\":\"Sindban\",\"description\":\"Desenvolvimento\",\"publisher\":{\"@id\":\"https:\/\/bancariosdepiracicaba.com.br\/#organization\"},\"potentialAction\":[{\"@type\":\"SearchAction\",\"target\":{\"@type\":\"EntryPoint\",\"urlTemplate\":\"https:\/\/bancariosdepiracicaba.com.br\/?s={search_term_string}\"},\"query-input\":\"required name=search_term_string\"}],\"inLanguage\":\"pt-BR\"},{\"@type\":\"WebPage\",\"@id\":\"https:\/\/bancariosdepiracicaba.com.br\/?p=7496#webpage\",\"url\":\"https:\/\/bancariosdepiracicaba.com.br\/?p=7496\",\"name\":\"Vi\u00fava de ex-empregado da Caixa consegue integra\u00e7\u00e3o de aux\u00edlio-alimenta\u00e7\u00e3o \u00e0 pens\u00e3o - Sindban\",\"isPartOf\":{\"@id\":\"https:\/\/bancariosdepiracicaba.com.br\/#website\"},\"datePublished\":\"2021-07-23T20:40:53+00:00\",\"dateModified\":\"2021-07-23T20:40:53+00:00\",\"breadcrumb\":{\"@id\":\"https:\/\/bancariosdepiracicaba.com.br\/?p=7496#breadcrumb\"},\"inLanguage\":\"pt-BR\",\"potentialAction\":[{\"@type\":\"ReadAction\",\"target\":[\"https:\/\/bancariosdepiracicaba.com.br\/?p=7496\"]}]},{\"@type\":\"BreadcrumbList\",\"@id\":\"https:\/\/bancariosdepiracicaba.com.br\/?p=7496#breadcrumb\",\"itemListElement\":[{\"@type\":\"ListItem\",\"position\":1,\"name\":\"Home\",\"item\":\"https:\/\/bancariosdepiracicaba.com.br\/\"},{\"@type\":\"ListItem\",\"position\":2,\"name\":\"Vi\u00fava de ex-empregado da Caixa consegue integra\u00e7\u00e3o de aux\u00edlio-alimenta\u00e7\u00e3o \u00e0 pens\u00e3o\"}]},{\"@type\":\"Article\",\"@id\":\"https:\/\/bancariosdepiracicaba.com.br\/?p=7496#article\",\"isPartOf\":{\"@id\":\"https:\/\/bancariosdepiracicaba.com.br\/?p=7496#webpage\"},\"author\":{\"@id\":\"https:\/\/bancariosdepiracicaba.com.br\/#\/schema\/person\/6a12c780fc145ea2c9af09989ee600b0\"},\"headline\":\"Vi\u00fava de ex-empregado da Caixa consegue integra\u00e7\u00e3o de aux\u00edlio-alimenta\u00e7\u00e3o \u00e0 pens\u00e3o\",\"datePublished\":\"2021-07-23T20:40:53+00:00\",\"dateModified\":\"2021-07-23T20:40:53+00:00\",\"mainEntityOfPage\":{\"@id\":\"https:\/\/bancariosdepiracicaba.com.br\/?p=7496#webpage\"},\"wordCount\":587,\"commentCount\":0,\"publisher\":{\"@id\":\"https:\/\/bancariosdepiracicaba.com.br\/#organization\"},\"articleSection\":[\"Uncategorized\"],\"inLanguage\":\"pt-BR\",\"potentialAction\":[{\"@type\":\"CommentAction\",\"name\":\"Comment\",\"target\":[\"https:\/\/bancariosdepiracicaba.com.br\/?p=7496#respond\"]}]},{\"@type\":\"Person\",\"@id\":\"https:\/\/bancariosdepiracicaba.com.br\/#\/schema\/person\/6a12c780fc145ea2c9af09989ee600b0\",\"name\":\"admin\",\"image\":{\"@type\":\"ImageObject\",\"@id\":\"https:\/\/bancariosdepiracicaba.com.br\/#personlogo\",\"inLanguage\":\"pt-BR\",\"url\":\"https:\/\/secure.gravatar.com\/avatar\/3a05e74c6579e68209676cb5cb64e0918f288da7a49210fa18d6e9cac1189840?s=96&d=mm&r=g\",\"contentUrl\":\"https:\/\/secure.gravatar.com\/avatar\/3a05e74c6579e68209676cb5cb64e0918f288da7a49210fa18d6e9cac1189840?s=96&d=mm&r=g\",\"caption\":\"admin\"},\"sameAs\":[\"https:\/\/site.bancariosdepiracicaba.com.br\"],\"url\":\"https:\/\/bancariosdepiracicaba.com.br\/?author=1\"}]}<\/script>\n<!-- \/ Yoast SEO Premium plugin. -->","yoast_head_json":{"title":"Vi\u00fava de ex-empregado da Caixa consegue integra\u00e7\u00e3o de aux\u00edlio-alimenta\u00e7\u00e3o \u00e0 pens\u00e3o - Sindban","robots":{"index":"index","follow":"follow","max-snippet":"max-snippet:-1","max-image-preview":"max-image-preview:large","max-video-preview":"max-video-preview:-1"},"canonical":"https:\/\/bancariosdepiracicaba.com.br\/?p=7496","og_locale":"pt_BR","og_type":"article","og_title":"Vi\u00fava de ex-empregado da Caixa consegue integra\u00e7\u00e3o de aux\u00edlio-alimenta\u00e7\u00e3o \u00e0 pens\u00e3o - Sindban","og_description":"Se, por meio de norma interna, a Caixa Econ\u00f4mica Federal institui o pagamento de aux \u00edlio-alimenta\u00e7\u00e3o de natureza salarial, alcan\u00e7ando inclusive aposentados, o benef \u00edcio se incorpora ao contrato de trabalho e n\u00e3o pode mais ser suprimido. A supress\u00e3o unilateral pelo empregador caracteriza altera\u00e7\u00e3o il \u00edcita do contrato de trabalho, vedada pelo artigo 468 da &hellip; Vi\u00fava de ex-empregado da Caixa consegue integra\u00e7\u00e3o de aux\u00edlio-alimenta\u00e7\u00e3o \u00e0 pens\u00e3o Leia mais &raquo;","og_url":"https:\/\/bancariosdepiracicaba.com.br\/?p=7496","og_site_name":"Sindban","article_published_time":"2021-07-23T20:40:53+00:00","twitter_card":"summary_large_image","twitter_misc":{"Escrito por":"admin","Est. tempo de leitura":"3 minutos"},"schema":{"@context":"https:\/\/schema.org","@graph":[{"@type":"Organization","@id":"https:\/\/bancariosdepiracicaba.com.br\/#organization","name":"Sindban","url":"https:\/\/bancariosdepiracicaba.com.br\/","sameAs":[],"logo":{"@type":"ImageObject","@id":"https:\/\/bancariosdepiracicaba.com.br\/#logo","inLanguage":"pt-BR","url":"https:\/\/site.bancariosdepiracicaba.com.br\/wp-content\/uploads\/2021\/04\/cropped-Asset-2.png","contentUrl":"https:\/\/site.bancariosdepiracicaba.com.br\/wp-content\/uploads\/2021\/04\/cropped-Asset-2.png","width":512,"height":512,"caption":"Sindban"},"image":{"@id":"https:\/\/bancariosdepiracicaba.com.br\/#logo"}},{"@type":"WebSite","@id":"https:\/\/bancariosdepiracicaba.com.br\/#website","url":"https:\/\/bancariosdepiracicaba.com.br\/","name":"Sindban","description":"Desenvolvimento","publisher":{"@id":"https:\/\/bancariosdepiracicaba.com.br\/#organization"},"potentialAction":[{"@type":"SearchAction","target":{"@type":"EntryPoint","urlTemplate":"https:\/\/bancariosdepiracicaba.com.br\/?s={search_term_string}"},"query-input":"required name=search_term_string"}],"inLanguage":"pt-BR"},{"@type":"WebPage","@id":"https:\/\/bancariosdepiracicaba.com.br\/?p=7496#webpage","url":"https:\/\/bancariosdepiracicaba.com.br\/?p=7496","name":"Vi\u00fava de ex-empregado da Caixa consegue integra\u00e7\u00e3o de aux\u00edlio-alimenta\u00e7\u00e3o \u00e0 pens\u00e3o - Sindban","isPartOf":{"@id":"https:\/\/bancariosdepiracicaba.com.br\/#website"},"datePublished":"2021-07-23T20:40:53+00:00","dateModified":"2021-07-23T20:40:53+00:00","breadcrumb":{"@id":"https:\/\/bancariosdepiracicaba.com.br\/?p=7496#breadcrumb"},"inLanguage":"pt-BR","potentialAction":[{"@type":"ReadAction","target":["https:\/\/bancariosdepiracicaba.com.br\/?p=7496"]}]},{"@type":"BreadcrumbList","@id":"https:\/\/bancariosdepiracicaba.com.br\/?p=7496#breadcrumb","itemListElement":[{"@type":"ListItem","position":1,"name":"Home","item":"https:\/\/bancariosdepiracicaba.com.br\/"},{"@type":"ListItem","position":2,"name":"Vi\u00fava de ex-empregado da Caixa consegue integra\u00e7\u00e3o de aux\u00edlio-alimenta\u00e7\u00e3o \u00e0 pens\u00e3o"}]},{"@type":"Article","@id":"https:\/\/bancariosdepiracicaba.com.br\/?p=7496#article","isPartOf":{"@id":"https:\/\/bancariosdepiracicaba.com.br\/?p=7496#webpage"},"author":{"@id":"https:\/\/bancariosdepiracicaba.com.br\/#\/schema\/person\/6a12c780fc145ea2c9af09989ee600b0"},"headline":"Vi\u00fava de ex-empregado da Caixa consegue integra\u00e7\u00e3o de aux\u00edlio-alimenta\u00e7\u00e3o \u00e0 pens\u00e3o","datePublished":"2021-07-23T20:40:53+00:00","dateModified":"2021-07-23T20:40:53+00:00","mainEntityOfPage":{"@id":"https:\/\/bancariosdepiracicaba.com.br\/?p=7496#webpage"},"wordCount":587,"commentCount":0,"publisher":{"@id":"https:\/\/bancariosdepiracicaba.com.br\/#organization"},"articleSection":["Uncategorized"],"inLanguage":"pt-BR","potentialAction":[{"@type":"CommentAction","name":"Comment","target":["https:\/\/bancariosdepiracicaba.com.br\/?p=7496#respond"]}]},{"@type":"Person","@id":"https:\/\/bancariosdepiracicaba.com.br\/#\/schema\/person\/6a12c780fc145ea2c9af09989ee600b0","name":"admin","image":{"@type":"ImageObject","@id":"https:\/\/bancariosdepiracicaba.com.br\/#personlogo","inLanguage":"pt-BR","url":"https:\/\/secure.gravatar.com\/avatar\/3a05e74c6579e68209676cb5cb64e0918f288da7a49210fa18d6e9cac1189840?s=96&d=mm&r=g","contentUrl":"https:\/\/secure.gravatar.com\/avatar\/3a05e74c6579e68209676cb5cb64e0918f288da7a49210fa18d6e9cac1189840?s=96&d=mm&r=g","caption":"admin"},"sameAs":["https:\/\/site.bancariosdepiracicaba.com.br"],"url":"https:\/\/bancariosdepiracicaba.com.br\/?author=1"}]}},"_links":{"self":[{"href":"https:\/\/bancariosdepiracicaba.com.br\/index.php?rest_route=\/wp\/v2\/posts\/7496","targetHints":{"allow":["GET"]}}],"collection":[{"href":"https:\/\/bancariosdepiracicaba.com.br\/index.php?rest_route=\/wp\/v2\/posts"}],"about":[{"href":"https:\/\/bancariosdepiracicaba.com.br\/index.php?rest_route=\/wp\/v2\/types\/post"}],"author":[{"embeddable":true,"href":"https:\/\/bancariosdepiracicaba.com.br\/index.php?rest_route=\/wp\/v2\/users\/1"}],"replies":[{"embeddable":true,"href":"https:\/\/bancariosdepiracicaba.com.br\/index.php?rest_route=%2Fwp%2Fv2%2Fcomments&post=7496"}],"version-history":[{"count":0,"href":"https:\/\/bancariosdepiracicaba.com.br\/index.php?rest_route=\/wp\/v2\/posts\/7496\/revisions"}],"wp:attachment":[{"href":"https:\/\/bancariosdepiracicaba.com.br\/index.php?rest_route=%2Fwp%2Fv2%2Fmedia&parent=7496"}],"wp:term":[{"taxonomy":"category","embeddable":true,"href":"https:\/\/bancariosdepiracicaba.com.br\/index.php?rest_route=%2Fwp%2Fv2%2Fcategories&post=7496"},{"taxonomy":"post_tag","embeddable":true,"href":"https:\/\/bancariosdepiracicaba.com.br\/index.php?rest_route=%2Fwp%2Fv2%2Ftags&post=7496"}],"curies":[{"name":"wp","href":"https:\/\/api.w.org\/{rel}","templated":true}]}}