{"id":7421,"date":"2021-07-23T20:39:16","date_gmt":"2021-07-23T20:39:16","guid":{"rendered":"https:\/\/site.bancariosdepiracicaba.com.br\/2021\/07\/23\/relatorio-da-oit-destaca-politica-brasileira-de-valorizacao-do-minimo\/"},"modified":"2021-07-23T20:39:16","modified_gmt":"2021-07-23T20:39:16","slug":"relatorio-da-oit-destaca-politica-brasileira-de-valorizacao-do-minimo","status":"publish","type":"post","link":"https:\/\/bancariosdepiracicaba.com.br\/?p=7421","title":{"rendered":"Relat\u00f3rio da OIT destaca pol\u00edtica brasileira de valoriza\u00e7\u00e3o do m\u00ednimo"},"content":{"rendered":"<p>A experi\u00eancia do Brasil de valoriza\u00e7\u00e3o do sal\u00e1rio m \u00ednimo foi destacada no relat\u00f3rio Panorama Laboral, da Organiza\u00e7\u00e3o Internacional do Trabalho (OIT), divulgado nesta quinta-feira, 12. Segundo o relat\u00f3rio, apesar de haver outras refer\u00eancias importantes na Am\u00e9rica Latina e no Caribe, cabe destacar a experi\u00eancia brasileira por causa de sua import\u00e2ncia no desenvolvimento socioecon\u00f4mico recente do pa \u00eds.<br \/>\nO Brasil adotou durante o segundo mandato do presidente Luiz In\u00e1cio Lula da Silva, uma pol \u00edtica de valoriza\u00e7\u00e3o do sal\u00e1rio m \u00ednimo que acabou virando lei, em 2011, durante o governo da presidente Dilma Rousseff.<br \/>\nA pol \u00edtica foi fruto de um acordo entre sindicalistas, empres\u00e1rios e o governo. A base de c\u00e1lculo para o sal\u00e1rio \u00e9 a infla\u00e7\u00e3o do per \u00edodo anterior mais a varia\u00e7\u00e3o do Produto Interno Bruto (PIB) do pen\u00faltimo ano. No Brasil, o sal\u00e1rio m \u00ednimo tem abrang\u00eancia nacional e, legalmente, nenhum trabalhador pode receber um subs \u00eddio menor.<br \/>\nEntre os crit\u00e9rios adotados pela pol \u00edtica de valoriza\u00e7\u00e3o do sal\u00e1rio m \u00ednimo est\u00e3o fatores como a preserva\u00e7\u00e3o do poder aquisitivo, medido pelo\u00edndice de Pre\u00e7os ao Consumidor Amplo (IPCA) &#8211; infla\u00e7\u00e3o oficial; e um aumento real baseado no PIB.<br \/>\nO relat\u00f3rio afirma que o sal\u00e1rio m \u00ednimo \u00e9 um pilar importante do modelo de crescimento com inclus\u00e3o social, dada a sua refer\u00eancia para a estrutura\u00e7\u00e3o do mercado de trabalho e para as pol \u00edticas sociais.<br \/>\nDurante os oito anos de governo do presidente Lula (2003 a 2010), o sal\u00e1rio m \u00ednimo aumentou, em m\u00e9dia, 5,8% ao ano, com um incremento real acumulado de quase 60% de acordo com o documento. No mesmo per \u00edodo, o PIB aumentou, em m\u00e9dia, 4% ao ano, sendo que o PIB per capita cresceu em um ritmo de 2,3%. O resultado disso, segundo o relat\u00f3rio, foi um crescimento do sal\u00e1rio m \u00ednimo acima do PIB o que desencadeou efeitos redistributivos importantes e contribuiu para a redu\u00e7\u00e3o dos n \u00edveis de pobreza.<br \/>\nEsse crescimento aponta o relat\u00f3rio, \u00e9 quase o dobro do observado durante o governo do presidente Fernando Henrique Cardoso (1995 a 2002). Nesses anos, o crescimento do sal\u00e1rio m \u00ednimo foi de 3,3% ao ano e o crescimento do PIB de 2,3%; o PIB per capita cresceu 0,8%.<br \/>\nConsiderando os dois per \u00edodos (16 anos), o sal\u00e1rio m \u00ednimo duplicou em termos reais.<br \/>\nFonte: Ag\u00eancia Brasil<\/p>\n","protected":false},"excerpt":{"rendered":"<p>A experi\u00eancia do Brasil de valoriza\u00e7\u00e3o do sal\u00e1rio m \u00ednimo foi destacada no relat\u00f3rio Panorama Laboral, da Organiza\u00e7\u00e3o Internacional do Trabalho (OIT), divulgado nesta quinta-feira, 12. Segundo o relat\u00f3rio, apesar de haver outras refer\u00eancias importantes na Am\u00e9rica Latina e no Caribe, cabe destacar a experi\u00eancia brasileira por causa de sua import\u00e2ncia no desenvolvimento socioecon\u00f4mico recente &hellip;<\/p>\n<p class=\"read-more\"> <a class=\"\" href=\"https:\/\/bancariosdepiracicaba.com.br\/?p=7421\"> <span class=\"screen-reader-text\">Relat\u00f3rio da OIT destaca pol\u00edtica brasileira de valoriza\u00e7\u00e3o do m\u00ednimo<\/span> Leia mais &raquo;<\/a><\/p>\n","protected":false},"author":1,"featured_media":0,"comment_status":"open","ping_status":"open","sticky":false,"template":"","format":"standard","meta":{"site-sidebar-layout":"default","site-content-layout":"default","ast-main-header-display":"","ast-hfb-above-header-display":"","ast-hfb-below-header-display":"","ast-hfb-mobile-header-display":"","site-post-title":"","ast-breadcrumbs-content":"","ast-featured-img":"","footer-sml-layout":"","theme-transparent-header-meta":"","adv-header-id-meta":"","stick-header-meta":"","header-above-stick-meta":"","header-main-stick-meta":"","header-below-stick-meta":"","footnotes":""},"categories":[1],"tags":[],"class_list":["post-7421","post","type-post","status-publish","format-standard","hentry","category-uncategorized"],"yoast_head":"<!-- This site is optimized with the Yoast SEO Premium plugin v16.1 (Yoast SEO v18.0) - https:\/\/yoast.com\/wordpress\/plugins\/seo\/ -->\n<title>Relat\u00f3rio da OIT destaca pol\u00edtica brasileira de valoriza\u00e7\u00e3o do m\u00ednimo - Sindban<\/title>\n<meta name=\"robots\" content=\"index, follow, max-snippet:-1, max-image-preview:large, max-video-preview:-1\" \/>\n<link rel=\"canonical\" href=\"https:\/\/bancariosdepiracicaba.com.br\/?p=7421\" \/>\n<meta property=\"og:locale\" content=\"pt_BR\" \/>\n<meta property=\"og:type\" content=\"article\" \/>\n<meta property=\"og:title\" content=\"Relat\u00f3rio da OIT destaca pol\u00edtica brasileira de valoriza\u00e7\u00e3o do m\u00ednimo - Sindban\" \/>\n<meta property=\"og:description\" content=\"A experi\u00eancia do Brasil de valoriza\u00e7\u00e3o do sal\u00e1rio m \u00ednimo foi destacada no relat\u00f3rio Panorama Laboral, da Organiza\u00e7\u00e3o Internacional do Trabalho (OIT), divulgado nesta quinta-feira, 12. Segundo o relat\u00f3rio, apesar de haver outras refer\u00eancias importantes na Am\u00e9rica Latina e no Caribe, cabe destacar a experi\u00eancia brasileira por causa de sua import\u00e2ncia no desenvolvimento socioecon\u00f4mico recente &hellip; Relat\u00f3rio da OIT destaca pol\u00edtica brasileira de valoriza\u00e7\u00e3o do m\u00ednimo Leia mais &raquo;\" \/>\n<meta property=\"og:url\" content=\"https:\/\/bancariosdepiracicaba.com.br\/?p=7421\" \/>\n<meta property=\"og:site_name\" content=\"Sindban\" \/>\n<meta property=\"article:published_time\" content=\"2021-07-23T20:39:16+00:00\" \/>\n<meta name=\"twitter:card\" content=\"summary_large_image\" \/>\n<meta name=\"twitter:label1\" content=\"Escrito por\" \/>\n\t<meta name=\"twitter:data1\" content=\"admin\" \/>\n\t<meta name=\"twitter:label2\" content=\"Est. tempo de leitura\" \/>\n\t<meta name=\"twitter:data2\" content=\"2 minutos\" \/>\n<script type=\"application\/ld+json\" class=\"yoast-schema-graph\">{\"@context\":\"https:\/\/schema.org\",\"@graph\":[{\"@type\":\"Organization\",\"@id\":\"https:\/\/bancariosdepiracicaba.com.br\/#organization\",\"name\":\"Sindban\",\"url\":\"https:\/\/bancariosdepiracicaba.com.br\/\",\"sameAs\":[],\"logo\":{\"@type\":\"ImageObject\",\"@id\":\"https:\/\/bancariosdepiracicaba.com.br\/#logo\",\"inLanguage\":\"pt-BR\",\"url\":\"https:\/\/site.bancariosdepiracicaba.com.br\/wp-content\/uploads\/2021\/04\/cropped-Asset-2.png\",\"contentUrl\":\"https:\/\/site.bancariosdepiracicaba.com.br\/wp-content\/uploads\/2021\/04\/cropped-Asset-2.png\",\"width\":512,\"height\":512,\"caption\":\"Sindban\"},\"image\":{\"@id\":\"https:\/\/bancariosdepiracicaba.com.br\/#logo\"}},{\"@type\":\"WebSite\",\"@id\":\"https:\/\/bancariosdepiracicaba.com.br\/#website\",\"url\":\"https:\/\/bancariosdepiracicaba.com.br\/\",\"name\":\"Sindban\",\"description\":\"Desenvolvimento\",\"publisher\":{\"@id\":\"https:\/\/bancariosdepiracicaba.com.br\/#organization\"},\"potentialAction\":[{\"@type\":\"SearchAction\",\"target\":{\"@type\":\"EntryPoint\",\"urlTemplate\":\"https:\/\/bancariosdepiracicaba.com.br\/?s={search_term_string}\"},\"query-input\":\"required name=search_term_string\"}],\"inLanguage\":\"pt-BR\"},{\"@type\":\"WebPage\",\"@id\":\"https:\/\/bancariosdepiracicaba.com.br\/?p=7421#webpage\",\"url\":\"https:\/\/bancariosdepiracicaba.com.br\/?p=7421\",\"name\":\"Relat\u00f3rio da OIT destaca pol\u00edtica brasileira de valoriza\u00e7\u00e3o do m\u00ednimo - Sindban\",\"isPartOf\":{\"@id\":\"https:\/\/bancariosdepiracicaba.com.br\/#website\"},\"datePublished\":\"2021-07-23T20:39:16+00:00\",\"dateModified\":\"2021-07-23T20:39:16+00:00\",\"breadcrumb\":{\"@id\":\"https:\/\/bancariosdepiracicaba.com.br\/?p=7421#breadcrumb\"},\"inLanguage\":\"pt-BR\",\"potentialAction\":[{\"@type\":\"ReadAction\",\"target\":[\"https:\/\/bancariosdepiracicaba.com.br\/?p=7421\"]}]},{\"@type\":\"BreadcrumbList\",\"@id\":\"https:\/\/bancariosdepiracicaba.com.br\/?p=7421#breadcrumb\",\"itemListElement\":[{\"@type\":\"ListItem\",\"position\":1,\"name\":\"Home\",\"item\":\"https:\/\/bancariosdepiracicaba.com.br\/\"},{\"@type\":\"ListItem\",\"position\":2,\"name\":\"Relat\u00f3rio da OIT destaca pol\u00edtica brasileira de valoriza\u00e7\u00e3o do m\u00ednimo\"}]},{\"@type\":\"Article\",\"@id\":\"https:\/\/bancariosdepiracicaba.com.br\/?p=7421#article\",\"isPartOf\":{\"@id\":\"https:\/\/bancariosdepiracicaba.com.br\/?p=7421#webpage\"},\"author\":{\"@id\":\"https:\/\/bancariosdepiracicaba.com.br\/#\/schema\/person\/6a12c780fc145ea2c9af09989ee600b0\"},\"headline\":\"Relat\u00f3rio da OIT destaca pol\u00edtica brasileira de valoriza\u00e7\u00e3o do m\u00ednimo\",\"datePublished\":\"2021-07-23T20:39:16+00:00\",\"dateModified\":\"2021-07-23T20:39:16+00:00\",\"mainEntityOfPage\":{\"@id\":\"https:\/\/bancariosdepiracicaba.com.br\/?p=7421#webpage\"},\"wordCount\":426,\"commentCount\":0,\"publisher\":{\"@id\":\"https:\/\/bancariosdepiracicaba.com.br\/#organization\"},\"articleSection\":[\"Uncategorized\"],\"inLanguage\":\"pt-BR\",\"potentialAction\":[{\"@type\":\"CommentAction\",\"name\":\"Comment\",\"target\":[\"https:\/\/bancariosdepiracicaba.com.br\/?p=7421#respond\"]}]},{\"@type\":\"Person\",\"@id\":\"https:\/\/bancariosdepiracicaba.com.br\/#\/schema\/person\/6a12c780fc145ea2c9af09989ee600b0\",\"name\":\"admin\",\"image\":{\"@type\":\"ImageObject\",\"@id\":\"https:\/\/bancariosdepiracicaba.com.br\/#personlogo\",\"inLanguage\":\"pt-BR\",\"url\":\"https:\/\/secure.gravatar.com\/avatar\/3a05e74c6579e68209676cb5cb64e0918f288da7a49210fa18d6e9cac1189840?s=96&d=mm&r=g\",\"contentUrl\":\"https:\/\/secure.gravatar.com\/avatar\/3a05e74c6579e68209676cb5cb64e0918f288da7a49210fa18d6e9cac1189840?s=96&d=mm&r=g\",\"caption\":\"admin\"},\"sameAs\":[\"https:\/\/site.bancariosdepiracicaba.com.br\"],\"url\":\"https:\/\/bancariosdepiracicaba.com.br\/?author=1\"}]}<\/script>\n<!-- \/ Yoast SEO Premium plugin. -->","yoast_head_json":{"title":"Relat\u00f3rio da OIT destaca pol\u00edtica brasileira de valoriza\u00e7\u00e3o do m\u00ednimo - Sindban","robots":{"index":"index","follow":"follow","max-snippet":"max-snippet:-1","max-image-preview":"max-image-preview:large","max-video-preview":"max-video-preview:-1"},"canonical":"https:\/\/bancariosdepiracicaba.com.br\/?p=7421","og_locale":"pt_BR","og_type":"article","og_title":"Relat\u00f3rio da OIT destaca pol\u00edtica brasileira de valoriza\u00e7\u00e3o do m\u00ednimo - Sindban","og_description":"A experi\u00eancia do Brasil de valoriza\u00e7\u00e3o do sal\u00e1rio m \u00ednimo foi destacada no relat\u00f3rio Panorama Laboral, da Organiza\u00e7\u00e3o Internacional do Trabalho (OIT), divulgado nesta quinta-feira, 12. Segundo o relat\u00f3rio, apesar de haver outras refer\u00eancias importantes na Am\u00e9rica Latina e no Caribe, cabe destacar a experi\u00eancia brasileira por causa de sua import\u00e2ncia no desenvolvimento socioecon\u00f4mico recente &hellip; Relat\u00f3rio da OIT destaca pol\u00edtica brasileira de valoriza\u00e7\u00e3o do m\u00ednimo Leia mais &raquo;","og_url":"https:\/\/bancariosdepiracicaba.com.br\/?p=7421","og_site_name":"Sindban","article_published_time":"2021-07-23T20:39:16+00:00","twitter_card":"summary_large_image","twitter_misc":{"Escrito por":"admin","Est. tempo de leitura":"2 minutos"},"schema":{"@context":"https:\/\/schema.org","@graph":[{"@type":"Organization","@id":"https:\/\/bancariosdepiracicaba.com.br\/#organization","name":"Sindban","url":"https:\/\/bancariosdepiracicaba.com.br\/","sameAs":[],"logo":{"@type":"ImageObject","@id":"https:\/\/bancariosdepiracicaba.com.br\/#logo","inLanguage":"pt-BR","url":"https:\/\/site.bancariosdepiracicaba.com.br\/wp-content\/uploads\/2021\/04\/cropped-Asset-2.png","contentUrl":"https:\/\/site.bancariosdepiracicaba.com.br\/wp-content\/uploads\/2021\/04\/cropped-Asset-2.png","width":512,"height":512,"caption":"Sindban"},"image":{"@id":"https:\/\/bancariosdepiracicaba.com.br\/#logo"}},{"@type":"WebSite","@id":"https:\/\/bancariosdepiracicaba.com.br\/#website","url":"https:\/\/bancariosdepiracicaba.com.br\/","name":"Sindban","description":"Desenvolvimento","publisher":{"@id":"https:\/\/bancariosdepiracicaba.com.br\/#organization"},"potentialAction":[{"@type":"SearchAction","target":{"@type":"EntryPoint","urlTemplate":"https:\/\/bancariosdepiracicaba.com.br\/?s={search_term_string}"},"query-input":"required name=search_term_string"}],"inLanguage":"pt-BR"},{"@type":"WebPage","@id":"https:\/\/bancariosdepiracicaba.com.br\/?p=7421#webpage","url":"https:\/\/bancariosdepiracicaba.com.br\/?p=7421","name":"Relat\u00f3rio da OIT destaca pol\u00edtica brasileira de valoriza\u00e7\u00e3o do m\u00ednimo - Sindban","isPartOf":{"@id":"https:\/\/bancariosdepiracicaba.com.br\/#website"},"datePublished":"2021-07-23T20:39:16+00:00","dateModified":"2021-07-23T20:39:16+00:00","breadcrumb":{"@id":"https:\/\/bancariosdepiracicaba.com.br\/?p=7421#breadcrumb"},"inLanguage":"pt-BR","potentialAction":[{"@type":"ReadAction","target":["https:\/\/bancariosdepiracicaba.com.br\/?p=7421"]}]},{"@type":"BreadcrumbList","@id":"https:\/\/bancariosdepiracicaba.com.br\/?p=7421#breadcrumb","itemListElement":[{"@type":"ListItem","position":1,"name":"Home","item":"https:\/\/bancariosdepiracicaba.com.br\/"},{"@type":"ListItem","position":2,"name":"Relat\u00f3rio da OIT destaca pol\u00edtica brasileira de valoriza\u00e7\u00e3o do m\u00ednimo"}]},{"@type":"Article","@id":"https:\/\/bancariosdepiracicaba.com.br\/?p=7421#article","isPartOf":{"@id":"https:\/\/bancariosdepiracicaba.com.br\/?p=7421#webpage"},"author":{"@id":"https:\/\/bancariosdepiracicaba.com.br\/#\/schema\/person\/6a12c780fc145ea2c9af09989ee600b0"},"headline":"Relat\u00f3rio da OIT destaca pol\u00edtica brasileira de valoriza\u00e7\u00e3o do m\u00ednimo","datePublished":"2021-07-23T20:39:16+00:00","dateModified":"2021-07-23T20:39:16+00:00","mainEntityOfPage":{"@id":"https:\/\/bancariosdepiracicaba.com.br\/?p=7421#webpage"},"wordCount":426,"commentCount":0,"publisher":{"@id":"https:\/\/bancariosdepiracicaba.com.br\/#organization"},"articleSection":["Uncategorized"],"inLanguage":"pt-BR","potentialAction":[{"@type":"CommentAction","name":"Comment","target":["https:\/\/bancariosdepiracicaba.com.br\/?p=7421#respond"]}]},{"@type":"Person","@id":"https:\/\/bancariosdepiracicaba.com.br\/#\/schema\/person\/6a12c780fc145ea2c9af09989ee600b0","name":"admin","image":{"@type":"ImageObject","@id":"https:\/\/bancariosdepiracicaba.com.br\/#personlogo","inLanguage":"pt-BR","url":"https:\/\/secure.gravatar.com\/avatar\/3a05e74c6579e68209676cb5cb64e0918f288da7a49210fa18d6e9cac1189840?s=96&d=mm&r=g","contentUrl":"https:\/\/secure.gravatar.com\/avatar\/3a05e74c6579e68209676cb5cb64e0918f288da7a49210fa18d6e9cac1189840?s=96&d=mm&r=g","caption":"admin"},"sameAs":["https:\/\/site.bancariosdepiracicaba.com.br"],"url":"https:\/\/bancariosdepiracicaba.com.br\/?author=1"}]}},"_links":{"self":[{"href":"https:\/\/bancariosdepiracicaba.com.br\/index.php?rest_route=\/wp\/v2\/posts\/7421","targetHints":{"allow":["GET"]}}],"collection":[{"href":"https:\/\/bancariosdepiracicaba.com.br\/index.php?rest_route=\/wp\/v2\/posts"}],"about":[{"href":"https:\/\/bancariosdepiracicaba.com.br\/index.php?rest_route=\/wp\/v2\/types\/post"}],"author":[{"embeddable":true,"href":"https:\/\/bancariosdepiracicaba.com.br\/index.php?rest_route=\/wp\/v2\/users\/1"}],"replies":[{"embeddable":true,"href":"https:\/\/bancariosdepiracicaba.com.br\/index.php?rest_route=%2Fwp%2Fv2%2Fcomments&post=7421"}],"version-history":[{"count":0,"href":"https:\/\/bancariosdepiracicaba.com.br\/index.php?rest_route=\/wp\/v2\/posts\/7421\/revisions"}],"wp:attachment":[{"href":"https:\/\/bancariosdepiracicaba.com.br\/index.php?rest_route=%2Fwp%2Fv2%2Fmedia&parent=7421"}],"wp:term":[{"taxonomy":"category","embeddable":true,"href":"https:\/\/bancariosdepiracicaba.com.br\/index.php?rest_route=%2Fwp%2Fv2%2Fcategories&post=7421"},{"taxonomy":"post_tag","embeddable":true,"href":"https:\/\/bancariosdepiracicaba.com.br\/index.php?rest_route=%2Fwp%2Fv2%2Ftags&post=7421"}],"curies":[{"name":"wp","href":"https:\/\/api.w.org\/{rel}","templated":true}]}}