{"id":7417,"date":"2021-07-23T20:39:11","date_gmt":"2021-07-23T20:39:11","guid":{"rendered":"https:\/\/site.bancariosdepiracicaba.com.br\/2021\/07\/23\/autor-do-pedido-de-cpi-da-privataria-diz-que-serra-esta-desesperado\/"},"modified":"2021-07-23T20:39:11","modified_gmt":"2021-07-23T20:39:11","slug":"autor-do-pedido-de-cpi-da-privataria-diz-que-serra-esta-desesperado","status":"publish","type":"post","link":"https:\/\/bancariosdepiracicaba.com.br\/?p=7417","title":{"rendered":"Autor do pedido de CPI da Privataria diz que Serra est\u00e1 desesperado"},"content":{"rendered":"<p>O deputado federal Prot\u00f3genes Queiroz (PCdoB-SP) disse na quarta-feira, 11, que \u00e9 gesto de &#8220;desespero&#8221; a cr \u00edtica de Jos\u00e9 Serra (PSDB) \u00e0 CPI da Privataria. Na v\u00e9spera, o ex-governador paulista Serra classificou de &#8220;palha\u00e7ada&#8221; a eventual instala\u00e7\u00e3o da Comiss\u00e3o Parlamentar de Inqu\u00e9rito, pedida por Prot\u00f3genes, para investigar privatiza\u00e7\u00f5es de estatais durante o governo de Fernando Henrique Cardoso.<br \/>\nO deputado lembrou que as assinaturas colhidas para a abertura da comiss\u00e3o foram protocoladas em dezembro, com o apoio de 185 parlamentares &#8211; 14 a mais do que o m \u00ednimo exigido pela Constitui\u00e7\u00e3o. &#8220;Na primeira semana de fevereiro vamos saber a tramita\u00e7\u00e3o que o presidente da Casa, Marco Maia (PT-RS), dar\u00e1 ao pedido. Mas ser\u00e1 instalada&#8221;, acredita. Ele antecipou que logo ap\u00f3s o carnaval os trabalhos da CPI j\u00e1 devem se iniciar.<br \/>\nA investiga\u00e7\u00e3o decorre do livro A Privataria Tucana, do jornalista mineiro Amaury Ribeiro Jr., que apresenta documentos e ind \u00edcios de um esquema bilion\u00e1rio de fraudes no processo de privatiza\u00e7\u00e3o de estatais na d\u00e9cada de 1990. Serra era o ministro do Planejamento, gestor do processo.<br \/>\nCom documentos, o jornalista acusa o ex-caixa de campanha do PSDB e ex-diretor da \u00e1rea internacional do Banco do Brasil, Ricardo S\u00e9rgio de Oliveira, de ter atuado como &#8220;artes\u00e3o&#8221; da constru\u00e7\u00e3o de cons\u00f3rcios de privatiza\u00e7\u00e3o em troca de propinas.<br \/>\nQuestionado sobre as acusa\u00e7\u00f5es contidas no livro, Serra primeiro chamou o conte\u00fado de &#8220;lixo&#8221;, depois chegou a desqualificar a CPI: &#8220;Isso \u00e9 tudo uma palha\u00e7ada, porque eu tenho cara de palha\u00e7o, nariz de palha\u00e7o, s\u00f3 pode ser palha\u00e7o&#8221;.<br \/>\nProt\u00f3genes viu na atitude de Serra um desrespeito ao trabalho parlamentar de investiga\u00e7\u00e3o. &#8220;Ele est\u00e1 se referindo \u00e0 CPI de uma forma jocosa, em um tom de brincadeira. Eu considero que essa rea\u00e7\u00e3o dele \u00e9 um grito de desespero, bastante desrespeitoso.&#8221;<br \/>\nPara o parlamentar, o trabalho obscuro de pessoas pr\u00f3ximas a Serra, desvendado por Ribeiro causou estranhamento nos pr\u00f3prios integrantes de seu partido, o PSDB. &#8220;Causou uma guerra interna. O pr\u00f3prio ex-presidente Fernando Henrique Cardoso fala, sem externar publicamente, que tamb\u00e9m se surpreendeu&#8221;, afirmou. Ele ainda relatou que o senador mineiro A\u00e9cio Neves (PSDB) o parabenizou pela iniciativa da CPI.<br \/>\nConfira a entrevista:<br \/>\nRede Brasil Atual: Como est\u00e1 a tramita\u00e7\u00e3o da CPI?<br \/>\nProt\u00f3genes Queiroz: A CPI j\u00e1 foi protocolada e agora segue um rito regimental. Logo na primeira semana de fevereiro vamos saber a tramita\u00e7\u00e3o que o presidente da Casa, Marco Maia, deu. Mas ser\u00e1 instalada &#8211; logo depois do carnaval.<br \/>\nQual foi a sua impress\u00e3o do livro A Privataria Tucana?<br \/>\nO livro traz v\u00e1rios fatos in\u00e9ditos, n\u00e3o \u00e9 uma reedi\u00e7\u00e3o de fatos que j\u00e1 haviam sido publicados, pelo contr\u00e1rio. Ele se tornou mais que um livro, um documento que cruza com investiga\u00e7\u00f5es da Pol \u00edcia Federal, inclusive algumas que eu mesmo coordenei.<br \/>\nO fato \u00e9 que para o pr\u00f3prio PSDB tudo isso tamb\u00e9m foi uma surpresa, por isso que tamb\u00e9m houve a assinatura de v\u00e1rios parlamentares tucanos. \u00e9 como aquela hist\u00f3ria do marido tra \u00eddo, que \u00e9 sempre o \u00faltimo, a saber, e por terceiros.<br \/>\nIsso produziu alguma crise no PSDB?<br \/>\nCausou uma guerra interna. O pr\u00f3prio ex-presidente Fernando Henrique Cardoso fala, sem externar publicamente, que tamb\u00e9m se surpreendeu, quer dizer, j\u00e1 colocando a posi\u00e7\u00e3o de surpresa e neutralidade naquilo que o Serra liderou, nas privatiza\u00e7\u00f5es.<br \/>\nAlgum outro tucano falou alguma coisa?<br \/>\nNo dia em que entreguei a CPI, o A\u00e9cio Neves me abra\u00e7ou, me dando os parab\u00e9ns.<br \/>\nQual deveria ser a posi\u00e7\u00e3o do Serra neste momento?<br \/>\nO Serra deve explica\u00e7\u00f5es ao Brasil. N\u00e3o somente ele, mas tamb\u00e9m quem estiver ligado a ele, como o Ricardo S\u00e9rgio, o grande operador do PSDB. Ser\u00e1 que ele foi o operador de todo o PSDB ou s\u00f3 do grupo e da fam \u00edlia Serra? Mas \u00e9 o Serra que deve dar as explica\u00e7\u00f5es mais detalhadas, ele \u00e9 o sujeito que se servia de expedientes criminosos.<br \/>\nEle chegou a classificar a CPI da Privataria de palha\u00e7ada.<br \/>\nEle foi um governador, como ele pode se expressar dessa forma? Ele est\u00e1 desrespeitando o Congresso Nacional e a vontade popular. Mas essa \u00e9 uma express\u00e3o pela qual ele est\u00e1 acostumado, do pr\u00f3prio meio dele. N\u00e3o \u00e9 a express\u00e3o conveniente para um instrumento s\u00e9rio de investiga\u00e7\u00e3o do Parlamento brasileiro, nem a express\u00e3o dos parlamentares que assinaram a CPI.<br \/>\nPor que acha que ele falou isso?<br \/>\nEle est\u00e1 se referindo \u00e0 CPI de uma forma jocosa, em um tom de brincadeira. Eu considero que essa rea\u00e7\u00e3o dele \u00e9 um grito de desespero, bastante desrespeitoso.<br \/>\nComo voc\u00ea enxerga que ser\u00e1 o trabalho da CPI?<br \/>\nN\u00f3s vamos ter de ver se aqueles documentos do Amaury s\u00e3o verdadeiros ou n\u00e3o, e caso se confirmem vamos encontrar um foco de investiga\u00e7\u00e3o e aprofundar.<br \/>\nO Serra ser\u00e1 um dos convocados?<br \/>\nCom certeza.<br \/>\nA CPI poderia comprometer o futuro do Serra?<br \/>\nEm pol \u00edtica tudo \u00e9 poss \u00edvel. Depois que eu prendi o Paulo Maluf por 40 dias e ele foi eleito deputado federal, ent\u00e3o tudo \u00e9 poss \u00edvel. (Antes de seguir carreira pol \u00edtica, Prot\u00f3genes foi delegado da Pol \u00edcia Federal e atuou em investiga\u00e7\u00f5es de crimes de colarinho branco).<br \/>\nFonte: Rede Brasil Atual<\/p>\n","protected":false},"excerpt":{"rendered":"<p>O deputado federal Prot\u00f3genes Queiroz (PCdoB-SP) disse na quarta-feira, 11, que \u00e9 gesto de &#8220;desespero&#8221; a cr \u00edtica de Jos\u00e9 Serra (PSDB) \u00e0 CPI da Privataria. Na v\u00e9spera, o ex-governador paulista Serra classificou de &#8220;palha\u00e7ada&#8221; a eventual instala\u00e7\u00e3o da Comiss\u00e3o Parlamentar de Inqu\u00e9rito, pedida por Prot\u00f3genes, para investigar privatiza\u00e7\u00f5es de estatais durante o governo de &hellip;<\/p>\n<p class=\"read-more\"> <a class=\"\" href=\"https:\/\/bancariosdepiracicaba.com.br\/?p=7417\"> <span class=\"screen-reader-text\">Autor do pedido de CPI da Privataria diz que Serra est\u00e1 desesperado<\/span> Leia mais &raquo;<\/a><\/p>\n","protected":false},"author":1,"featured_media":0,"comment_status":"open","ping_status":"open","sticky":false,"template":"","format":"standard","meta":{"site-sidebar-layout":"default","site-content-layout":"default","ast-main-header-display":"","ast-hfb-above-header-display":"","ast-hfb-below-header-display":"","ast-hfb-mobile-header-display":"","site-post-title":"","ast-breadcrumbs-content":"","ast-featured-img":"","footer-sml-layout":"","theme-transparent-header-meta":"","adv-header-id-meta":"","stick-header-meta":"","header-above-stick-meta":"","header-main-stick-meta":"","header-below-stick-meta":"","footnotes":""},"categories":[1],"tags":[],"class_list":["post-7417","post","type-post","status-publish","format-standard","hentry","category-uncategorized"],"yoast_head":"<!-- This site is optimized with the Yoast SEO Premium plugin v16.1 (Yoast SEO v18.0) - https:\/\/yoast.com\/wordpress\/plugins\/seo\/ -->\n<title>Autor do pedido de CPI da Privataria diz que Serra est\u00e1 desesperado - Sindban<\/title>\n<meta name=\"robots\" content=\"index, follow, max-snippet:-1, max-image-preview:large, max-video-preview:-1\" \/>\n<link rel=\"canonical\" href=\"https:\/\/bancariosdepiracicaba.com.br\/?p=7417\" \/>\n<meta property=\"og:locale\" content=\"pt_BR\" \/>\n<meta property=\"og:type\" content=\"article\" \/>\n<meta property=\"og:title\" content=\"Autor do pedido de CPI da Privataria diz que Serra est\u00e1 desesperado - Sindban\" \/>\n<meta property=\"og:description\" content=\"O deputado federal Prot\u00f3genes Queiroz (PCdoB-SP) disse na quarta-feira, 11, que \u00e9 gesto de &#8220;desespero&#8221; a cr \u00edtica de Jos\u00e9 Serra (PSDB) \u00e0 CPI da Privataria. Na v\u00e9spera, o ex-governador paulista Serra classificou de &#8220;palha\u00e7ada&#8221; a eventual instala\u00e7\u00e3o da Comiss\u00e3o Parlamentar de Inqu\u00e9rito, pedida por Prot\u00f3genes, para investigar privatiza\u00e7\u00f5es de estatais durante o governo de &hellip; Autor do pedido de CPI da Privataria diz que Serra est\u00e1 desesperado Leia mais &raquo;\" \/>\n<meta property=\"og:url\" content=\"https:\/\/bancariosdepiracicaba.com.br\/?p=7417\" \/>\n<meta property=\"og:site_name\" content=\"Sindban\" \/>\n<meta property=\"article:published_time\" content=\"2021-07-23T20:39:11+00:00\" \/>\n<meta name=\"twitter:card\" content=\"summary_large_image\" \/>\n<meta name=\"twitter:label1\" content=\"Escrito por\" \/>\n\t<meta name=\"twitter:data1\" content=\"admin\" \/>\n\t<meta name=\"twitter:label2\" content=\"Est. tempo de leitura\" \/>\n\t<meta name=\"twitter:data2\" content=\"5 minutos\" \/>\n<script type=\"application\/ld+json\" class=\"yoast-schema-graph\">{\"@context\":\"https:\/\/schema.org\",\"@graph\":[{\"@type\":\"Organization\",\"@id\":\"https:\/\/bancariosdepiracicaba.com.br\/#organization\",\"name\":\"Sindban\",\"url\":\"https:\/\/bancariosdepiracicaba.com.br\/\",\"sameAs\":[],\"logo\":{\"@type\":\"ImageObject\",\"@id\":\"https:\/\/bancariosdepiracicaba.com.br\/#logo\",\"inLanguage\":\"pt-BR\",\"url\":\"https:\/\/site.bancariosdepiracicaba.com.br\/wp-content\/uploads\/2021\/04\/cropped-Asset-2.png\",\"contentUrl\":\"https:\/\/site.bancariosdepiracicaba.com.br\/wp-content\/uploads\/2021\/04\/cropped-Asset-2.png\",\"width\":512,\"height\":512,\"caption\":\"Sindban\"},\"image\":{\"@id\":\"https:\/\/bancariosdepiracicaba.com.br\/#logo\"}},{\"@type\":\"WebSite\",\"@id\":\"https:\/\/bancariosdepiracicaba.com.br\/#website\",\"url\":\"https:\/\/bancariosdepiracicaba.com.br\/\",\"name\":\"Sindban\",\"description\":\"Desenvolvimento\",\"publisher\":{\"@id\":\"https:\/\/bancariosdepiracicaba.com.br\/#organization\"},\"potentialAction\":[{\"@type\":\"SearchAction\",\"target\":{\"@type\":\"EntryPoint\",\"urlTemplate\":\"https:\/\/bancariosdepiracicaba.com.br\/?s={search_term_string}\"},\"query-input\":\"required name=search_term_string\"}],\"inLanguage\":\"pt-BR\"},{\"@type\":\"WebPage\",\"@id\":\"https:\/\/bancariosdepiracicaba.com.br\/?p=7417#webpage\",\"url\":\"https:\/\/bancariosdepiracicaba.com.br\/?p=7417\",\"name\":\"Autor do pedido de CPI da Privataria diz que Serra est\u00e1 desesperado - Sindban\",\"isPartOf\":{\"@id\":\"https:\/\/bancariosdepiracicaba.com.br\/#website\"},\"datePublished\":\"2021-07-23T20:39:11+00:00\",\"dateModified\":\"2021-07-23T20:39:11+00:00\",\"breadcrumb\":{\"@id\":\"https:\/\/bancariosdepiracicaba.com.br\/?p=7417#breadcrumb\"},\"inLanguage\":\"pt-BR\",\"potentialAction\":[{\"@type\":\"ReadAction\",\"target\":[\"https:\/\/bancariosdepiracicaba.com.br\/?p=7417\"]}]},{\"@type\":\"BreadcrumbList\",\"@id\":\"https:\/\/bancariosdepiracicaba.com.br\/?p=7417#breadcrumb\",\"itemListElement\":[{\"@type\":\"ListItem\",\"position\":1,\"name\":\"Home\",\"item\":\"https:\/\/bancariosdepiracicaba.com.br\/\"},{\"@type\":\"ListItem\",\"position\":2,\"name\":\"Autor do pedido de CPI da Privataria diz que Serra est\u00e1 desesperado\"}]},{\"@type\":\"Article\",\"@id\":\"https:\/\/bancariosdepiracicaba.com.br\/?p=7417#article\",\"isPartOf\":{\"@id\":\"https:\/\/bancariosdepiracicaba.com.br\/?p=7417#webpage\"},\"author\":{\"@id\":\"https:\/\/bancariosdepiracicaba.com.br\/#\/schema\/person\/6a12c780fc145ea2c9af09989ee600b0\"},\"headline\":\"Autor do pedido de CPI da Privataria diz que Serra est\u00e1 desesperado\",\"datePublished\":\"2021-07-23T20:39:11+00:00\",\"dateModified\":\"2021-07-23T20:39:11+00:00\",\"mainEntityOfPage\":{\"@id\":\"https:\/\/bancariosdepiracicaba.com.br\/?p=7417#webpage\"},\"wordCount\":913,\"commentCount\":0,\"publisher\":{\"@id\":\"https:\/\/bancariosdepiracicaba.com.br\/#organization\"},\"articleSection\":[\"Uncategorized\"],\"inLanguage\":\"pt-BR\",\"potentialAction\":[{\"@type\":\"CommentAction\",\"name\":\"Comment\",\"target\":[\"https:\/\/bancariosdepiracicaba.com.br\/?p=7417#respond\"]}]},{\"@type\":\"Person\",\"@id\":\"https:\/\/bancariosdepiracicaba.com.br\/#\/schema\/person\/6a12c780fc145ea2c9af09989ee600b0\",\"name\":\"admin\",\"image\":{\"@type\":\"ImageObject\",\"@id\":\"https:\/\/bancariosdepiracicaba.com.br\/#personlogo\",\"inLanguage\":\"pt-BR\",\"url\":\"https:\/\/secure.gravatar.com\/avatar\/3a05e74c6579e68209676cb5cb64e0918f288da7a49210fa18d6e9cac1189840?s=96&d=mm&r=g\",\"contentUrl\":\"https:\/\/secure.gravatar.com\/avatar\/3a05e74c6579e68209676cb5cb64e0918f288da7a49210fa18d6e9cac1189840?s=96&d=mm&r=g\",\"caption\":\"admin\"},\"sameAs\":[\"https:\/\/site.bancariosdepiracicaba.com.br\"],\"url\":\"https:\/\/bancariosdepiracicaba.com.br\/?author=1\"}]}<\/script>\n<!-- \/ Yoast SEO Premium plugin. -->","yoast_head_json":{"title":"Autor do pedido de CPI da Privataria diz que Serra est\u00e1 desesperado - Sindban","robots":{"index":"index","follow":"follow","max-snippet":"max-snippet:-1","max-image-preview":"max-image-preview:large","max-video-preview":"max-video-preview:-1"},"canonical":"https:\/\/bancariosdepiracicaba.com.br\/?p=7417","og_locale":"pt_BR","og_type":"article","og_title":"Autor do pedido de CPI da Privataria diz que Serra est\u00e1 desesperado - Sindban","og_description":"O deputado federal Prot\u00f3genes Queiroz (PCdoB-SP) disse na quarta-feira, 11, que \u00e9 gesto de &#8220;desespero&#8221; a cr \u00edtica de Jos\u00e9 Serra (PSDB) \u00e0 CPI da Privataria. Na v\u00e9spera, o ex-governador paulista Serra classificou de &#8220;palha\u00e7ada&#8221; a eventual instala\u00e7\u00e3o da Comiss\u00e3o Parlamentar de Inqu\u00e9rito, pedida por Prot\u00f3genes, para investigar privatiza\u00e7\u00f5es de estatais durante o governo de &hellip; Autor do pedido de CPI da Privataria diz que Serra est\u00e1 desesperado Leia mais &raquo;","og_url":"https:\/\/bancariosdepiracicaba.com.br\/?p=7417","og_site_name":"Sindban","article_published_time":"2021-07-23T20:39:11+00:00","twitter_card":"summary_large_image","twitter_misc":{"Escrito por":"admin","Est. tempo de leitura":"5 minutos"},"schema":{"@context":"https:\/\/schema.org","@graph":[{"@type":"Organization","@id":"https:\/\/bancariosdepiracicaba.com.br\/#organization","name":"Sindban","url":"https:\/\/bancariosdepiracicaba.com.br\/","sameAs":[],"logo":{"@type":"ImageObject","@id":"https:\/\/bancariosdepiracicaba.com.br\/#logo","inLanguage":"pt-BR","url":"https:\/\/site.bancariosdepiracicaba.com.br\/wp-content\/uploads\/2021\/04\/cropped-Asset-2.png","contentUrl":"https:\/\/site.bancariosdepiracicaba.com.br\/wp-content\/uploads\/2021\/04\/cropped-Asset-2.png","width":512,"height":512,"caption":"Sindban"},"image":{"@id":"https:\/\/bancariosdepiracicaba.com.br\/#logo"}},{"@type":"WebSite","@id":"https:\/\/bancariosdepiracicaba.com.br\/#website","url":"https:\/\/bancariosdepiracicaba.com.br\/","name":"Sindban","description":"Desenvolvimento","publisher":{"@id":"https:\/\/bancariosdepiracicaba.com.br\/#organization"},"potentialAction":[{"@type":"SearchAction","target":{"@type":"EntryPoint","urlTemplate":"https:\/\/bancariosdepiracicaba.com.br\/?s={search_term_string}"},"query-input":"required name=search_term_string"}],"inLanguage":"pt-BR"},{"@type":"WebPage","@id":"https:\/\/bancariosdepiracicaba.com.br\/?p=7417#webpage","url":"https:\/\/bancariosdepiracicaba.com.br\/?p=7417","name":"Autor do pedido de CPI da Privataria diz que Serra est\u00e1 desesperado - Sindban","isPartOf":{"@id":"https:\/\/bancariosdepiracicaba.com.br\/#website"},"datePublished":"2021-07-23T20:39:11+00:00","dateModified":"2021-07-23T20:39:11+00:00","breadcrumb":{"@id":"https:\/\/bancariosdepiracicaba.com.br\/?p=7417#breadcrumb"},"inLanguage":"pt-BR","potentialAction":[{"@type":"ReadAction","target":["https:\/\/bancariosdepiracicaba.com.br\/?p=7417"]}]},{"@type":"BreadcrumbList","@id":"https:\/\/bancariosdepiracicaba.com.br\/?p=7417#breadcrumb","itemListElement":[{"@type":"ListItem","position":1,"name":"Home","item":"https:\/\/bancariosdepiracicaba.com.br\/"},{"@type":"ListItem","position":2,"name":"Autor do pedido de CPI da Privataria diz que Serra est\u00e1 desesperado"}]},{"@type":"Article","@id":"https:\/\/bancariosdepiracicaba.com.br\/?p=7417#article","isPartOf":{"@id":"https:\/\/bancariosdepiracicaba.com.br\/?p=7417#webpage"},"author":{"@id":"https:\/\/bancariosdepiracicaba.com.br\/#\/schema\/person\/6a12c780fc145ea2c9af09989ee600b0"},"headline":"Autor do pedido de CPI da Privataria diz que Serra est\u00e1 desesperado","datePublished":"2021-07-23T20:39:11+00:00","dateModified":"2021-07-23T20:39:11+00:00","mainEntityOfPage":{"@id":"https:\/\/bancariosdepiracicaba.com.br\/?p=7417#webpage"},"wordCount":913,"commentCount":0,"publisher":{"@id":"https:\/\/bancariosdepiracicaba.com.br\/#organization"},"articleSection":["Uncategorized"],"inLanguage":"pt-BR","potentialAction":[{"@type":"CommentAction","name":"Comment","target":["https:\/\/bancariosdepiracicaba.com.br\/?p=7417#respond"]}]},{"@type":"Person","@id":"https:\/\/bancariosdepiracicaba.com.br\/#\/schema\/person\/6a12c780fc145ea2c9af09989ee600b0","name":"admin","image":{"@type":"ImageObject","@id":"https:\/\/bancariosdepiracicaba.com.br\/#personlogo","inLanguage":"pt-BR","url":"https:\/\/secure.gravatar.com\/avatar\/3a05e74c6579e68209676cb5cb64e0918f288da7a49210fa18d6e9cac1189840?s=96&d=mm&r=g","contentUrl":"https:\/\/secure.gravatar.com\/avatar\/3a05e74c6579e68209676cb5cb64e0918f288da7a49210fa18d6e9cac1189840?s=96&d=mm&r=g","caption":"admin"},"sameAs":["https:\/\/site.bancariosdepiracicaba.com.br"],"url":"https:\/\/bancariosdepiracicaba.com.br\/?author=1"}]}},"_links":{"self":[{"href":"https:\/\/bancariosdepiracicaba.com.br\/index.php?rest_route=\/wp\/v2\/posts\/7417","targetHints":{"allow":["GET"]}}],"collection":[{"href":"https:\/\/bancariosdepiracicaba.com.br\/index.php?rest_route=\/wp\/v2\/posts"}],"about":[{"href":"https:\/\/bancariosdepiracicaba.com.br\/index.php?rest_route=\/wp\/v2\/types\/post"}],"author":[{"embeddable":true,"href":"https:\/\/bancariosdepiracicaba.com.br\/index.php?rest_route=\/wp\/v2\/users\/1"}],"replies":[{"embeddable":true,"href":"https:\/\/bancariosdepiracicaba.com.br\/index.php?rest_route=%2Fwp%2Fv2%2Fcomments&post=7417"}],"version-history":[{"count":0,"href":"https:\/\/bancariosdepiracicaba.com.br\/index.php?rest_route=\/wp\/v2\/posts\/7417\/revisions"}],"wp:attachment":[{"href":"https:\/\/bancariosdepiracicaba.com.br\/index.php?rest_route=%2Fwp%2Fv2%2Fmedia&parent=7417"}],"wp:term":[{"taxonomy":"category","embeddable":true,"href":"https:\/\/bancariosdepiracicaba.com.br\/index.php?rest_route=%2Fwp%2Fv2%2Fcategories&post=7417"},{"taxonomy":"post_tag","embeddable":true,"href":"https:\/\/bancariosdepiracicaba.com.br\/index.php?rest_route=%2Fwp%2Fv2%2Ftags&post=7417"}],"curies":[{"name":"wp","href":"https:\/\/api.w.org\/{rel}","templated":true}]}}