{"id":7361,"date":"2021-07-23T20:38:01","date_gmt":"2021-07-23T20:38:01","guid":{"rendered":"https:\/\/site.bancariosdepiracicaba.com.br\/2021\/07\/23\/o-documentario-a-revolta-da-chibata-deu-continuidade-ao-mes-da-consciencia-negra\/"},"modified":"2021-08-11T22:04:53","modified_gmt":"2021-08-12T01:04:53","slug":"o-documentario-a-revolta-da-chibata-deu-continuidade-ao-mes-da-consciencia-negra","status":"publish","type":"post","link":"https:\/\/bancariosdepiracicaba.com.br\/?p=7361","title":{"rendered":"O document\u00e1rio \u201cA Revolta da Chibata\u201d deu continuidade ao m\u00eas da Consci\u00eancia Negra"},"content":{"rendered":"<p>Em comemora\u00e7\u00e3o ao m\u00eas da Consci\u00eancia Negra, o Sindicato dos Banc\u00e1rios de Piracicaba e regi\u00e3o realizou na \u00faltima sexta-feira, 11, no per \u00edodo da tarde, a exibi\u00e7\u00e3o do document\u00e1rio  \u201c;A Revolta da Chibata \u201c;, um filme de aproximadamente 30 minutos, que relata a hist\u00f3ria do marinheiro brasileiro Jo\u00e3o Candido.<br \/>\n                Alunos da escola municipal do Jardim Gilda, estiveram presentes ao cine debate com aproximadamente 50 alunos, juntamente com as professoras Val\u00e9ria dos Santos Machado (professora de Hist\u00f3ria) e Roseli Rodrigues (professora de L \u00edngua Portuguesa).<br \/>\n                Representando o coletivo de combate a racismo da CUT, Sandra Carvalho Rodrigues, explicou aos presentes o que representou Jo\u00e3o Candido para o combate ao racismo no Brasil.<br \/>\n                Margarida Almeida nascida em Angola, pa \u00eds que fica localizado na costa ocidental do continente africano, disse em especial aos alunos presentes, que o mais importante na vida \u00e9 estudar, por que sem o estudo fica quase imposs \u00edvel do negro ser bem sucedido nos dias de hoje, devido ao preconceito que ainda existe na sociedade moderna.<br \/>\nA HIST\u00f3RIA DO DIA NACIONAL DA CONSCI\u00eaNCIA NEGRA<br \/>\n                Esta data foi estabelecida pela Lei n\u00ba 10.639 de 9 de janeiro de 2003. Foi escolhida a data de 20 de novembro, pois foi neste dia, no ano de 1695, que morreu Zumbi, l \u00edder do Quilombo dos Palmares.<br \/>\n                A homenagem a Zumbi foi mais do que justa, pois este personagem hist\u00f3rico representou a luta do negro contra a escravid\u00e3o, no per \u00edodo do Brasil Colonial. Ele morreu em combate, defendendo seu povo e sua comunidade. Os quilombos representavam uma resist\u00eancia ao sistema escravista e tamb\u00e9m uma forma coletiva de manuten\u00e7\u00e3o da cultura africana aqui no Brasil. Zumbi lutou at\u00e9 a morte por esta cultura e pela liberdade do seu povo.<br \/>\n                 \u201c;N\u00f3s n\u00e3o vemos os patr\u00f5es negociarem o feriado de 21 de abril (Dia de Tiradentes), mas vemos, negociar o feriado de 20 de novembro (Dia da Consci\u00eancia Negra), isso n\u00e3o podemos permitir, o Dia da Consci\u00eancia Negra e t\u00e3o importante como qualquer outro feriado \u201c;, finaliza o presidente do Sindicato dos Banc\u00e1rios de Piracicaba e regi\u00e3o, Jos\u00e9 Antonio Fernandes Paiva.<\/p>\n","protected":false},"excerpt":{"rendered":"<p>Em comemora\u00e7\u00e3o ao m\u00eas da Consci\u00eancia Negra, o Sindicato dos Banc\u00e1rios de Piracicaba e regi\u00e3o realizou na \u00faltima sexta-feira, 11, no per \u00edodo da tarde, a exibi\u00e7\u00e3o do document\u00e1rio \u201c;A Revolta da Chibata \u201c;, um filme de aproximadamente 30 minutos, que relata a hist\u00f3ria do marinheiro brasileiro Jo\u00e3o Candido. Alunos da escola municipal do Jardim &hellip;<\/p>\n<p class=\"read-more\"> <a class=\"\" href=\"https:\/\/bancariosdepiracicaba.com.br\/?p=7361\"> <span class=\"screen-reader-text\">O document\u00e1rio \u201cA Revolta da Chibata\u201d deu continuidade ao m\u00eas da Consci\u00eancia Negra<\/span> Leia mais &raquo;<\/a><\/p>\n","protected":false},"author":1,"featured_media":0,"comment_status":"open","ping_status":"open","sticky":false,"template":"","format":"standard","meta":{"site-sidebar-layout":"default","site-content-layout":"default","ast-main-header-display":"","ast-hfb-above-header-display":"","ast-hfb-below-header-display":"","ast-hfb-mobile-header-display":"","site-post-title":"","ast-breadcrumbs-content":"","ast-featured-img":"","footer-sml-layout":"","theme-transparent-header-meta":"","adv-header-id-meta":"","stick-header-meta":"","header-above-stick-meta":"","header-main-stick-meta":"","header-below-stick-meta":"","footnotes":""},"categories":[50,51,1],"tags":[],"class_list":["post-7361","post","type-post","status-publish","format-standard","hentry","category-consciencia-negra","category-racismo","category-uncategorized"],"yoast_head":"<!-- This site is optimized with the Yoast SEO Premium plugin v16.1 (Yoast SEO v18.0) - https:\/\/yoast.com\/wordpress\/plugins\/seo\/ -->\n<title>O document\u00e1rio \u201cA Revolta da Chibata\u201d deu continuidade ao m\u00eas da Consci\u00eancia Negra - Sindban<\/title>\n<meta name=\"robots\" content=\"index, follow, max-snippet:-1, max-image-preview:large, max-video-preview:-1\" \/>\n<link rel=\"canonical\" href=\"https:\/\/bancariosdepiracicaba.com.br\/?p=7361\" \/>\n<meta property=\"og:locale\" content=\"pt_BR\" \/>\n<meta property=\"og:type\" content=\"article\" \/>\n<meta property=\"og:title\" content=\"O document\u00e1rio \u201cA Revolta da Chibata\u201d deu continuidade ao m\u00eas da Consci\u00eancia Negra - Sindban\" \/>\n<meta property=\"og:description\" content=\"Em comemora\u00e7\u00e3o ao m\u00eas da Consci\u00eancia Negra, o Sindicato dos Banc\u00e1rios de Piracicaba e regi\u00e3o realizou na \u00faltima sexta-feira, 11, no per \u00edodo da tarde, a exibi\u00e7\u00e3o do document\u00e1rio \u201c;A Revolta da Chibata \u201c;, um filme de aproximadamente 30 minutos, que relata a hist\u00f3ria do marinheiro brasileiro Jo\u00e3o Candido. Alunos da escola municipal do Jardim &hellip; O document\u00e1rio \u201cA Revolta da Chibata\u201d deu continuidade ao m\u00eas da Consci\u00eancia Negra Leia mais &raquo;\" \/>\n<meta property=\"og:url\" content=\"https:\/\/bancariosdepiracicaba.com.br\/?p=7361\" \/>\n<meta property=\"og:site_name\" content=\"Sindban\" \/>\n<meta property=\"article:published_time\" content=\"2021-07-23T20:38:01+00:00\" \/>\n<meta property=\"article:modified_time\" content=\"2021-08-12T01:04:53+00:00\" \/>\n<meta name=\"twitter:card\" content=\"summary_large_image\" \/>\n<meta name=\"twitter:label1\" content=\"Escrito por\" \/>\n\t<meta name=\"twitter:data1\" content=\"admin\" \/>\n\t<meta name=\"twitter:label2\" content=\"Est. tempo de leitura\" \/>\n\t<meta name=\"twitter:data2\" content=\"2 minutos\" \/>\n<script type=\"application\/ld+json\" class=\"yoast-schema-graph\">{\"@context\":\"https:\/\/schema.org\",\"@graph\":[{\"@type\":\"Organization\",\"@id\":\"https:\/\/bancariosdepiracicaba.com.br\/#organization\",\"name\":\"Sindban\",\"url\":\"https:\/\/bancariosdepiracicaba.com.br\/\",\"sameAs\":[],\"logo\":{\"@type\":\"ImageObject\",\"@id\":\"https:\/\/bancariosdepiracicaba.com.br\/#logo\",\"inLanguage\":\"pt-BR\",\"url\":\"https:\/\/site.bancariosdepiracicaba.com.br\/wp-content\/uploads\/2021\/04\/cropped-Asset-2.png\",\"contentUrl\":\"https:\/\/site.bancariosdepiracicaba.com.br\/wp-content\/uploads\/2021\/04\/cropped-Asset-2.png\",\"width\":512,\"height\":512,\"caption\":\"Sindban\"},\"image\":{\"@id\":\"https:\/\/bancariosdepiracicaba.com.br\/#logo\"}},{\"@type\":\"WebSite\",\"@id\":\"https:\/\/bancariosdepiracicaba.com.br\/#website\",\"url\":\"https:\/\/bancariosdepiracicaba.com.br\/\",\"name\":\"Sindban\",\"description\":\"Desenvolvimento\",\"publisher\":{\"@id\":\"https:\/\/bancariosdepiracicaba.com.br\/#organization\"},\"potentialAction\":[{\"@type\":\"SearchAction\",\"target\":{\"@type\":\"EntryPoint\",\"urlTemplate\":\"https:\/\/bancariosdepiracicaba.com.br\/?s={search_term_string}\"},\"query-input\":\"required name=search_term_string\"}],\"inLanguage\":\"pt-BR\"},{\"@type\":\"WebPage\",\"@id\":\"https:\/\/bancariosdepiracicaba.com.br\/?p=7361#webpage\",\"url\":\"https:\/\/bancariosdepiracicaba.com.br\/?p=7361\",\"name\":\"O document\u00e1rio \u201cA Revolta da Chibata\u201d deu continuidade ao m\u00eas da Consci\u00eancia Negra - Sindban\",\"isPartOf\":{\"@id\":\"https:\/\/bancariosdepiracicaba.com.br\/#website\"},\"datePublished\":\"2021-07-23T20:38:01+00:00\",\"dateModified\":\"2021-08-12T01:04:53+00:00\",\"breadcrumb\":{\"@id\":\"https:\/\/bancariosdepiracicaba.com.br\/?p=7361#breadcrumb\"},\"inLanguage\":\"pt-BR\",\"potentialAction\":[{\"@type\":\"ReadAction\",\"target\":[\"https:\/\/bancariosdepiracicaba.com.br\/?p=7361\"]}]},{\"@type\":\"BreadcrumbList\",\"@id\":\"https:\/\/bancariosdepiracicaba.com.br\/?p=7361#breadcrumb\",\"itemListElement\":[{\"@type\":\"ListItem\",\"position\":1,\"name\":\"Home\",\"item\":\"https:\/\/bancariosdepiracicaba.com.br\/\"},{\"@type\":\"ListItem\",\"position\":2,\"name\":\"O document\u00e1rio \u201cA Revolta da Chibata\u201d deu continuidade ao m\u00eas da Consci\u00eancia Negra\"}]},{\"@type\":\"Article\",\"@id\":\"https:\/\/bancariosdepiracicaba.com.br\/?p=7361#article\",\"isPartOf\":{\"@id\":\"https:\/\/bancariosdepiracicaba.com.br\/?p=7361#webpage\"},\"author\":{\"@id\":\"https:\/\/bancariosdepiracicaba.com.br\/#\/schema\/person\/6a12c780fc145ea2c9af09989ee600b0\"},\"headline\":\"O document\u00e1rio \u201cA Revolta da Chibata\u201d deu continuidade ao m\u00eas da Consci\u00eancia Negra\",\"datePublished\":\"2021-07-23T20:38:01+00:00\",\"dateModified\":\"2021-08-12T01:04:53+00:00\",\"mainEntityOfPage\":{\"@id\":\"https:\/\/bancariosdepiracicaba.com.br\/?p=7361#webpage\"},\"wordCount\":378,\"commentCount\":0,\"publisher\":{\"@id\":\"https:\/\/bancariosdepiracicaba.com.br\/#organization\"},\"articleSection\":[\"Consci\u00eancia Negra\",\"Racismo\",\"Uncategorized\"],\"inLanguage\":\"pt-BR\",\"potentialAction\":[{\"@type\":\"CommentAction\",\"name\":\"Comment\",\"target\":[\"https:\/\/bancariosdepiracicaba.com.br\/?p=7361#respond\"]}]},{\"@type\":\"Person\",\"@id\":\"https:\/\/bancariosdepiracicaba.com.br\/#\/schema\/person\/6a12c780fc145ea2c9af09989ee600b0\",\"name\":\"admin\",\"image\":{\"@type\":\"ImageObject\",\"@id\":\"https:\/\/bancariosdepiracicaba.com.br\/#personlogo\",\"inLanguage\":\"pt-BR\",\"url\":\"https:\/\/secure.gravatar.com\/avatar\/3a05e74c6579e68209676cb5cb64e0918f288da7a49210fa18d6e9cac1189840?s=96&d=mm&r=g\",\"contentUrl\":\"https:\/\/secure.gravatar.com\/avatar\/3a05e74c6579e68209676cb5cb64e0918f288da7a49210fa18d6e9cac1189840?s=96&d=mm&r=g\",\"caption\":\"admin\"},\"sameAs\":[\"https:\/\/site.bancariosdepiracicaba.com.br\"],\"url\":\"https:\/\/bancariosdepiracicaba.com.br\/?author=1\"}]}<\/script>\n<!-- \/ Yoast SEO Premium plugin. -->","yoast_head_json":{"title":"O document\u00e1rio \u201cA Revolta da Chibata\u201d deu continuidade ao m\u00eas da Consci\u00eancia Negra - Sindban","robots":{"index":"index","follow":"follow","max-snippet":"max-snippet:-1","max-image-preview":"max-image-preview:large","max-video-preview":"max-video-preview:-1"},"canonical":"https:\/\/bancariosdepiracicaba.com.br\/?p=7361","og_locale":"pt_BR","og_type":"article","og_title":"O document\u00e1rio \u201cA Revolta da Chibata\u201d deu continuidade ao m\u00eas da Consci\u00eancia Negra - Sindban","og_description":"Em comemora\u00e7\u00e3o ao m\u00eas da Consci\u00eancia Negra, o Sindicato dos Banc\u00e1rios de Piracicaba e regi\u00e3o realizou na \u00faltima sexta-feira, 11, no per \u00edodo da tarde, a exibi\u00e7\u00e3o do document\u00e1rio \u201c;A Revolta da Chibata \u201c;, um filme de aproximadamente 30 minutos, que relata a hist\u00f3ria do marinheiro brasileiro Jo\u00e3o Candido. Alunos da escola municipal do Jardim &hellip; O document\u00e1rio \u201cA Revolta da Chibata\u201d deu continuidade ao m\u00eas da Consci\u00eancia Negra Leia mais &raquo;","og_url":"https:\/\/bancariosdepiracicaba.com.br\/?p=7361","og_site_name":"Sindban","article_published_time":"2021-07-23T20:38:01+00:00","article_modified_time":"2021-08-12T01:04:53+00:00","twitter_card":"summary_large_image","twitter_misc":{"Escrito por":"admin","Est. tempo de leitura":"2 minutos"},"schema":{"@context":"https:\/\/schema.org","@graph":[{"@type":"Organization","@id":"https:\/\/bancariosdepiracicaba.com.br\/#organization","name":"Sindban","url":"https:\/\/bancariosdepiracicaba.com.br\/","sameAs":[],"logo":{"@type":"ImageObject","@id":"https:\/\/bancariosdepiracicaba.com.br\/#logo","inLanguage":"pt-BR","url":"https:\/\/site.bancariosdepiracicaba.com.br\/wp-content\/uploads\/2021\/04\/cropped-Asset-2.png","contentUrl":"https:\/\/site.bancariosdepiracicaba.com.br\/wp-content\/uploads\/2021\/04\/cropped-Asset-2.png","width":512,"height":512,"caption":"Sindban"},"image":{"@id":"https:\/\/bancariosdepiracicaba.com.br\/#logo"}},{"@type":"WebSite","@id":"https:\/\/bancariosdepiracicaba.com.br\/#website","url":"https:\/\/bancariosdepiracicaba.com.br\/","name":"Sindban","description":"Desenvolvimento","publisher":{"@id":"https:\/\/bancariosdepiracicaba.com.br\/#organization"},"potentialAction":[{"@type":"SearchAction","target":{"@type":"EntryPoint","urlTemplate":"https:\/\/bancariosdepiracicaba.com.br\/?s={search_term_string}"},"query-input":"required name=search_term_string"}],"inLanguage":"pt-BR"},{"@type":"WebPage","@id":"https:\/\/bancariosdepiracicaba.com.br\/?p=7361#webpage","url":"https:\/\/bancariosdepiracicaba.com.br\/?p=7361","name":"O document\u00e1rio \u201cA Revolta da Chibata\u201d deu continuidade ao m\u00eas da Consci\u00eancia Negra - Sindban","isPartOf":{"@id":"https:\/\/bancariosdepiracicaba.com.br\/#website"},"datePublished":"2021-07-23T20:38:01+00:00","dateModified":"2021-08-12T01:04:53+00:00","breadcrumb":{"@id":"https:\/\/bancariosdepiracicaba.com.br\/?p=7361#breadcrumb"},"inLanguage":"pt-BR","potentialAction":[{"@type":"ReadAction","target":["https:\/\/bancariosdepiracicaba.com.br\/?p=7361"]}]},{"@type":"BreadcrumbList","@id":"https:\/\/bancariosdepiracicaba.com.br\/?p=7361#breadcrumb","itemListElement":[{"@type":"ListItem","position":1,"name":"Home","item":"https:\/\/bancariosdepiracicaba.com.br\/"},{"@type":"ListItem","position":2,"name":"O document\u00e1rio \u201cA Revolta da Chibata\u201d deu continuidade ao m\u00eas da Consci\u00eancia Negra"}]},{"@type":"Article","@id":"https:\/\/bancariosdepiracicaba.com.br\/?p=7361#article","isPartOf":{"@id":"https:\/\/bancariosdepiracicaba.com.br\/?p=7361#webpage"},"author":{"@id":"https:\/\/bancariosdepiracicaba.com.br\/#\/schema\/person\/6a12c780fc145ea2c9af09989ee600b0"},"headline":"O document\u00e1rio \u201cA Revolta da Chibata\u201d deu continuidade ao m\u00eas da Consci\u00eancia Negra","datePublished":"2021-07-23T20:38:01+00:00","dateModified":"2021-08-12T01:04:53+00:00","mainEntityOfPage":{"@id":"https:\/\/bancariosdepiracicaba.com.br\/?p=7361#webpage"},"wordCount":378,"commentCount":0,"publisher":{"@id":"https:\/\/bancariosdepiracicaba.com.br\/#organization"},"articleSection":["Consci\u00eancia Negra","Racismo","Uncategorized"],"inLanguage":"pt-BR","potentialAction":[{"@type":"CommentAction","name":"Comment","target":["https:\/\/bancariosdepiracicaba.com.br\/?p=7361#respond"]}]},{"@type":"Person","@id":"https:\/\/bancariosdepiracicaba.com.br\/#\/schema\/person\/6a12c780fc145ea2c9af09989ee600b0","name":"admin","image":{"@type":"ImageObject","@id":"https:\/\/bancariosdepiracicaba.com.br\/#personlogo","inLanguage":"pt-BR","url":"https:\/\/secure.gravatar.com\/avatar\/3a05e74c6579e68209676cb5cb64e0918f288da7a49210fa18d6e9cac1189840?s=96&d=mm&r=g","contentUrl":"https:\/\/secure.gravatar.com\/avatar\/3a05e74c6579e68209676cb5cb64e0918f288da7a49210fa18d6e9cac1189840?s=96&d=mm&r=g","caption":"admin"},"sameAs":["https:\/\/site.bancariosdepiracicaba.com.br"],"url":"https:\/\/bancariosdepiracicaba.com.br\/?author=1"}]}},"_links":{"self":[{"href":"https:\/\/bancariosdepiracicaba.com.br\/index.php?rest_route=\/wp\/v2\/posts\/7361","targetHints":{"allow":["GET"]}}],"collection":[{"href":"https:\/\/bancariosdepiracicaba.com.br\/index.php?rest_route=\/wp\/v2\/posts"}],"about":[{"href":"https:\/\/bancariosdepiracicaba.com.br\/index.php?rest_route=\/wp\/v2\/types\/post"}],"author":[{"embeddable":true,"href":"https:\/\/bancariosdepiracicaba.com.br\/index.php?rest_route=\/wp\/v2\/users\/1"}],"replies":[{"embeddable":true,"href":"https:\/\/bancariosdepiracicaba.com.br\/index.php?rest_route=%2Fwp%2Fv2%2Fcomments&post=7361"}],"version-history":[{"count":1,"href":"https:\/\/bancariosdepiracicaba.com.br\/index.php?rest_route=\/wp\/v2\/posts\/7361\/revisions"}],"predecessor-version":[{"id":14370,"href":"https:\/\/bancariosdepiracicaba.com.br\/index.php?rest_route=\/wp\/v2\/posts\/7361\/revisions\/14370"}],"wp:attachment":[{"href":"https:\/\/bancariosdepiracicaba.com.br\/index.php?rest_route=%2Fwp%2Fv2%2Fmedia&parent=7361"}],"wp:term":[{"taxonomy":"category","embeddable":true,"href":"https:\/\/bancariosdepiracicaba.com.br\/index.php?rest_route=%2Fwp%2Fv2%2Fcategories&post=7361"},{"taxonomy":"post_tag","embeddable":true,"href":"https:\/\/bancariosdepiracicaba.com.br\/index.php?rest_route=%2Fwp%2Fv2%2Ftags&post=7361"}],"curies":[{"name":"wp","href":"https:\/\/api.w.org\/{rel}","templated":true}]}}