{"id":7342,"date":"2021-07-23T20:37:33","date_gmt":"2021-07-23T20:37:33","guid":{"rendered":"https:\/\/site.bancariosdepiracicaba.com.br\/2021\/07\/23\/convencao-coletiva-e-assinada-em-sao-paulo-e-bancos-antecipam-plr-ate-dia-31\/"},"modified":"2021-08-11T21:45:49","modified_gmt":"2021-08-12T00:45:49","slug":"convencao-coletiva-e-assinada-em-sao-paulo-e-bancos-antecipam-plr-ate-dia-31","status":"publish","type":"post","link":"https:\/\/bancariosdepiracicaba.com.br\/?p=7342","title":{"rendered":"Conven\u00e7\u00e3o Coletiva \u00e9 assinada em S\u00e3o Paulo e bancos antecipam PLR at\u00e9 dia 31"},"content":{"rendered":"<p>A Contraf-CUT, federa\u00e7\u00f5es e sindicatos assinaram na tarde desta sexta-feira, dia 21, a Conven\u00e7\u00e3o Coletiva de Trabalho (CCT) de 2011\/2012 com a Fenaban, em S\u00e3o Paulo. O novo instrumento \u00e9 retroativo a 1\u00ba de setembro e vale para funcion\u00e1rios de bancos p\u00fablicos e privados de todo pa \u00eds.<br \/>\n                 \u201c;Esta campanha foi uma das mais dif \u00edceis, al\u00e9m ser dura e longa, mas deixou para todos um exemplo de supera\u00e7\u00e3o dos banc\u00e1rios, e trouxe muitos benef \u00edcios e avan\u00e7os em diversas \u00e1reas para a categoria, como valoriza\u00e7\u00e3o do piso salarial, PLR maior, aumento real significativo pelo oitavo ano consecutivo, al\u00e9m de melhorias nas condi\u00e7\u00f5es de trabalho e seguran\u00e7a \u201c;, Jos\u00e9 Antonio Fernandes Paiva, Sindicato dos Banc\u00e1rios de Piracicaba e regi\u00e3o.<br \/>\n                O presidente da Contraf-CUT, Carlos Cordeiro, agradeceu a participa\u00e7\u00e3o de todos os banc\u00e1rios e de todas as banc\u00e1rias. Tamb\u00e9m ressaltou a import\u00e2ncia do processo de negocia\u00e7\u00e3o entre o Comando Nacional e a Fenaban. &#8220;N\u00e3o procuramos sa \u00eddas fora desse espa\u00e7o de negocia\u00e7\u00e3o, mas precisamos evoluir nas pr\u00f3ximas campanhas, a fim de que possamos conquistar ainda mais&#8221;.<br \/>\nCordeiro defendeu o fortalecimento das mesas tem\u00e1ticas (sa\u00fade do trabalhador, seguran\u00e7a banc\u00e1ria, terceiriza\u00e7\u00e3o e igualdade de oportunidades), que passar\u00e3o a ter reuni\u00f5es trimestrais, buscando aprofundar os debates e construir solu\u00e7\u00f5es para os problemas dos banc\u00e1rios.<br \/>\nAntecipa\u00e7\u00e3o da PLR<br \/>\nCom a assinatura, os bancos ter\u00e3o prazo de at\u00e9 10 dias, isto \u00e9, at\u00e9 o pr\u00f3ximo dia 31 para o pagamento da antecipa\u00e7\u00e3o da Participa\u00e7\u00e3o nos Lucros e Resultados (PLR), que prev\u00ea o cr\u00e9dito para cada funcion\u00e1rio de 54% do sal\u00e1rio mais o valor fixo de R$ 840,00,limitado a R$ 4.696,37, e ainda a distribui\u00e7\u00e3o de 2% do lucro l \u00edquido do primeiro semestre deste ano de forma linear com teto de R$ 1.400,00. O restante da PLR vem at\u00e9 o dia 1\u00ba de mar\u00e7o de 2012.<br \/>\nO Bradesco e o Santander antecipam a PLR na pr\u00f3xima sexta-feira, dia 28. Os demais bancos ainda n\u00e3o divulgaram a data de pagamento.<br \/>\nDiferen\u00e7as<br \/>\nJ\u00e1 as diferen\u00e7as pela aplica\u00e7\u00e3o do reajuste nos sal\u00e1rios, nos t \u00edquetes-refei\u00e7\u00e3o e na cesta-alimenta\u00e7\u00e3o, relativas aos meses de setembro e outubro, dever\u00e3o ser pagas at\u00e9 a folha de pagamento do m\u00eas de novembro. A conven\u00e7\u00e3o coletiva garante reajuste salarial de 9% (aumento real de 1,5%), valoriza\u00e7\u00e3o do piso da categoria em 12%, que passa para R$ 1.400 (aumento real de 4,3%).<br \/>\nO Bradesco paga as diferen\u00e7as de setembro ainda na folha de outubro, que sai na pr\u00f3xima sexta-feira, dia 28. J\u00e1 a 13&ordf; cesta-alimenta\u00e7\u00e3o de R$ 339,08 ser\u00e1 creditada na quinta-feira, dia 27.<br \/>\nO Santander vai pagar as diferen\u00e7as de setembro e outubro somente na folha de novembro, que sair\u00e1 no dia 18. Os demais bancos ainda n\u00e3o divulgaram a data de pagamento.<br \/>\nDias parados<br \/>\nN\u00e3o ser\u00e1 descontado nenhum dos 21 dias de greve entre 27 de setembro e 17 de outubro. Haver\u00e1 compensa\u00e7\u00e3o a partir desta sexta-feira at\u00e9 o dia 15 de dezembro, de segunda a sexta-feira (exceto feriados), em no m\u00e1ximo duas horas por dia. Eventual saldo ap\u00f3s esse per \u00edodo ser\u00e1 anistiado.<br \/>\nBancos federais<br \/>\nA assinatura do acordo espec \u00edfico do Banco do Brasil, que tem regra pr\u00f3pria de distribui\u00e7\u00e3o da PLR semestral, ocorre nesta segunda-feira, dia 24, \u00e0s 11h30, em Bras \u00edlia. J\u00e1 o acordo da Caixa Econ\u00f4mica Federal, que inclui a PLR social e o compromisso de 5 mil contrata\u00e7\u00f5es, ser\u00e1 assinado na ter\u00e7a-feira, dia 25, \u00e0s 14h, tamb\u00e9m em Bras \u00edlia.<br \/>\nFonte: Contraf-CUT<\/p>\n","protected":false},"excerpt":{"rendered":"<p>A Contraf-CUT, federa\u00e7\u00f5es e sindicatos assinaram na tarde desta sexta-feira, dia 21, a Conven\u00e7\u00e3o Coletiva de Trabalho (CCT) de 2011\/2012 com a Fenaban, em S\u00e3o Paulo. O novo instrumento \u00e9 retroativo a 1\u00ba de setembro e vale para funcion\u00e1rios de bancos p\u00fablicos e privados de todo pa \u00eds. \u201c;Esta campanha foi uma das mais dif &hellip;<\/p>\n<p class=\"read-more\"> <a class=\"\" href=\"https:\/\/bancariosdepiracicaba.com.br\/?p=7342\"> <span class=\"screen-reader-text\">Conven\u00e7\u00e3o Coletiva \u00e9 assinada em S\u00e3o Paulo e bancos antecipam PLR at\u00e9 dia 31<\/span> Leia mais &raquo;<\/a><\/p>\n","protected":false},"author":1,"featured_media":0,"comment_status":"open","ping_status":"open","sticky":false,"template":"","format":"standard","meta":{"site-sidebar-layout":"default","site-content-layout":"default","ast-main-header-display":"","ast-hfb-above-header-display":"","ast-hfb-below-header-display":"","ast-hfb-mobile-header-display":"","site-post-title":"","ast-breadcrumbs-content":"","ast-featured-img":"","footer-sml-layout":"","theme-transparent-header-meta":"","adv-header-id-meta":"","stick-header-meta":"","header-above-stick-meta":"","header-main-stick-meta":"","header-below-stick-meta":"","footnotes":""},"categories":[52,1],"tags":[],"class_list":["post-7342","post","type-post","status-publish","format-standard","hentry","category-campanha-salarial","category-uncategorized"],"yoast_head":"<!-- This site is optimized with the Yoast SEO Premium plugin v16.1 (Yoast SEO v18.0) - https:\/\/yoast.com\/wordpress\/plugins\/seo\/ -->\n<title>Conven\u00e7\u00e3o Coletiva \u00e9 assinada em S\u00e3o Paulo e bancos antecipam PLR at\u00e9 dia 31 - Sindban<\/title>\n<meta name=\"robots\" content=\"index, follow, max-snippet:-1, max-image-preview:large, max-video-preview:-1\" \/>\n<link rel=\"canonical\" href=\"https:\/\/bancariosdepiracicaba.com.br\/?p=7342\" \/>\n<meta property=\"og:locale\" content=\"pt_BR\" \/>\n<meta property=\"og:type\" content=\"article\" \/>\n<meta property=\"og:title\" content=\"Conven\u00e7\u00e3o Coletiva \u00e9 assinada em S\u00e3o Paulo e bancos antecipam PLR at\u00e9 dia 31 - Sindban\" \/>\n<meta property=\"og:description\" content=\"A Contraf-CUT, federa\u00e7\u00f5es e sindicatos assinaram na tarde desta sexta-feira, dia 21, a Conven\u00e7\u00e3o Coletiva de Trabalho (CCT) de 2011\/2012 com a Fenaban, em S\u00e3o Paulo. O novo instrumento \u00e9 retroativo a 1\u00ba de setembro e vale para funcion\u00e1rios de bancos p\u00fablicos e privados de todo pa \u00eds. \u201c;Esta campanha foi uma das mais dif &hellip; Conven\u00e7\u00e3o Coletiva \u00e9 assinada em S\u00e3o Paulo e bancos antecipam PLR at\u00e9 dia 31 Leia mais &raquo;\" \/>\n<meta property=\"og:url\" content=\"https:\/\/bancariosdepiracicaba.com.br\/?p=7342\" \/>\n<meta property=\"og:site_name\" content=\"Sindban\" \/>\n<meta property=\"article:published_time\" content=\"2021-07-23T20:37:33+00:00\" \/>\n<meta property=\"article:modified_time\" content=\"2021-08-12T00:45:49+00:00\" \/>\n<meta name=\"twitter:card\" content=\"summary_large_image\" \/>\n<meta name=\"twitter:label1\" content=\"Escrito por\" \/>\n\t<meta name=\"twitter:data1\" content=\"admin\" \/>\n\t<meta name=\"twitter:label2\" content=\"Est. tempo de leitura\" \/>\n\t<meta name=\"twitter:data2\" content=\"3 minutos\" \/>\n<script type=\"application\/ld+json\" class=\"yoast-schema-graph\">{\"@context\":\"https:\/\/schema.org\",\"@graph\":[{\"@type\":\"Organization\",\"@id\":\"https:\/\/bancariosdepiracicaba.com.br\/#organization\",\"name\":\"Sindban\",\"url\":\"https:\/\/bancariosdepiracicaba.com.br\/\",\"sameAs\":[],\"logo\":{\"@type\":\"ImageObject\",\"@id\":\"https:\/\/bancariosdepiracicaba.com.br\/#logo\",\"inLanguage\":\"pt-BR\",\"url\":\"https:\/\/site.bancariosdepiracicaba.com.br\/wp-content\/uploads\/2021\/04\/cropped-Asset-2.png\",\"contentUrl\":\"https:\/\/site.bancariosdepiracicaba.com.br\/wp-content\/uploads\/2021\/04\/cropped-Asset-2.png\",\"width\":512,\"height\":512,\"caption\":\"Sindban\"},\"image\":{\"@id\":\"https:\/\/bancariosdepiracicaba.com.br\/#logo\"}},{\"@type\":\"WebSite\",\"@id\":\"https:\/\/bancariosdepiracicaba.com.br\/#website\",\"url\":\"https:\/\/bancariosdepiracicaba.com.br\/\",\"name\":\"Sindban\",\"description\":\"Desenvolvimento\",\"publisher\":{\"@id\":\"https:\/\/bancariosdepiracicaba.com.br\/#organization\"},\"potentialAction\":[{\"@type\":\"SearchAction\",\"target\":{\"@type\":\"EntryPoint\",\"urlTemplate\":\"https:\/\/bancariosdepiracicaba.com.br\/?s={search_term_string}\"},\"query-input\":\"required name=search_term_string\"}],\"inLanguage\":\"pt-BR\"},{\"@type\":\"WebPage\",\"@id\":\"https:\/\/bancariosdepiracicaba.com.br\/?p=7342#webpage\",\"url\":\"https:\/\/bancariosdepiracicaba.com.br\/?p=7342\",\"name\":\"Conven\u00e7\u00e3o Coletiva \u00e9 assinada em S\u00e3o Paulo e bancos antecipam PLR at\u00e9 dia 31 - Sindban\",\"isPartOf\":{\"@id\":\"https:\/\/bancariosdepiracicaba.com.br\/#website\"},\"datePublished\":\"2021-07-23T20:37:33+00:00\",\"dateModified\":\"2021-08-12T00:45:49+00:00\",\"breadcrumb\":{\"@id\":\"https:\/\/bancariosdepiracicaba.com.br\/?p=7342#breadcrumb\"},\"inLanguage\":\"pt-BR\",\"potentialAction\":[{\"@type\":\"ReadAction\",\"target\":[\"https:\/\/bancariosdepiracicaba.com.br\/?p=7342\"]}]},{\"@type\":\"BreadcrumbList\",\"@id\":\"https:\/\/bancariosdepiracicaba.com.br\/?p=7342#breadcrumb\",\"itemListElement\":[{\"@type\":\"ListItem\",\"position\":1,\"name\":\"Home\",\"item\":\"https:\/\/bancariosdepiracicaba.com.br\/\"},{\"@type\":\"ListItem\",\"position\":2,\"name\":\"Conven\u00e7\u00e3o Coletiva \u00e9 assinada em S\u00e3o Paulo e bancos antecipam PLR at\u00e9 dia 31\"}]},{\"@type\":\"Article\",\"@id\":\"https:\/\/bancariosdepiracicaba.com.br\/?p=7342#article\",\"isPartOf\":{\"@id\":\"https:\/\/bancariosdepiracicaba.com.br\/?p=7342#webpage\"},\"author\":{\"@id\":\"https:\/\/bancariosdepiracicaba.com.br\/#\/schema\/person\/6a12c780fc145ea2c9af09989ee600b0\"},\"headline\":\"Conven\u00e7\u00e3o Coletiva \u00e9 assinada em S\u00e3o Paulo e bancos antecipam PLR at\u00e9 dia 31\",\"datePublished\":\"2021-07-23T20:37:33+00:00\",\"dateModified\":\"2021-08-12T00:45:49+00:00\",\"mainEntityOfPage\":{\"@id\":\"https:\/\/bancariosdepiracicaba.com.br\/?p=7342#webpage\"},\"wordCount\":618,\"commentCount\":0,\"publisher\":{\"@id\":\"https:\/\/bancariosdepiracicaba.com.br\/#organization\"},\"articleSection\":[\"Campanha Salarial\",\"Uncategorized\"],\"inLanguage\":\"pt-BR\",\"potentialAction\":[{\"@type\":\"CommentAction\",\"name\":\"Comment\",\"target\":[\"https:\/\/bancariosdepiracicaba.com.br\/?p=7342#respond\"]}]},{\"@type\":\"Person\",\"@id\":\"https:\/\/bancariosdepiracicaba.com.br\/#\/schema\/person\/6a12c780fc145ea2c9af09989ee600b0\",\"name\":\"admin\",\"image\":{\"@type\":\"ImageObject\",\"@id\":\"https:\/\/bancariosdepiracicaba.com.br\/#personlogo\",\"inLanguage\":\"pt-BR\",\"url\":\"https:\/\/secure.gravatar.com\/avatar\/3a05e74c6579e68209676cb5cb64e0918f288da7a49210fa18d6e9cac1189840?s=96&d=mm&r=g\",\"contentUrl\":\"https:\/\/secure.gravatar.com\/avatar\/3a05e74c6579e68209676cb5cb64e0918f288da7a49210fa18d6e9cac1189840?s=96&d=mm&r=g\",\"caption\":\"admin\"},\"sameAs\":[\"https:\/\/site.bancariosdepiracicaba.com.br\"],\"url\":\"https:\/\/bancariosdepiracicaba.com.br\/?author=1\"}]}<\/script>\n<!-- \/ Yoast SEO Premium plugin. -->","yoast_head_json":{"title":"Conven\u00e7\u00e3o Coletiva \u00e9 assinada em S\u00e3o Paulo e bancos antecipam PLR at\u00e9 dia 31 - Sindban","robots":{"index":"index","follow":"follow","max-snippet":"max-snippet:-1","max-image-preview":"max-image-preview:large","max-video-preview":"max-video-preview:-1"},"canonical":"https:\/\/bancariosdepiracicaba.com.br\/?p=7342","og_locale":"pt_BR","og_type":"article","og_title":"Conven\u00e7\u00e3o Coletiva \u00e9 assinada em S\u00e3o Paulo e bancos antecipam PLR at\u00e9 dia 31 - Sindban","og_description":"A Contraf-CUT, federa\u00e7\u00f5es e sindicatos assinaram na tarde desta sexta-feira, dia 21, a Conven\u00e7\u00e3o Coletiva de Trabalho (CCT) de 2011\/2012 com a Fenaban, em S\u00e3o Paulo. O novo instrumento \u00e9 retroativo a 1\u00ba de setembro e vale para funcion\u00e1rios de bancos p\u00fablicos e privados de todo pa \u00eds. \u201c;Esta campanha foi uma das mais dif &hellip; Conven\u00e7\u00e3o Coletiva \u00e9 assinada em S\u00e3o Paulo e bancos antecipam PLR at\u00e9 dia 31 Leia mais &raquo;","og_url":"https:\/\/bancariosdepiracicaba.com.br\/?p=7342","og_site_name":"Sindban","article_published_time":"2021-07-23T20:37:33+00:00","article_modified_time":"2021-08-12T00:45:49+00:00","twitter_card":"summary_large_image","twitter_misc":{"Escrito por":"admin","Est. tempo de leitura":"3 minutos"},"schema":{"@context":"https:\/\/schema.org","@graph":[{"@type":"Organization","@id":"https:\/\/bancariosdepiracicaba.com.br\/#organization","name":"Sindban","url":"https:\/\/bancariosdepiracicaba.com.br\/","sameAs":[],"logo":{"@type":"ImageObject","@id":"https:\/\/bancariosdepiracicaba.com.br\/#logo","inLanguage":"pt-BR","url":"https:\/\/site.bancariosdepiracicaba.com.br\/wp-content\/uploads\/2021\/04\/cropped-Asset-2.png","contentUrl":"https:\/\/site.bancariosdepiracicaba.com.br\/wp-content\/uploads\/2021\/04\/cropped-Asset-2.png","width":512,"height":512,"caption":"Sindban"},"image":{"@id":"https:\/\/bancariosdepiracicaba.com.br\/#logo"}},{"@type":"WebSite","@id":"https:\/\/bancariosdepiracicaba.com.br\/#website","url":"https:\/\/bancariosdepiracicaba.com.br\/","name":"Sindban","description":"Desenvolvimento","publisher":{"@id":"https:\/\/bancariosdepiracicaba.com.br\/#organization"},"potentialAction":[{"@type":"SearchAction","target":{"@type":"EntryPoint","urlTemplate":"https:\/\/bancariosdepiracicaba.com.br\/?s={search_term_string}"},"query-input":"required name=search_term_string"}],"inLanguage":"pt-BR"},{"@type":"WebPage","@id":"https:\/\/bancariosdepiracicaba.com.br\/?p=7342#webpage","url":"https:\/\/bancariosdepiracicaba.com.br\/?p=7342","name":"Conven\u00e7\u00e3o Coletiva \u00e9 assinada em S\u00e3o Paulo e bancos antecipam PLR at\u00e9 dia 31 - Sindban","isPartOf":{"@id":"https:\/\/bancariosdepiracicaba.com.br\/#website"},"datePublished":"2021-07-23T20:37:33+00:00","dateModified":"2021-08-12T00:45:49+00:00","breadcrumb":{"@id":"https:\/\/bancariosdepiracicaba.com.br\/?p=7342#breadcrumb"},"inLanguage":"pt-BR","potentialAction":[{"@type":"ReadAction","target":["https:\/\/bancariosdepiracicaba.com.br\/?p=7342"]}]},{"@type":"BreadcrumbList","@id":"https:\/\/bancariosdepiracicaba.com.br\/?p=7342#breadcrumb","itemListElement":[{"@type":"ListItem","position":1,"name":"Home","item":"https:\/\/bancariosdepiracicaba.com.br\/"},{"@type":"ListItem","position":2,"name":"Conven\u00e7\u00e3o Coletiva \u00e9 assinada em S\u00e3o Paulo e bancos antecipam PLR at\u00e9 dia 31"}]},{"@type":"Article","@id":"https:\/\/bancariosdepiracicaba.com.br\/?p=7342#article","isPartOf":{"@id":"https:\/\/bancariosdepiracicaba.com.br\/?p=7342#webpage"},"author":{"@id":"https:\/\/bancariosdepiracicaba.com.br\/#\/schema\/person\/6a12c780fc145ea2c9af09989ee600b0"},"headline":"Conven\u00e7\u00e3o Coletiva \u00e9 assinada em S\u00e3o Paulo e bancos antecipam PLR at\u00e9 dia 31","datePublished":"2021-07-23T20:37:33+00:00","dateModified":"2021-08-12T00:45:49+00:00","mainEntityOfPage":{"@id":"https:\/\/bancariosdepiracicaba.com.br\/?p=7342#webpage"},"wordCount":618,"commentCount":0,"publisher":{"@id":"https:\/\/bancariosdepiracicaba.com.br\/#organization"},"articleSection":["Campanha Salarial","Uncategorized"],"inLanguage":"pt-BR","potentialAction":[{"@type":"CommentAction","name":"Comment","target":["https:\/\/bancariosdepiracicaba.com.br\/?p=7342#respond"]}]},{"@type":"Person","@id":"https:\/\/bancariosdepiracicaba.com.br\/#\/schema\/person\/6a12c780fc145ea2c9af09989ee600b0","name":"admin","image":{"@type":"ImageObject","@id":"https:\/\/bancariosdepiracicaba.com.br\/#personlogo","inLanguage":"pt-BR","url":"https:\/\/secure.gravatar.com\/avatar\/3a05e74c6579e68209676cb5cb64e0918f288da7a49210fa18d6e9cac1189840?s=96&d=mm&r=g","contentUrl":"https:\/\/secure.gravatar.com\/avatar\/3a05e74c6579e68209676cb5cb64e0918f288da7a49210fa18d6e9cac1189840?s=96&d=mm&r=g","caption":"admin"},"sameAs":["https:\/\/site.bancariosdepiracicaba.com.br"],"url":"https:\/\/bancariosdepiracicaba.com.br\/?author=1"}]}},"_links":{"self":[{"href":"https:\/\/bancariosdepiracicaba.com.br\/index.php?rest_route=\/wp\/v2\/posts\/7342","targetHints":{"allow":["GET"]}}],"collection":[{"href":"https:\/\/bancariosdepiracicaba.com.br\/index.php?rest_route=\/wp\/v2\/posts"}],"about":[{"href":"https:\/\/bancariosdepiracicaba.com.br\/index.php?rest_route=\/wp\/v2\/types\/post"}],"author":[{"embeddable":true,"href":"https:\/\/bancariosdepiracicaba.com.br\/index.php?rest_route=\/wp\/v2\/users\/1"}],"replies":[{"embeddable":true,"href":"https:\/\/bancariosdepiracicaba.com.br\/index.php?rest_route=%2Fwp%2Fv2%2Fcomments&post=7342"}],"version-history":[{"count":1,"href":"https:\/\/bancariosdepiracicaba.com.br\/index.php?rest_route=\/wp\/v2\/posts\/7342\/revisions"}],"predecessor-version":[{"id":13888,"href":"https:\/\/bancariosdepiracicaba.com.br\/index.php?rest_route=\/wp\/v2\/posts\/7342\/revisions\/13888"}],"wp:attachment":[{"href":"https:\/\/bancariosdepiracicaba.com.br\/index.php?rest_route=%2Fwp%2Fv2%2Fmedia&parent=7342"}],"wp:term":[{"taxonomy":"category","embeddable":true,"href":"https:\/\/bancariosdepiracicaba.com.br\/index.php?rest_route=%2Fwp%2Fv2%2Fcategories&post=7342"},{"taxonomy":"post_tag","embeddable":true,"href":"https:\/\/bancariosdepiracicaba.com.br\/index.php?rest_route=%2Fwp%2Fv2%2Ftags&post=7342"}],"curies":[{"name":"wp","href":"https:\/\/api.w.org\/{rel}","templated":true}]}}