{"id":7336,"date":"2021-07-23T20:37:23","date_gmt":"2021-07-23T20:37:23","guid":{"rendered":"https:\/\/site.bancariosdepiracicaba.com.br\/2021\/07\/23\/bancarios-de-piracicaba-e-regiao-decidem-em-assembleia-encerrar-a-greve\/"},"modified":"2021-07-23T20:37:23","modified_gmt":"2021-07-23T20:37:23","slug":"bancarios-de-piracicaba-e-regiao-decidem-em-assembleia-encerrar-a-greve","status":"publish","type":"post","link":"https:\/\/bancariosdepiracicaba.com.br\/?p=7336","title":{"rendered":"Banc\u00e1rios de Piracicaba e regi\u00e3o decidem em assembleia, encerrar a greve"},"content":{"rendered":"<p>Os banc\u00e1rios em assembleia realizada nesta segunda-feira, 17, decidiram colocar um ponto final na greve, que hoje completou 21 dias e aceitar a proposta apresentada pela Fenaban na \u00faltima sexta-feira, 14. Banc\u00e1rios e banc\u00e1rias lotaram as depend\u00eancias do Teatro S\u00e3o Jos\u00e9  \u201c;Sal\u00e3o de Cristal \u201c;, para ouvir a proposta apresentada pelos banqueiros.<br \/>\nA Fenaban prop\u00f4s reajuste salarial de 9% (infla\u00e7\u00e3o do per \u00edodo mais aumento real de 1,5%), valoriza\u00e7\u00e3o do piso da categoria em 12%, que passaria para R$ 1.400 (aumento real de 4,3%) e melhorias na Participa\u00e7\u00e3o nos Lucros e Resultados (PLR), com eleva\u00e7\u00e3o da parcela fixa da regra b\u00e1sica para R$ 1.400 (reajuste de 27,2%) e do teto da parcela adicional para R$ 2.800 (reajuste de 16,7%).<br \/>\nA proposta dos bancos inclui tamb\u00e9m avan\u00e7os nas condi\u00e7\u00f5es de sa\u00fade, seguran\u00e7a e trabalho.  \u201c;Foi uma grande conquista para os trabalhadores, a cl\u00e1usula que proibi a divulga\u00e7\u00e3o de rankings individuais dos funcion\u00e1rios, desta forma podemos frear a cobran\u00e7a das metas abusivas, e principalmente o ass\u00e9dio moral \u201c;, declarou o presidente do Sindicato dos Banc\u00e1rios de Piracicaba e regi\u00e3o, Jos\u00e9 Antonio Fernandes Paiva.  \u201c;O movimento sindical obteve sucesso tamb\u00e9m na cl\u00e1usula que obriga os bancos a coibir o transporte de numer\u00e1rio por banc\u00e1rios, que deve ser realizado conforme a lei federal n\u00ba 7.102.83, atrav\u00e9s de vigilantes \u201c;, salientou Paiva.<br \/>\nOs dias de greve n\u00e3o ser\u00e3o descontados, mas ser\u00e3o compensados em at\u00e9 duas horas por dia, de segunda a sexta-feira, at\u00e9 o dia 15 de dezembro e, assim como nos anos anteriores, eventual saldo ap\u00f3s esse per \u00edodo ser\u00e1 anistiado.<br \/>\nAs propostas espec \u00edficas do Banco do Brasil e da Caixa Federal tamb\u00e9m apresentam melhorias para os banc\u00e1rios, envolvendo quest\u00f5es de carreira e condi\u00e7\u00f5es de trabalho, dentre outras. Entre os principais avan\u00e7os, destacam-se a PLR social e a contrata\u00e7\u00e3o de 5 mil empregados na Caixa e a valoriza\u00e7\u00e3o do plano de cargos e sal\u00e1rios no BB.<br \/>\nAp\u00f3s a apresenta\u00e7\u00e3o das propostas da Fenaban, e as espec \u00edficas do BB e Caixa, foi colocada em vota\u00e7\u00e3o se os banc\u00e1rios iriam ou n\u00e3o aceit\u00e1-las; 98,2% aceitaram a proposta, 1,4% recusaram e 0,4% se abstiveram. Sendo assim, a partir desta ter\u00e7a-feira, 18, os bancos reabrem no seu hor\u00e1rio normal.<br \/>\nFotos: F\u00e1bio Teixeira<\/p>\n","protected":false},"excerpt":{"rendered":"<p>Os banc\u00e1rios em assembleia realizada nesta segunda-feira, 17, decidiram colocar um ponto final na greve, que hoje completou 21 dias e aceitar a proposta apresentada pela Fenaban na \u00faltima sexta-feira, 14. Banc\u00e1rios e banc\u00e1rias lotaram as depend\u00eancias do Teatro S\u00e3o Jos\u00e9 \u201c;Sal\u00e3o de Cristal \u201c;, para ouvir a proposta apresentada pelos banqueiros. A Fenaban prop\u00f4s &hellip;<\/p>\n<p class=\"read-more\"> <a class=\"\" href=\"https:\/\/bancariosdepiracicaba.com.br\/?p=7336\"> <span class=\"screen-reader-text\">Banc\u00e1rios de Piracicaba e regi\u00e3o decidem em assembleia, encerrar a greve<\/span> Leia mais &raquo;<\/a><\/p>\n","protected":false},"author":1,"featured_media":0,"comment_status":"open","ping_status":"open","sticky":false,"template":"","format":"standard","meta":{"site-sidebar-layout":"default","site-content-layout":"default","ast-main-header-display":"","ast-hfb-above-header-display":"","ast-hfb-below-header-display":"","ast-hfb-mobile-header-display":"","site-post-title":"","ast-breadcrumbs-content":"","ast-featured-img":"","footer-sml-layout":"","theme-transparent-header-meta":"","adv-header-id-meta":"","stick-header-meta":"","header-above-stick-meta":"","header-main-stick-meta":"","header-below-stick-meta":"","footnotes":""},"categories":[1],"tags":[],"class_list":["post-7336","post","type-post","status-publish","format-standard","hentry","category-uncategorized"],"yoast_head":"<!-- This site is optimized with the Yoast SEO Premium plugin v16.1 (Yoast SEO v18.0) - https:\/\/yoast.com\/wordpress\/plugins\/seo\/ -->\n<title>Banc\u00e1rios de Piracicaba e regi\u00e3o decidem em assembleia, encerrar a greve - Sindban<\/title>\n<meta name=\"robots\" content=\"index, follow, max-snippet:-1, max-image-preview:large, max-video-preview:-1\" \/>\n<link rel=\"canonical\" href=\"https:\/\/bancariosdepiracicaba.com.br\/?p=7336\" \/>\n<meta property=\"og:locale\" content=\"pt_BR\" \/>\n<meta property=\"og:type\" content=\"article\" \/>\n<meta property=\"og:title\" content=\"Banc\u00e1rios de Piracicaba e regi\u00e3o decidem em assembleia, encerrar a greve - Sindban\" \/>\n<meta property=\"og:description\" content=\"Os banc\u00e1rios em assembleia realizada nesta segunda-feira, 17, decidiram colocar um ponto final na greve, que hoje completou 21 dias e aceitar a proposta apresentada pela Fenaban na \u00faltima sexta-feira, 14. Banc\u00e1rios e banc\u00e1rias lotaram as depend\u00eancias do Teatro S\u00e3o Jos\u00e9 \u201c;Sal\u00e3o de Cristal \u201c;, para ouvir a proposta apresentada pelos banqueiros. A Fenaban prop\u00f4s &hellip; Banc\u00e1rios de Piracicaba e regi\u00e3o decidem em assembleia, encerrar a greve Leia mais &raquo;\" \/>\n<meta property=\"og:url\" content=\"https:\/\/bancariosdepiracicaba.com.br\/?p=7336\" \/>\n<meta property=\"og:site_name\" content=\"Sindban\" \/>\n<meta property=\"article:published_time\" content=\"2021-07-23T20:37:23+00:00\" \/>\n<meta name=\"twitter:card\" content=\"summary_large_image\" \/>\n<meta name=\"twitter:label1\" content=\"Escrito por\" \/>\n\t<meta name=\"twitter:data1\" content=\"admin\" \/>\n\t<meta name=\"twitter:label2\" content=\"Est. tempo de leitura\" \/>\n\t<meta name=\"twitter:data2\" content=\"2 minutos\" \/>\n<script type=\"application\/ld+json\" class=\"yoast-schema-graph\">{\"@context\":\"https:\/\/schema.org\",\"@graph\":[{\"@type\":\"Organization\",\"@id\":\"https:\/\/bancariosdepiracicaba.com.br\/#organization\",\"name\":\"Sindban\",\"url\":\"https:\/\/bancariosdepiracicaba.com.br\/\",\"sameAs\":[],\"logo\":{\"@type\":\"ImageObject\",\"@id\":\"https:\/\/bancariosdepiracicaba.com.br\/#logo\",\"inLanguage\":\"pt-BR\",\"url\":\"https:\/\/site.bancariosdepiracicaba.com.br\/wp-content\/uploads\/2021\/04\/cropped-Asset-2.png\",\"contentUrl\":\"https:\/\/site.bancariosdepiracicaba.com.br\/wp-content\/uploads\/2021\/04\/cropped-Asset-2.png\",\"width\":512,\"height\":512,\"caption\":\"Sindban\"},\"image\":{\"@id\":\"https:\/\/bancariosdepiracicaba.com.br\/#logo\"}},{\"@type\":\"WebSite\",\"@id\":\"https:\/\/bancariosdepiracicaba.com.br\/#website\",\"url\":\"https:\/\/bancariosdepiracicaba.com.br\/\",\"name\":\"Sindban\",\"description\":\"Desenvolvimento\",\"publisher\":{\"@id\":\"https:\/\/bancariosdepiracicaba.com.br\/#organization\"},\"potentialAction\":[{\"@type\":\"SearchAction\",\"target\":{\"@type\":\"EntryPoint\",\"urlTemplate\":\"https:\/\/bancariosdepiracicaba.com.br\/?s={search_term_string}\"},\"query-input\":\"required name=search_term_string\"}],\"inLanguage\":\"pt-BR\"},{\"@type\":\"WebPage\",\"@id\":\"https:\/\/bancariosdepiracicaba.com.br\/?p=7336#webpage\",\"url\":\"https:\/\/bancariosdepiracicaba.com.br\/?p=7336\",\"name\":\"Banc\u00e1rios de Piracicaba e regi\u00e3o decidem em assembleia, encerrar a greve - Sindban\",\"isPartOf\":{\"@id\":\"https:\/\/bancariosdepiracicaba.com.br\/#website\"},\"datePublished\":\"2021-07-23T20:37:23+00:00\",\"dateModified\":\"2021-07-23T20:37:23+00:00\",\"breadcrumb\":{\"@id\":\"https:\/\/bancariosdepiracicaba.com.br\/?p=7336#breadcrumb\"},\"inLanguage\":\"pt-BR\",\"potentialAction\":[{\"@type\":\"ReadAction\",\"target\":[\"https:\/\/bancariosdepiracicaba.com.br\/?p=7336\"]}]},{\"@type\":\"BreadcrumbList\",\"@id\":\"https:\/\/bancariosdepiracicaba.com.br\/?p=7336#breadcrumb\",\"itemListElement\":[{\"@type\":\"ListItem\",\"position\":1,\"name\":\"Home\",\"item\":\"https:\/\/bancariosdepiracicaba.com.br\/\"},{\"@type\":\"ListItem\",\"position\":2,\"name\":\"Banc\u00e1rios de Piracicaba e regi\u00e3o decidem em assembleia, encerrar a greve\"}]},{\"@type\":\"Article\",\"@id\":\"https:\/\/bancariosdepiracicaba.com.br\/?p=7336#article\",\"isPartOf\":{\"@id\":\"https:\/\/bancariosdepiracicaba.com.br\/?p=7336#webpage\"},\"author\":{\"@id\":\"https:\/\/bancariosdepiracicaba.com.br\/#\/schema\/person\/6a12c780fc145ea2c9af09989ee600b0\"},\"headline\":\"Banc\u00e1rios de Piracicaba e regi\u00e3o decidem em assembleia, encerrar a greve\",\"datePublished\":\"2021-07-23T20:37:23+00:00\",\"dateModified\":\"2021-07-23T20:37:23+00:00\",\"mainEntityOfPage\":{\"@id\":\"https:\/\/bancariosdepiracicaba.com.br\/?p=7336#webpage\"},\"wordCount\":407,\"commentCount\":0,\"publisher\":{\"@id\":\"https:\/\/bancariosdepiracicaba.com.br\/#organization\"},\"articleSection\":[\"Uncategorized\"],\"inLanguage\":\"pt-BR\",\"potentialAction\":[{\"@type\":\"CommentAction\",\"name\":\"Comment\",\"target\":[\"https:\/\/bancariosdepiracicaba.com.br\/?p=7336#respond\"]}]},{\"@type\":\"Person\",\"@id\":\"https:\/\/bancariosdepiracicaba.com.br\/#\/schema\/person\/6a12c780fc145ea2c9af09989ee600b0\",\"name\":\"admin\",\"image\":{\"@type\":\"ImageObject\",\"@id\":\"https:\/\/bancariosdepiracicaba.com.br\/#personlogo\",\"inLanguage\":\"pt-BR\",\"url\":\"https:\/\/secure.gravatar.com\/avatar\/3a05e74c6579e68209676cb5cb64e0918f288da7a49210fa18d6e9cac1189840?s=96&d=mm&r=g\",\"contentUrl\":\"https:\/\/secure.gravatar.com\/avatar\/3a05e74c6579e68209676cb5cb64e0918f288da7a49210fa18d6e9cac1189840?s=96&d=mm&r=g\",\"caption\":\"admin\"},\"sameAs\":[\"https:\/\/site.bancariosdepiracicaba.com.br\"],\"url\":\"https:\/\/bancariosdepiracicaba.com.br\/?author=1\"}]}<\/script>\n<!-- \/ Yoast SEO Premium plugin. -->","yoast_head_json":{"title":"Banc\u00e1rios de Piracicaba e regi\u00e3o decidem em assembleia, encerrar a greve - Sindban","robots":{"index":"index","follow":"follow","max-snippet":"max-snippet:-1","max-image-preview":"max-image-preview:large","max-video-preview":"max-video-preview:-1"},"canonical":"https:\/\/bancariosdepiracicaba.com.br\/?p=7336","og_locale":"pt_BR","og_type":"article","og_title":"Banc\u00e1rios de Piracicaba e regi\u00e3o decidem em assembleia, encerrar a greve - Sindban","og_description":"Os banc\u00e1rios em assembleia realizada nesta segunda-feira, 17, decidiram colocar um ponto final na greve, que hoje completou 21 dias e aceitar a proposta apresentada pela Fenaban na \u00faltima sexta-feira, 14. Banc\u00e1rios e banc\u00e1rias lotaram as depend\u00eancias do Teatro S\u00e3o Jos\u00e9 \u201c;Sal\u00e3o de Cristal \u201c;, para ouvir a proposta apresentada pelos banqueiros. A Fenaban prop\u00f4s &hellip; Banc\u00e1rios de Piracicaba e regi\u00e3o decidem em assembleia, encerrar a greve Leia mais &raquo;","og_url":"https:\/\/bancariosdepiracicaba.com.br\/?p=7336","og_site_name":"Sindban","article_published_time":"2021-07-23T20:37:23+00:00","twitter_card":"summary_large_image","twitter_misc":{"Escrito por":"admin","Est. tempo de leitura":"2 minutos"},"schema":{"@context":"https:\/\/schema.org","@graph":[{"@type":"Organization","@id":"https:\/\/bancariosdepiracicaba.com.br\/#organization","name":"Sindban","url":"https:\/\/bancariosdepiracicaba.com.br\/","sameAs":[],"logo":{"@type":"ImageObject","@id":"https:\/\/bancariosdepiracicaba.com.br\/#logo","inLanguage":"pt-BR","url":"https:\/\/site.bancariosdepiracicaba.com.br\/wp-content\/uploads\/2021\/04\/cropped-Asset-2.png","contentUrl":"https:\/\/site.bancariosdepiracicaba.com.br\/wp-content\/uploads\/2021\/04\/cropped-Asset-2.png","width":512,"height":512,"caption":"Sindban"},"image":{"@id":"https:\/\/bancariosdepiracicaba.com.br\/#logo"}},{"@type":"WebSite","@id":"https:\/\/bancariosdepiracicaba.com.br\/#website","url":"https:\/\/bancariosdepiracicaba.com.br\/","name":"Sindban","description":"Desenvolvimento","publisher":{"@id":"https:\/\/bancariosdepiracicaba.com.br\/#organization"},"potentialAction":[{"@type":"SearchAction","target":{"@type":"EntryPoint","urlTemplate":"https:\/\/bancariosdepiracicaba.com.br\/?s={search_term_string}"},"query-input":"required name=search_term_string"}],"inLanguage":"pt-BR"},{"@type":"WebPage","@id":"https:\/\/bancariosdepiracicaba.com.br\/?p=7336#webpage","url":"https:\/\/bancariosdepiracicaba.com.br\/?p=7336","name":"Banc\u00e1rios de Piracicaba e regi\u00e3o decidem em assembleia, encerrar a greve - Sindban","isPartOf":{"@id":"https:\/\/bancariosdepiracicaba.com.br\/#website"},"datePublished":"2021-07-23T20:37:23+00:00","dateModified":"2021-07-23T20:37:23+00:00","breadcrumb":{"@id":"https:\/\/bancariosdepiracicaba.com.br\/?p=7336#breadcrumb"},"inLanguage":"pt-BR","potentialAction":[{"@type":"ReadAction","target":["https:\/\/bancariosdepiracicaba.com.br\/?p=7336"]}]},{"@type":"BreadcrumbList","@id":"https:\/\/bancariosdepiracicaba.com.br\/?p=7336#breadcrumb","itemListElement":[{"@type":"ListItem","position":1,"name":"Home","item":"https:\/\/bancariosdepiracicaba.com.br\/"},{"@type":"ListItem","position":2,"name":"Banc\u00e1rios de Piracicaba e regi\u00e3o decidem em assembleia, encerrar a greve"}]},{"@type":"Article","@id":"https:\/\/bancariosdepiracicaba.com.br\/?p=7336#article","isPartOf":{"@id":"https:\/\/bancariosdepiracicaba.com.br\/?p=7336#webpage"},"author":{"@id":"https:\/\/bancariosdepiracicaba.com.br\/#\/schema\/person\/6a12c780fc145ea2c9af09989ee600b0"},"headline":"Banc\u00e1rios de Piracicaba e regi\u00e3o decidem em assembleia, encerrar a greve","datePublished":"2021-07-23T20:37:23+00:00","dateModified":"2021-07-23T20:37:23+00:00","mainEntityOfPage":{"@id":"https:\/\/bancariosdepiracicaba.com.br\/?p=7336#webpage"},"wordCount":407,"commentCount":0,"publisher":{"@id":"https:\/\/bancariosdepiracicaba.com.br\/#organization"},"articleSection":["Uncategorized"],"inLanguage":"pt-BR","potentialAction":[{"@type":"CommentAction","name":"Comment","target":["https:\/\/bancariosdepiracicaba.com.br\/?p=7336#respond"]}]},{"@type":"Person","@id":"https:\/\/bancariosdepiracicaba.com.br\/#\/schema\/person\/6a12c780fc145ea2c9af09989ee600b0","name":"admin","image":{"@type":"ImageObject","@id":"https:\/\/bancariosdepiracicaba.com.br\/#personlogo","inLanguage":"pt-BR","url":"https:\/\/secure.gravatar.com\/avatar\/3a05e74c6579e68209676cb5cb64e0918f288da7a49210fa18d6e9cac1189840?s=96&d=mm&r=g","contentUrl":"https:\/\/secure.gravatar.com\/avatar\/3a05e74c6579e68209676cb5cb64e0918f288da7a49210fa18d6e9cac1189840?s=96&d=mm&r=g","caption":"admin"},"sameAs":["https:\/\/site.bancariosdepiracicaba.com.br"],"url":"https:\/\/bancariosdepiracicaba.com.br\/?author=1"}]}},"_links":{"self":[{"href":"https:\/\/bancariosdepiracicaba.com.br\/index.php?rest_route=\/wp\/v2\/posts\/7336","targetHints":{"allow":["GET"]}}],"collection":[{"href":"https:\/\/bancariosdepiracicaba.com.br\/index.php?rest_route=\/wp\/v2\/posts"}],"about":[{"href":"https:\/\/bancariosdepiracicaba.com.br\/index.php?rest_route=\/wp\/v2\/types\/post"}],"author":[{"embeddable":true,"href":"https:\/\/bancariosdepiracicaba.com.br\/index.php?rest_route=\/wp\/v2\/users\/1"}],"replies":[{"embeddable":true,"href":"https:\/\/bancariosdepiracicaba.com.br\/index.php?rest_route=%2Fwp%2Fv2%2Fcomments&post=7336"}],"version-history":[{"count":0,"href":"https:\/\/bancariosdepiracicaba.com.br\/index.php?rest_route=\/wp\/v2\/posts\/7336\/revisions"}],"wp:attachment":[{"href":"https:\/\/bancariosdepiracicaba.com.br\/index.php?rest_route=%2Fwp%2Fv2%2Fmedia&parent=7336"}],"wp:term":[{"taxonomy":"category","embeddable":true,"href":"https:\/\/bancariosdepiracicaba.com.br\/index.php?rest_route=%2Fwp%2Fv2%2Fcategories&post=7336"},{"taxonomy":"post_tag","embeddable":true,"href":"https:\/\/bancariosdepiracicaba.com.br\/index.php?rest_route=%2Fwp%2Fv2%2Ftags&post=7336"}],"curies":[{"name":"wp","href":"https:\/\/api.w.org\/{rel}","templated":true}]}}