{"id":7335,"date":"2021-07-23T20:37:22","date_gmt":"2021-07-23T20:37:22","guid":{"rendered":"https:\/\/site.bancariosdepiracicaba.com.br\/2021\/07\/23\/comando-nacional-assina-nova-convencao-coletiva-com-a-fenaban-nesta-sexta\/"},"modified":"2021-07-23T20:37:22","modified_gmt":"2021-07-23T20:37:22","slug":"comando-nacional-assina-nova-convencao-coletiva-com-a-fenaban-nesta-sexta","status":"publish","type":"post","link":"https:\/\/bancariosdepiracicaba.com.br\/?p=7335","title":{"rendered":"Comando Nacional assina nova conven\u00e7\u00e3o coletiva com a Fenaban nesta sexta"},"content":{"rendered":"<p>A Contraf-CUT, federa\u00e7\u00f5es e sindicatos assinam nesta sexta-feira, dia 21, \u00e0s 14 horas, a Conven\u00e7\u00e3o Coletiva de Trabalho (CCT) de 2011\/12 com a Fenaban, em S\u00e3o Paulo. O instrumento, v\u00e1lido para funcion\u00e1rios de bancos p\u00fablicos e privados em todo pa \u00eds, \u00e9 resultado da unidade nacional da categoria, da for\u00e7a da mobiliza\u00e7\u00e3o, cujo ponto forte foi \u00e0 greve de 21 dias que paralisou 9.254 ag\u00eancias e v\u00e1rios centros administrativos nos 26 estados e no Distrito Federal, e da capacidade de negocia\u00e7\u00e3o do Comando Nacional dos Banc\u00e1rios.<br \/>\nCom a assinatura, os bancos ter\u00e3o prazo de at\u00e9 10 dias, isto \u00e9, at\u00e9 o pr\u00f3ximo dia 31 para o pagamento da antecipa\u00e7\u00e3o da Participa\u00e7\u00e3o nos Lucros e Resultados (PLR), que prev\u00ea o cr\u00e9dito para cada funcion\u00e1rio de 54% do sal\u00e1rio mais o valor fixo de R$ 840,00, limitado a R$ 4.696,37, e ainda a distribui\u00e7\u00e3o de 2% do lucro l \u00edquido do primeiro semestre deste ano de forma linear com teto de R$ 1.400,00.<br \/>\nJ\u00e1 as diferen\u00e7as pela aplica\u00e7\u00e3o do reajuste nos sal\u00e1rios, nos t \u00edquetes-refei\u00e7\u00e3o e na cesta-alimenta\u00e7\u00e3o, relativas aos meses de setembro e outubro, dever\u00e3o ser pagas at\u00e9 a folha de pagamento do m\u00eas de novembro.<br \/>\nA conven\u00e7\u00e3o coletiva garante reajuste salarial de 9% (aumento real de 1,5%), valoriza\u00e7\u00e3o do piso da categoria em 12%, que passa para R$ 1.400 (aumento real de 4,3%) e PLR maior, com aumento da parcela fixa da regra b\u00e1sica para R$ 1.400 (reajuste de 27,2%) e do teto da parcela adicional para R$ 2.800 (reajuste de 16,7%).<br \/>\nAl\u00e9m disso, os banc\u00e1rios conquistaram avan\u00e7os sociais. Uma nova cl\u00e1usula pro \u00edbe a divulga\u00e7\u00e3o de rankings individuais dos funcion\u00e1rios, como forma de frear a cobran\u00e7a das metas abusivas, combatendo o ass\u00e9dio moral. Outra cl\u00e1usula obriga os bancos a coibir o transporte de numer\u00e1rio por banc\u00e1rios, que deve ser realizado conforme a lei federal n\u00ba 7.102\/83, atrav\u00e9s de vigilantes.<br \/>\nOs dias de greve n\u00e3o ser\u00e3o descontados, mas ser\u00e3o compensados ap\u00f3s a assinatura da conven\u00e7\u00e3o coletiva em at\u00e9 duas horas por dia, de segunda a sexta-feira, exceto feriados, at\u00e9 o dia 15 de dezembro.<br \/>\n                 \u201c;Conquistamos aumento real pelo oitavo ano consecutivo, mais valoriza\u00e7\u00e3o do piso, maior participa\u00e7\u00e3o nos lucros e resultados, avan\u00e7os significativos nas condi\u00e7\u00f5es de trabalho. Foi uma vit\u00f3ria dos banc\u00e1rios e a assinatura da conven\u00e7\u00e3o coletiva \u00e9 a coroa\u00e7\u00e3o dos trabalhadores e trabalhadoras \u201c;, enfatizou Jos\u00e9 Antonio Fernandes Paiva, presidente do Sindicato dos Banc\u00e1rios de Piracicaba e regi\u00e3o.<br \/>\nPara o presidente da Contraf-CUT, Carlos Cordeiro &#8220;a assinatura concretiza as conquistas da maior greve dos banc\u00e1rios nos \u00faltimos 20 anos e significa mais um passo firme na luta dos trabalhadores por emprego decente&#8221;.<br \/>\nFonte: Contraf-CUT<\/p>\n","protected":false},"excerpt":{"rendered":"<p>A Contraf-CUT, federa\u00e7\u00f5es e sindicatos assinam nesta sexta-feira, dia 21, \u00e0s 14 horas, a Conven\u00e7\u00e3o Coletiva de Trabalho (CCT) de 2011\/12 com a Fenaban, em S\u00e3o Paulo. O instrumento, v\u00e1lido para funcion\u00e1rios de bancos p\u00fablicos e privados em todo pa \u00eds, \u00e9 resultado da unidade nacional da categoria, da for\u00e7a da mobiliza\u00e7\u00e3o, cujo ponto forte &hellip;<\/p>\n<p class=\"read-more\"> <a class=\"\" href=\"https:\/\/bancariosdepiracicaba.com.br\/?p=7335\"> <span class=\"screen-reader-text\">Comando Nacional assina nova conven\u00e7\u00e3o coletiva com a Fenaban nesta sexta<\/span> Leia mais &raquo;<\/a><\/p>\n","protected":false},"author":1,"featured_media":0,"comment_status":"open","ping_status":"open","sticky":false,"template":"","format":"standard","meta":{"site-sidebar-layout":"default","site-content-layout":"default","ast-main-header-display":"","ast-hfb-above-header-display":"","ast-hfb-below-header-display":"","ast-hfb-mobile-header-display":"","site-post-title":"","ast-breadcrumbs-content":"","ast-featured-img":"","footer-sml-layout":"","theme-transparent-header-meta":"","adv-header-id-meta":"","stick-header-meta":"","header-above-stick-meta":"","header-main-stick-meta":"","header-below-stick-meta":"","footnotes":""},"categories":[1],"tags":[],"class_list":["post-7335","post","type-post","status-publish","format-standard","hentry","category-uncategorized"],"yoast_head":"<!-- This site is optimized with the Yoast SEO Premium plugin v16.1 (Yoast SEO v18.0) - https:\/\/yoast.com\/wordpress\/plugins\/seo\/ -->\n<title>Comando Nacional assina nova conven\u00e7\u00e3o coletiva com a Fenaban nesta sexta - Sindban<\/title>\n<meta name=\"robots\" content=\"index, follow, max-snippet:-1, max-image-preview:large, max-video-preview:-1\" \/>\n<link rel=\"canonical\" href=\"https:\/\/bancariosdepiracicaba.com.br\/?p=7335\" \/>\n<meta property=\"og:locale\" content=\"pt_BR\" \/>\n<meta property=\"og:type\" content=\"article\" \/>\n<meta property=\"og:title\" content=\"Comando Nacional assina nova conven\u00e7\u00e3o coletiva com a Fenaban nesta sexta - Sindban\" \/>\n<meta property=\"og:description\" content=\"A Contraf-CUT, federa\u00e7\u00f5es e sindicatos assinam nesta sexta-feira, dia 21, \u00e0s 14 horas, a Conven\u00e7\u00e3o Coletiva de Trabalho (CCT) de 2011\/12 com a Fenaban, em S\u00e3o Paulo. O instrumento, v\u00e1lido para funcion\u00e1rios de bancos p\u00fablicos e privados em todo pa \u00eds, \u00e9 resultado da unidade nacional da categoria, da for\u00e7a da mobiliza\u00e7\u00e3o, cujo ponto forte &hellip; Comando Nacional assina nova conven\u00e7\u00e3o coletiva com a Fenaban nesta sexta Leia mais &raquo;\" \/>\n<meta property=\"og:url\" content=\"https:\/\/bancariosdepiracicaba.com.br\/?p=7335\" \/>\n<meta property=\"og:site_name\" content=\"Sindban\" \/>\n<meta property=\"article:published_time\" content=\"2021-07-23T20:37:22+00:00\" \/>\n<meta name=\"twitter:card\" content=\"summary_large_image\" \/>\n<meta name=\"twitter:label1\" content=\"Escrito por\" \/>\n\t<meta name=\"twitter:data1\" content=\"admin\" \/>\n\t<meta name=\"twitter:label2\" content=\"Est. tempo de leitura\" \/>\n\t<meta name=\"twitter:data2\" content=\"2 minutos\" \/>\n<script type=\"application\/ld+json\" class=\"yoast-schema-graph\">{\"@context\":\"https:\/\/schema.org\",\"@graph\":[{\"@type\":\"Organization\",\"@id\":\"https:\/\/bancariosdepiracicaba.com.br\/#organization\",\"name\":\"Sindban\",\"url\":\"https:\/\/bancariosdepiracicaba.com.br\/\",\"sameAs\":[],\"logo\":{\"@type\":\"ImageObject\",\"@id\":\"https:\/\/bancariosdepiracicaba.com.br\/#logo\",\"inLanguage\":\"pt-BR\",\"url\":\"https:\/\/site.bancariosdepiracicaba.com.br\/wp-content\/uploads\/2021\/04\/cropped-Asset-2.png\",\"contentUrl\":\"https:\/\/site.bancariosdepiracicaba.com.br\/wp-content\/uploads\/2021\/04\/cropped-Asset-2.png\",\"width\":512,\"height\":512,\"caption\":\"Sindban\"},\"image\":{\"@id\":\"https:\/\/bancariosdepiracicaba.com.br\/#logo\"}},{\"@type\":\"WebSite\",\"@id\":\"https:\/\/bancariosdepiracicaba.com.br\/#website\",\"url\":\"https:\/\/bancariosdepiracicaba.com.br\/\",\"name\":\"Sindban\",\"description\":\"Desenvolvimento\",\"publisher\":{\"@id\":\"https:\/\/bancariosdepiracicaba.com.br\/#organization\"},\"potentialAction\":[{\"@type\":\"SearchAction\",\"target\":{\"@type\":\"EntryPoint\",\"urlTemplate\":\"https:\/\/bancariosdepiracicaba.com.br\/?s={search_term_string}\"},\"query-input\":\"required name=search_term_string\"}],\"inLanguage\":\"pt-BR\"},{\"@type\":\"WebPage\",\"@id\":\"https:\/\/bancariosdepiracicaba.com.br\/?p=7335#webpage\",\"url\":\"https:\/\/bancariosdepiracicaba.com.br\/?p=7335\",\"name\":\"Comando Nacional assina nova conven\u00e7\u00e3o coletiva com a Fenaban nesta sexta - Sindban\",\"isPartOf\":{\"@id\":\"https:\/\/bancariosdepiracicaba.com.br\/#website\"},\"datePublished\":\"2021-07-23T20:37:22+00:00\",\"dateModified\":\"2021-07-23T20:37:22+00:00\",\"breadcrumb\":{\"@id\":\"https:\/\/bancariosdepiracicaba.com.br\/?p=7335#breadcrumb\"},\"inLanguage\":\"pt-BR\",\"potentialAction\":[{\"@type\":\"ReadAction\",\"target\":[\"https:\/\/bancariosdepiracicaba.com.br\/?p=7335\"]}]},{\"@type\":\"BreadcrumbList\",\"@id\":\"https:\/\/bancariosdepiracicaba.com.br\/?p=7335#breadcrumb\",\"itemListElement\":[{\"@type\":\"ListItem\",\"position\":1,\"name\":\"Home\",\"item\":\"https:\/\/bancariosdepiracicaba.com.br\/\"},{\"@type\":\"ListItem\",\"position\":2,\"name\":\"Comando Nacional assina nova conven\u00e7\u00e3o coletiva com a Fenaban nesta sexta\"}]},{\"@type\":\"Article\",\"@id\":\"https:\/\/bancariosdepiracicaba.com.br\/?p=7335#article\",\"isPartOf\":{\"@id\":\"https:\/\/bancariosdepiracicaba.com.br\/?p=7335#webpage\"},\"author\":{\"@id\":\"https:\/\/bancariosdepiracicaba.com.br\/#\/schema\/person\/6a12c780fc145ea2c9af09989ee600b0\"},\"headline\":\"Comando Nacional assina nova conven\u00e7\u00e3o coletiva com a Fenaban nesta sexta\",\"datePublished\":\"2021-07-23T20:37:22+00:00\",\"dateModified\":\"2021-07-23T20:37:22+00:00\",\"mainEntityOfPage\":{\"@id\":\"https:\/\/bancariosdepiracicaba.com.br\/?p=7335#webpage\"},\"wordCount\":476,\"commentCount\":0,\"publisher\":{\"@id\":\"https:\/\/bancariosdepiracicaba.com.br\/#organization\"},\"articleSection\":[\"Uncategorized\"],\"inLanguage\":\"pt-BR\",\"potentialAction\":[{\"@type\":\"CommentAction\",\"name\":\"Comment\",\"target\":[\"https:\/\/bancariosdepiracicaba.com.br\/?p=7335#respond\"]}]},{\"@type\":\"Person\",\"@id\":\"https:\/\/bancariosdepiracicaba.com.br\/#\/schema\/person\/6a12c780fc145ea2c9af09989ee600b0\",\"name\":\"admin\",\"image\":{\"@type\":\"ImageObject\",\"@id\":\"https:\/\/bancariosdepiracicaba.com.br\/#personlogo\",\"inLanguage\":\"pt-BR\",\"url\":\"https:\/\/secure.gravatar.com\/avatar\/3a05e74c6579e68209676cb5cb64e0918f288da7a49210fa18d6e9cac1189840?s=96&d=mm&r=g\",\"contentUrl\":\"https:\/\/secure.gravatar.com\/avatar\/3a05e74c6579e68209676cb5cb64e0918f288da7a49210fa18d6e9cac1189840?s=96&d=mm&r=g\",\"caption\":\"admin\"},\"sameAs\":[\"https:\/\/site.bancariosdepiracicaba.com.br\"],\"url\":\"https:\/\/bancariosdepiracicaba.com.br\/?author=1\"}]}<\/script>\n<!-- \/ Yoast SEO Premium plugin. -->","yoast_head_json":{"title":"Comando Nacional assina nova conven\u00e7\u00e3o coletiva com a Fenaban nesta sexta - Sindban","robots":{"index":"index","follow":"follow","max-snippet":"max-snippet:-1","max-image-preview":"max-image-preview:large","max-video-preview":"max-video-preview:-1"},"canonical":"https:\/\/bancariosdepiracicaba.com.br\/?p=7335","og_locale":"pt_BR","og_type":"article","og_title":"Comando Nacional assina nova conven\u00e7\u00e3o coletiva com a Fenaban nesta sexta - Sindban","og_description":"A Contraf-CUT, federa\u00e7\u00f5es e sindicatos assinam nesta sexta-feira, dia 21, \u00e0s 14 horas, a Conven\u00e7\u00e3o Coletiva de Trabalho (CCT) de 2011\/12 com a Fenaban, em S\u00e3o Paulo. O instrumento, v\u00e1lido para funcion\u00e1rios de bancos p\u00fablicos e privados em todo pa \u00eds, \u00e9 resultado da unidade nacional da categoria, da for\u00e7a da mobiliza\u00e7\u00e3o, cujo ponto forte &hellip; Comando Nacional assina nova conven\u00e7\u00e3o coletiva com a Fenaban nesta sexta Leia mais &raquo;","og_url":"https:\/\/bancariosdepiracicaba.com.br\/?p=7335","og_site_name":"Sindban","article_published_time":"2021-07-23T20:37:22+00:00","twitter_card":"summary_large_image","twitter_misc":{"Escrito por":"admin","Est. tempo de leitura":"2 minutos"},"schema":{"@context":"https:\/\/schema.org","@graph":[{"@type":"Organization","@id":"https:\/\/bancariosdepiracicaba.com.br\/#organization","name":"Sindban","url":"https:\/\/bancariosdepiracicaba.com.br\/","sameAs":[],"logo":{"@type":"ImageObject","@id":"https:\/\/bancariosdepiracicaba.com.br\/#logo","inLanguage":"pt-BR","url":"https:\/\/site.bancariosdepiracicaba.com.br\/wp-content\/uploads\/2021\/04\/cropped-Asset-2.png","contentUrl":"https:\/\/site.bancariosdepiracicaba.com.br\/wp-content\/uploads\/2021\/04\/cropped-Asset-2.png","width":512,"height":512,"caption":"Sindban"},"image":{"@id":"https:\/\/bancariosdepiracicaba.com.br\/#logo"}},{"@type":"WebSite","@id":"https:\/\/bancariosdepiracicaba.com.br\/#website","url":"https:\/\/bancariosdepiracicaba.com.br\/","name":"Sindban","description":"Desenvolvimento","publisher":{"@id":"https:\/\/bancariosdepiracicaba.com.br\/#organization"},"potentialAction":[{"@type":"SearchAction","target":{"@type":"EntryPoint","urlTemplate":"https:\/\/bancariosdepiracicaba.com.br\/?s={search_term_string}"},"query-input":"required name=search_term_string"}],"inLanguage":"pt-BR"},{"@type":"WebPage","@id":"https:\/\/bancariosdepiracicaba.com.br\/?p=7335#webpage","url":"https:\/\/bancariosdepiracicaba.com.br\/?p=7335","name":"Comando Nacional assina nova conven\u00e7\u00e3o coletiva com a Fenaban nesta sexta - Sindban","isPartOf":{"@id":"https:\/\/bancariosdepiracicaba.com.br\/#website"},"datePublished":"2021-07-23T20:37:22+00:00","dateModified":"2021-07-23T20:37:22+00:00","breadcrumb":{"@id":"https:\/\/bancariosdepiracicaba.com.br\/?p=7335#breadcrumb"},"inLanguage":"pt-BR","potentialAction":[{"@type":"ReadAction","target":["https:\/\/bancariosdepiracicaba.com.br\/?p=7335"]}]},{"@type":"BreadcrumbList","@id":"https:\/\/bancariosdepiracicaba.com.br\/?p=7335#breadcrumb","itemListElement":[{"@type":"ListItem","position":1,"name":"Home","item":"https:\/\/bancariosdepiracicaba.com.br\/"},{"@type":"ListItem","position":2,"name":"Comando Nacional assina nova conven\u00e7\u00e3o coletiva com a Fenaban nesta sexta"}]},{"@type":"Article","@id":"https:\/\/bancariosdepiracicaba.com.br\/?p=7335#article","isPartOf":{"@id":"https:\/\/bancariosdepiracicaba.com.br\/?p=7335#webpage"},"author":{"@id":"https:\/\/bancariosdepiracicaba.com.br\/#\/schema\/person\/6a12c780fc145ea2c9af09989ee600b0"},"headline":"Comando Nacional assina nova conven\u00e7\u00e3o coletiva com a Fenaban nesta sexta","datePublished":"2021-07-23T20:37:22+00:00","dateModified":"2021-07-23T20:37:22+00:00","mainEntityOfPage":{"@id":"https:\/\/bancariosdepiracicaba.com.br\/?p=7335#webpage"},"wordCount":476,"commentCount":0,"publisher":{"@id":"https:\/\/bancariosdepiracicaba.com.br\/#organization"},"articleSection":["Uncategorized"],"inLanguage":"pt-BR","potentialAction":[{"@type":"CommentAction","name":"Comment","target":["https:\/\/bancariosdepiracicaba.com.br\/?p=7335#respond"]}]},{"@type":"Person","@id":"https:\/\/bancariosdepiracicaba.com.br\/#\/schema\/person\/6a12c780fc145ea2c9af09989ee600b0","name":"admin","image":{"@type":"ImageObject","@id":"https:\/\/bancariosdepiracicaba.com.br\/#personlogo","inLanguage":"pt-BR","url":"https:\/\/secure.gravatar.com\/avatar\/3a05e74c6579e68209676cb5cb64e0918f288da7a49210fa18d6e9cac1189840?s=96&d=mm&r=g","contentUrl":"https:\/\/secure.gravatar.com\/avatar\/3a05e74c6579e68209676cb5cb64e0918f288da7a49210fa18d6e9cac1189840?s=96&d=mm&r=g","caption":"admin"},"sameAs":["https:\/\/site.bancariosdepiracicaba.com.br"],"url":"https:\/\/bancariosdepiracicaba.com.br\/?author=1"}]}},"_links":{"self":[{"href":"https:\/\/bancariosdepiracicaba.com.br\/index.php?rest_route=\/wp\/v2\/posts\/7335","targetHints":{"allow":["GET"]}}],"collection":[{"href":"https:\/\/bancariosdepiracicaba.com.br\/index.php?rest_route=\/wp\/v2\/posts"}],"about":[{"href":"https:\/\/bancariosdepiracicaba.com.br\/index.php?rest_route=\/wp\/v2\/types\/post"}],"author":[{"embeddable":true,"href":"https:\/\/bancariosdepiracicaba.com.br\/index.php?rest_route=\/wp\/v2\/users\/1"}],"replies":[{"embeddable":true,"href":"https:\/\/bancariosdepiracicaba.com.br\/index.php?rest_route=%2Fwp%2Fv2%2Fcomments&post=7335"}],"version-history":[{"count":0,"href":"https:\/\/bancariosdepiracicaba.com.br\/index.php?rest_route=\/wp\/v2\/posts\/7335\/revisions"}],"wp:attachment":[{"href":"https:\/\/bancariosdepiracicaba.com.br\/index.php?rest_route=%2Fwp%2Fv2%2Fmedia&parent=7335"}],"wp:term":[{"taxonomy":"category","embeddable":true,"href":"https:\/\/bancariosdepiracicaba.com.br\/index.php?rest_route=%2Fwp%2Fv2%2Fcategories&post=7335"},{"taxonomy":"post_tag","embeddable":true,"href":"https:\/\/bancariosdepiracicaba.com.br\/index.php?rest_route=%2Fwp%2Fv2%2Ftags&post=7335"}],"curies":[{"name":"wp","href":"https:\/\/api.w.org\/{rel}","templated":true}]}}