{"id":7328,"date":"2021-07-23T20:37:09","date_gmt":"2021-07-23T20:37:09","guid":{"rendered":"https:\/\/site.bancariosdepiracicaba.com.br\/2021\/07\/23\/greve-e-intervencao-da-cut-junto-ao-governo-garantem-negociacoes-entre-fenaban-e-bancarios\/"},"modified":"2021-07-23T20:37:09","modified_gmt":"2021-07-23T20:37:09","slug":"greve-e-intervencao-da-cut-junto-ao-governo-garantem-negociacoes-entre-fenaban-e-bancarios","status":"publish","type":"post","link":"https:\/\/bancariosdepiracicaba.com.br\/?p=7328","title":{"rendered":"Greve e interven\u00e7\u00e3o da CUT junto ao governo garantem negocia\u00e7\u00f5es entre Fenaban e banc\u00e1rios"},"content":{"rendered":"<p>Artur Henrique cobrou de ministros que os bancos p\u00fablicos adotassem postura diferente dos demais<br \/>\nA audi\u00eancia de negocia\u00e7\u00e3o entre a Federa\u00e7\u00e3o Nacional de Bancos (Fenaban) e o Comando de Greve dos Banc\u00e1rios que acontece nesta quinta, dia 13, a partir das 16 horas, \u00e9 resultado, acima de tudo, da mobiliza\u00e7\u00e3o dos trabalhadores e trabalhadoras do sistema financeiro que h\u00e1 17 dias realizam aguerrida greve com o objetivo de conquistar uma proposta digna de aumento salarial.<br \/>\nPor\u00e9m, a abertura desse canal de di\u00e1logo tamb\u00e9m acontece por interven\u00e7\u00e3o da Dire\u00e7\u00e3o Nacional da CUT, que ao longo da \u00faltima ter\u00e7a-feira, 11, e da quarta, dia 12, procurou os ministros Gilberto Carvalho, da Secretaria-Geral da Presid\u00eancia, e Guido Mantega, da Fazenda, e tamb\u00e9m a chefia de gabinete da presidente Dilma, para cobrar que os bancos p\u00fablicos adotassem postura diferente da dos demais bancos que t\u00eam assento na Fenaban.<br \/>\n \u201c;Somados, os bancos p\u00fablicos, como Banco do Brasil e Caixa Econ\u00f4mica Federal, t\u00eam um peso enorme nas decis\u00f5es da Fenaban. Cobramos empenho do governo, que \u00e9 acionista majorit\u00e1rio dessas institui\u00e7\u00f5es, para assumir uma nova abordagem nesse conflito trabalhista, que vem sendo marcado pela intransig\u00eancia e autoritarismo dos bancos \u201c;, informa o presidente da CUT, Artur Henrique, que fez os contatos com os representantes do governo.<br \/>\nA imensa maioria dos sindicatos dos trabalhadores do sistema financeiro em todo o Brasil \u00e9 filiada \u00e0 CUT.<br \/>\nArtur lembra que os bancos e empresas do setor financeiro t\u00eam amealhado, sucessivamente ao longo dos anos, imensas margens de lucro e ampla liberdade de atua\u00e7\u00e3o no mercado.  \u201c;A postura de endurecimento e a rid \u00edcula proposta de aumento salarial n\u00e3o s\u00e3o condizentes com a situa\u00e7\u00e3o dos bancos no Brasil \u201c;, completou Artur.<\/p>\n","protected":false},"excerpt":{"rendered":"<p>Artur Henrique cobrou de ministros que os bancos p\u00fablicos adotassem postura diferente dos demais A audi\u00eancia de negocia\u00e7\u00e3o entre a Federa\u00e7\u00e3o Nacional de Bancos (Fenaban) e o Comando de Greve dos Banc\u00e1rios que acontece nesta quinta, dia 13, a partir das 16 horas, \u00e9 resultado, acima de tudo, da mobiliza\u00e7\u00e3o dos trabalhadores e trabalhadoras do &hellip;<\/p>\n<p class=\"read-more\"> <a class=\"\" href=\"https:\/\/bancariosdepiracicaba.com.br\/?p=7328\"> <span class=\"screen-reader-text\">Greve e interven\u00e7\u00e3o da CUT junto ao governo garantem negocia\u00e7\u00f5es entre Fenaban e banc\u00e1rios<\/span> Leia mais &raquo;<\/a><\/p>\n","protected":false},"author":1,"featured_media":0,"comment_status":"open","ping_status":"open","sticky":false,"template":"","format":"standard","meta":{"site-sidebar-layout":"default","site-content-layout":"default","ast-main-header-display":"","ast-hfb-above-header-display":"","ast-hfb-below-header-display":"","ast-hfb-mobile-header-display":"","site-post-title":"","ast-breadcrumbs-content":"","ast-featured-img":"","footer-sml-layout":"","theme-transparent-header-meta":"","adv-header-id-meta":"","stick-header-meta":"","header-above-stick-meta":"","header-main-stick-meta":"","header-below-stick-meta":"","footnotes":""},"categories":[1],"tags":[],"class_list":["post-7328","post","type-post","status-publish","format-standard","hentry","category-uncategorized"],"yoast_head":"<!-- This site is optimized with the Yoast SEO Premium plugin v16.1 (Yoast SEO v18.0) - https:\/\/yoast.com\/wordpress\/plugins\/seo\/ -->\n<title>Greve e interven\u00e7\u00e3o da CUT junto ao governo garantem negocia\u00e7\u00f5es entre Fenaban e banc\u00e1rios - Sindban<\/title>\n<meta name=\"robots\" content=\"index, follow, max-snippet:-1, max-image-preview:large, max-video-preview:-1\" \/>\n<link rel=\"canonical\" href=\"https:\/\/bancariosdepiracicaba.com.br\/?p=7328\" \/>\n<meta property=\"og:locale\" content=\"pt_BR\" \/>\n<meta property=\"og:type\" content=\"article\" \/>\n<meta property=\"og:title\" content=\"Greve e interven\u00e7\u00e3o da CUT junto ao governo garantem negocia\u00e7\u00f5es entre Fenaban e banc\u00e1rios - Sindban\" \/>\n<meta property=\"og:description\" content=\"Artur Henrique cobrou de ministros que os bancos p\u00fablicos adotassem postura diferente dos demais A audi\u00eancia de negocia\u00e7\u00e3o entre a Federa\u00e7\u00e3o Nacional de Bancos (Fenaban) e o Comando de Greve dos Banc\u00e1rios que acontece nesta quinta, dia 13, a partir das 16 horas, \u00e9 resultado, acima de tudo, da mobiliza\u00e7\u00e3o dos trabalhadores e trabalhadoras do &hellip; Greve e interven\u00e7\u00e3o da CUT junto ao governo garantem negocia\u00e7\u00f5es entre Fenaban e banc\u00e1rios Leia mais &raquo;\" \/>\n<meta property=\"og:url\" content=\"https:\/\/bancariosdepiracicaba.com.br\/?p=7328\" \/>\n<meta property=\"og:site_name\" content=\"Sindban\" \/>\n<meta property=\"article:published_time\" content=\"2021-07-23T20:37:09+00:00\" \/>\n<meta name=\"twitter:card\" content=\"summary_large_image\" \/>\n<meta name=\"twitter:label1\" content=\"Escrito por\" \/>\n\t<meta name=\"twitter:data1\" content=\"admin\" \/>\n\t<meta name=\"twitter:label2\" content=\"Est. tempo de leitura\" \/>\n\t<meta name=\"twitter:data2\" content=\"1 minuto\" \/>\n<script type=\"application\/ld+json\" class=\"yoast-schema-graph\">{\"@context\":\"https:\/\/schema.org\",\"@graph\":[{\"@type\":\"Organization\",\"@id\":\"https:\/\/bancariosdepiracicaba.com.br\/#organization\",\"name\":\"Sindban\",\"url\":\"https:\/\/bancariosdepiracicaba.com.br\/\",\"sameAs\":[],\"logo\":{\"@type\":\"ImageObject\",\"@id\":\"https:\/\/bancariosdepiracicaba.com.br\/#logo\",\"inLanguage\":\"pt-BR\",\"url\":\"https:\/\/site.bancariosdepiracicaba.com.br\/wp-content\/uploads\/2021\/04\/cropped-Asset-2.png\",\"contentUrl\":\"https:\/\/site.bancariosdepiracicaba.com.br\/wp-content\/uploads\/2021\/04\/cropped-Asset-2.png\",\"width\":512,\"height\":512,\"caption\":\"Sindban\"},\"image\":{\"@id\":\"https:\/\/bancariosdepiracicaba.com.br\/#logo\"}},{\"@type\":\"WebSite\",\"@id\":\"https:\/\/bancariosdepiracicaba.com.br\/#website\",\"url\":\"https:\/\/bancariosdepiracicaba.com.br\/\",\"name\":\"Sindban\",\"description\":\"Desenvolvimento\",\"publisher\":{\"@id\":\"https:\/\/bancariosdepiracicaba.com.br\/#organization\"},\"potentialAction\":[{\"@type\":\"SearchAction\",\"target\":{\"@type\":\"EntryPoint\",\"urlTemplate\":\"https:\/\/bancariosdepiracicaba.com.br\/?s={search_term_string}\"},\"query-input\":\"required name=search_term_string\"}],\"inLanguage\":\"pt-BR\"},{\"@type\":\"WebPage\",\"@id\":\"https:\/\/bancariosdepiracicaba.com.br\/?p=7328#webpage\",\"url\":\"https:\/\/bancariosdepiracicaba.com.br\/?p=7328\",\"name\":\"Greve e interven\u00e7\u00e3o da CUT junto ao governo garantem negocia\u00e7\u00f5es entre Fenaban e banc\u00e1rios - Sindban\",\"isPartOf\":{\"@id\":\"https:\/\/bancariosdepiracicaba.com.br\/#website\"},\"datePublished\":\"2021-07-23T20:37:09+00:00\",\"dateModified\":\"2021-07-23T20:37:09+00:00\",\"breadcrumb\":{\"@id\":\"https:\/\/bancariosdepiracicaba.com.br\/?p=7328#breadcrumb\"},\"inLanguage\":\"pt-BR\",\"potentialAction\":[{\"@type\":\"ReadAction\",\"target\":[\"https:\/\/bancariosdepiracicaba.com.br\/?p=7328\"]}]},{\"@type\":\"BreadcrumbList\",\"@id\":\"https:\/\/bancariosdepiracicaba.com.br\/?p=7328#breadcrumb\",\"itemListElement\":[{\"@type\":\"ListItem\",\"position\":1,\"name\":\"Home\",\"item\":\"https:\/\/bancariosdepiracicaba.com.br\/\"},{\"@type\":\"ListItem\",\"position\":2,\"name\":\"Greve e interven\u00e7\u00e3o da CUT junto ao governo garantem negocia\u00e7\u00f5es entre Fenaban e banc\u00e1rios\"}]},{\"@type\":\"Article\",\"@id\":\"https:\/\/bancariosdepiracicaba.com.br\/?p=7328#article\",\"isPartOf\":{\"@id\":\"https:\/\/bancariosdepiracicaba.com.br\/?p=7328#webpage\"},\"author\":{\"@id\":\"https:\/\/bancariosdepiracicaba.com.br\/#\/schema\/person\/6a12c780fc145ea2c9af09989ee600b0\"},\"headline\":\"Greve e interven\u00e7\u00e3o da CUT junto ao governo garantem negocia\u00e7\u00f5es entre Fenaban e banc\u00e1rios\",\"datePublished\":\"2021-07-23T20:37:09+00:00\",\"dateModified\":\"2021-07-23T20:37:09+00:00\",\"mainEntityOfPage\":{\"@id\":\"https:\/\/bancariosdepiracicaba.com.br\/?p=7328#webpage\"},\"wordCount\":314,\"commentCount\":0,\"publisher\":{\"@id\":\"https:\/\/bancariosdepiracicaba.com.br\/#organization\"},\"articleSection\":[\"Uncategorized\"],\"inLanguage\":\"pt-BR\",\"potentialAction\":[{\"@type\":\"CommentAction\",\"name\":\"Comment\",\"target\":[\"https:\/\/bancariosdepiracicaba.com.br\/?p=7328#respond\"]}]},{\"@type\":\"Person\",\"@id\":\"https:\/\/bancariosdepiracicaba.com.br\/#\/schema\/person\/6a12c780fc145ea2c9af09989ee600b0\",\"name\":\"admin\",\"image\":{\"@type\":\"ImageObject\",\"@id\":\"https:\/\/bancariosdepiracicaba.com.br\/#personlogo\",\"inLanguage\":\"pt-BR\",\"url\":\"https:\/\/secure.gravatar.com\/avatar\/3a05e74c6579e68209676cb5cb64e0918f288da7a49210fa18d6e9cac1189840?s=96&d=mm&r=g\",\"contentUrl\":\"https:\/\/secure.gravatar.com\/avatar\/3a05e74c6579e68209676cb5cb64e0918f288da7a49210fa18d6e9cac1189840?s=96&d=mm&r=g\",\"caption\":\"admin\"},\"sameAs\":[\"https:\/\/site.bancariosdepiracicaba.com.br\"],\"url\":\"https:\/\/bancariosdepiracicaba.com.br\/?author=1\"}]}<\/script>\n<!-- \/ Yoast SEO Premium plugin. -->","yoast_head_json":{"title":"Greve e interven\u00e7\u00e3o da CUT junto ao governo garantem negocia\u00e7\u00f5es entre Fenaban e banc\u00e1rios - Sindban","robots":{"index":"index","follow":"follow","max-snippet":"max-snippet:-1","max-image-preview":"max-image-preview:large","max-video-preview":"max-video-preview:-1"},"canonical":"https:\/\/bancariosdepiracicaba.com.br\/?p=7328","og_locale":"pt_BR","og_type":"article","og_title":"Greve e interven\u00e7\u00e3o da CUT junto ao governo garantem negocia\u00e7\u00f5es entre Fenaban e banc\u00e1rios - Sindban","og_description":"Artur Henrique cobrou de ministros que os bancos p\u00fablicos adotassem postura diferente dos demais A audi\u00eancia de negocia\u00e7\u00e3o entre a Federa\u00e7\u00e3o Nacional de Bancos (Fenaban) e o Comando de Greve dos Banc\u00e1rios que acontece nesta quinta, dia 13, a partir das 16 horas, \u00e9 resultado, acima de tudo, da mobiliza\u00e7\u00e3o dos trabalhadores e trabalhadoras do &hellip; Greve e interven\u00e7\u00e3o da CUT junto ao governo garantem negocia\u00e7\u00f5es entre Fenaban e banc\u00e1rios Leia mais &raquo;","og_url":"https:\/\/bancariosdepiracicaba.com.br\/?p=7328","og_site_name":"Sindban","article_published_time":"2021-07-23T20:37:09+00:00","twitter_card":"summary_large_image","twitter_misc":{"Escrito por":"admin","Est. tempo de leitura":"1 minuto"},"schema":{"@context":"https:\/\/schema.org","@graph":[{"@type":"Organization","@id":"https:\/\/bancariosdepiracicaba.com.br\/#organization","name":"Sindban","url":"https:\/\/bancariosdepiracicaba.com.br\/","sameAs":[],"logo":{"@type":"ImageObject","@id":"https:\/\/bancariosdepiracicaba.com.br\/#logo","inLanguage":"pt-BR","url":"https:\/\/site.bancariosdepiracicaba.com.br\/wp-content\/uploads\/2021\/04\/cropped-Asset-2.png","contentUrl":"https:\/\/site.bancariosdepiracicaba.com.br\/wp-content\/uploads\/2021\/04\/cropped-Asset-2.png","width":512,"height":512,"caption":"Sindban"},"image":{"@id":"https:\/\/bancariosdepiracicaba.com.br\/#logo"}},{"@type":"WebSite","@id":"https:\/\/bancariosdepiracicaba.com.br\/#website","url":"https:\/\/bancariosdepiracicaba.com.br\/","name":"Sindban","description":"Desenvolvimento","publisher":{"@id":"https:\/\/bancariosdepiracicaba.com.br\/#organization"},"potentialAction":[{"@type":"SearchAction","target":{"@type":"EntryPoint","urlTemplate":"https:\/\/bancariosdepiracicaba.com.br\/?s={search_term_string}"},"query-input":"required name=search_term_string"}],"inLanguage":"pt-BR"},{"@type":"WebPage","@id":"https:\/\/bancariosdepiracicaba.com.br\/?p=7328#webpage","url":"https:\/\/bancariosdepiracicaba.com.br\/?p=7328","name":"Greve e interven\u00e7\u00e3o da CUT junto ao governo garantem negocia\u00e7\u00f5es entre Fenaban e banc\u00e1rios - Sindban","isPartOf":{"@id":"https:\/\/bancariosdepiracicaba.com.br\/#website"},"datePublished":"2021-07-23T20:37:09+00:00","dateModified":"2021-07-23T20:37:09+00:00","breadcrumb":{"@id":"https:\/\/bancariosdepiracicaba.com.br\/?p=7328#breadcrumb"},"inLanguage":"pt-BR","potentialAction":[{"@type":"ReadAction","target":["https:\/\/bancariosdepiracicaba.com.br\/?p=7328"]}]},{"@type":"BreadcrumbList","@id":"https:\/\/bancariosdepiracicaba.com.br\/?p=7328#breadcrumb","itemListElement":[{"@type":"ListItem","position":1,"name":"Home","item":"https:\/\/bancariosdepiracicaba.com.br\/"},{"@type":"ListItem","position":2,"name":"Greve e interven\u00e7\u00e3o da CUT junto ao governo garantem negocia\u00e7\u00f5es entre Fenaban e banc\u00e1rios"}]},{"@type":"Article","@id":"https:\/\/bancariosdepiracicaba.com.br\/?p=7328#article","isPartOf":{"@id":"https:\/\/bancariosdepiracicaba.com.br\/?p=7328#webpage"},"author":{"@id":"https:\/\/bancariosdepiracicaba.com.br\/#\/schema\/person\/6a12c780fc145ea2c9af09989ee600b0"},"headline":"Greve e interven\u00e7\u00e3o da CUT junto ao governo garantem negocia\u00e7\u00f5es entre Fenaban e banc\u00e1rios","datePublished":"2021-07-23T20:37:09+00:00","dateModified":"2021-07-23T20:37:09+00:00","mainEntityOfPage":{"@id":"https:\/\/bancariosdepiracicaba.com.br\/?p=7328#webpage"},"wordCount":314,"commentCount":0,"publisher":{"@id":"https:\/\/bancariosdepiracicaba.com.br\/#organization"},"articleSection":["Uncategorized"],"inLanguage":"pt-BR","potentialAction":[{"@type":"CommentAction","name":"Comment","target":["https:\/\/bancariosdepiracicaba.com.br\/?p=7328#respond"]}]},{"@type":"Person","@id":"https:\/\/bancariosdepiracicaba.com.br\/#\/schema\/person\/6a12c780fc145ea2c9af09989ee600b0","name":"admin","image":{"@type":"ImageObject","@id":"https:\/\/bancariosdepiracicaba.com.br\/#personlogo","inLanguage":"pt-BR","url":"https:\/\/secure.gravatar.com\/avatar\/3a05e74c6579e68209676cb5cb64e0918f288da7a49210fa18d6e9cac1189840?s=96&d=mm&r=g","contentUrl":"https:\/\/secure.gravatar.com\/avatar\/3a05e74c6579e68209676cb5cb64e0918f288da7a49210fa18d6e9cac1189840?s=96&d=mm&r=g","caption":"admin"},"sameAs":["https:\/\/site.bancariosdepiracicaba.com.br"],"url":"https:\/\/bancariosdepiracicaba.com.br\/?author=1"}]}},"_links":{"self":[{"href":"https:\/\/bancariosdepiracicaba.com.br\/index.php?rest_route=\/wp\/v2\/posts\/7328","targetHints":{"allow":["GET"]}}],"collection":[{"href":"https:\/\/bancariosdepiracicaba.com.br\/index.php?rest_route=\/wp\/v2\/posts"}],"about":[{"href":"https:\/\/bancariosdepiracicaba.com.br\/index.php?rest_route=\/wp\/v2\/types\/post"}],"author":[{"embeddable":true,"href":"https:\/\/bancariosdepiracicaba.com.br\/index.php?rest_route=\/wp\/v2\/users\/1"}],"replies":[{"embeddable":true,"href":"https:\/\/bancariosdepiracicaba.com.br\/index.php?rest_route=%2Fwp%2Fv2%2Fcomments&post=7328"}],"version-history":[{"count":0,"href":"https:\/\/bancariosdepiracicaba.com.br\/index.php?rest_route=\/wp\/v2\/posts\/7328\/revisions"}],"wp:attachment":[{"href":"https:\/\/bancariosdepiracicaba.com.br\/index.php?rest_route=%2Fwp%2Fv2%2Fmedia&parent=7328"}],"wp:term":[{"taxonomy":"category","embeddable":true,"href":"https:\/\/bancariosdepiracicaba.com.br\/index.php?rest_route=%2Fwp%2Fv2%2Fcategories&post=7328"},{"taxonomy":"post_tag","embeddable":true,"href":"https:\/\/bancariosdepiracicaba.com.br\/index.php?rest_route=%2Fwp%2Fv2%2Ftags&post=7328"}],"curies":[{"name":"wp","href":"https:\/\/api.w.org\/{rel}","templated":true}]}}