{"id":7128,"date":"2021-07-23T20:32:58","date_gmt":"2021-07-23T20:32:58","guid":{"rendered":"https:\/\/site.bancariosdepiracicaba.com.br\/2021\/07\/23\/conespi-marca-reuniao-com-superintendente-estadual-do-mt\/"},"modified":"2021-07-23T20:32:58","modified_gmt":"2021-07-23T20:32:58","slug":"conespi-marca-reuniao-com-superintendente-estadual-do-mt","status":"publish","type":"post","link":"https:\/\/bancariosdepiracicaba.com.br\/?p=7128","title":{"rendered":"Conespi marca reuni\u00e3o com superintendente estadual do MT"},"content":{"rendered":"<p>Integrantes do Conespi (Conselho de Entidades Sindicais de Piracicaba e Regi\u00e3o) estiveram reunidos na manh\u00e3 desta segunda-feira, 10, para tra\u00e7ar algumas a\u00e7\u00f5es que dever\u00e3o ser realizadas nos pr\u00f3ximos dias. A principal foi a defini\u00e7\u00e3o da data para uma reuni\u00e3o com o superintendente estadual do Minist\u00e9rio do Trabalho, Luiz Antonio de Medeiros.<br \/>\nDe acordo com o diretor de Comunica\u00e7\u00e3o do Conespi e vereador do PT, Jos\u00e9 Antonio Fernandes Paiva, o motivo da reuni\u00e3o \u00e9 discutir a situa\u00e7\u00e3o da ger\u00eancia regional do Minist\u00e9rio do Trabalho de Piracicaba, a substitui\u00e7\u00e3o do gerente e a reestrutura\u00e7\u00e3o -; tanto material quanto pessoal -; da entidade.<br \/>\nOutro item discutido durante o encontro foi um levantamento divulgado sobre perdas que os trabalhadores estariam tendo no FGTS (Fundo de Garantia do Tempo de Servi\u00e7o).  \u201c;Os trabalhadores podem conquistar uma reposi\u00e7\u00e3o de at\u00e9 88% no FGTS, por isso os sindicatos v\u00e3o contatar as suas centrais para saberem a melhor forma de reparar essas perdas aos empregados \u201c;, afirmou Paiva.<br \/>\nOs vereadores Paiva e Jos\u00e9 Luiz Ribeiro repassaram durante a reuni\u00e3o a informa\u00e7\u00e3o de que uma Mo\u00e7\u00e3o de Aplausos para o Sindicato dos Pintores Avulsos de Piracicaba estaria na pauta de discuss\u00f5es da C\u00e2mara de Vereadores. Havendo diverg\u00eancias entre Conespi e o Sindicato, sobre a forma\u00e7\u00e3o da entidade, o vereador Paiva manteve contato com os vereadores autores do ato -; Paulo Campos e La\u00e9rcio Trevisan J\u00fanior -; que se comprometeram em retirar a Mo\u00e7\u00e3o.<br \/>\n \u201c;O Conespi \u00e9 contra uma categoria invadir o segmento da outra e o Sindicato dos Pintores est\u00e1 entrando em conflito com outras categorias, em fun\u00e7\u00e3o desta invas\u00e3o de espa\u00e7o. Nos posicionamos para ajudar os sindicalistas, no campo de atua\u00e7\u00e3o que lhes cabe, mas se insistirem no conflito, ficaremos contra a categoria \u201c;, afirmou o presidente do Sindicato dos Trabalhadores nas Ind\u00fastrias de Alimenta\u00e7\u00e3o e Afins de Piracicaba e Regi\u00e3o e do Conespi, F\u00e2nio Luis Gomes.<br \/>\nGomes acrescentou ainda que a reuni\u00e3o foi proveitosa, com muito di\u00e1logo e todos os assuntos propostos foram discutidos.<br \/>\nTexto: Michelle Bottin<\/p>\n","protected":false},"excerpt":{"rendered":"<p>Integrantes do Conespi (Conselho de Entidades Sindicais de Piracicaba e Regi\u00e3o) estiveram reunidos na manh\u00e3 desta segunda-feira, 10, para tra\u00e7ar algumas a\u00e7\u00f5es que dever\u00e3o ser realizadas nos pr\u00f3ximos dias. A principal foi a defini\u00e7\u00e3o da data para uma reuni\u00e3o com o superintendente estadual do Minist\u00e9rio do Trabalho, Luiz Antonio de Medeiros. De acordo com o &hellip;<\/p>\n<p class=\"read-more\"> <a class=\"\" href=\"https:\/\/bancariosdepiracicaba.com.br\/?p=7128\"> <span class=\"screen-reader-text\">Conespi marca reuni\u00e3o com superintendente estadual do MT<\/span> Leia mais &raquo;<\/a><\/p>\n","protected":false},"author":1,"featured_media":0,"comment_status":"open","ping_status":"open","sticky":false,"template":"","format":"standard","meta":{"site-sidebar-layout":"default","site-content-layout":"default","ast-main-header-display":"","ast-hfb-above-header-display":"","ast-hfb-below-header-display":"","ast-hfb-mobile-header-display":"","site-post-title":"","ast-breadcrumbs-content":"","ast-featured-img":"","footer-sml-layout":"","theme-transparent-header-meta":"","adv-header-id-meta":"","stick-header-meta":"","header-above-stick-meta":"","header-main-stick-meta":"","header-below-stick-meta":"","footnotes":""},"categories":[1],"tags":[],"class_list":["post-7128","post","type-post","status-publish","format-standard","hentry","category-uncategorized"],"yoast_head":"<!-- This site is optimized with the Yoast SEO Premium plugin v16.1 (Yoast SEO v18.0) - https:\/\/yoast.com\/wordpress\/plugins\/seo\/ -->\n<title>Conespi marca reuni\u00e3o com superintendente estadual do MT - Sindban<\/title>\n<meta name=\"robots\" content=\"index, follow, max-snippet:-1, max-image-preview:large, max-video-preview:-1\" \/>\n<link rel=\"canonical\" href=\"https:\/\/bancariosdepiracicaba.com.br\/?p=7128\" \/>\n<meta property=\"og:locale\" content=\"pt_BR\" \/>\n<meta property=\"og:type\" content=\"article\" \/>\n<meta property=\"og:title\" content=\"Conespi marca reuni\u00e3o com superintendente estadual do MT - Sindban\" \/>\n<meta property=\"og:description\" content=\"Integrantes do Conespi (Conselho de Entidades Sindicais de Piracicaba e Regi\u00e3o) estiveram reunidos na manh\u00e3 desta segunda-feira, 10, para tra\u00e7ar algumas a\u00e7\u00f5es que dever\u00e3o ser realizadas nos pr\u00f3ximos dias. A principal foi a defini\u00e7\u00e3o da data para uma reuni\u00e3o com o superintendente estadual do Minist\u00e9rio do Trabalho, Luiz Antonio de Medeiros. De acordo com o &hellip; Conespi marca reuni\u00e3o com superintendente estadual do MT Leia mais &raquo;\" \/>\n<meta property=\"og:url\" content=\"https:\/\/bancariosdepiracicaba.com.br\/?p=7128\" \/>\n<meta property=\"og:site_name\" content=\"Sindban\" \/>\n<meta property=\"article:published_time\" content=\"2021-07-23T20:32:58+00:00\" \/>\n<meta name=\"twitter:card\" content=\"summary_large_image\" \/>\n<meta name=\"twitter:label1\" content=\"Escrito por\" \/>\n\t<meta name=\"twitter:data1\" content=\"admin\" \/>\n\t<meta name=\"twitter:label2\" content=\"Est. tempo de leitura\" \/>\n\t<meta name=\"twitter:data2\" content=\"2 minutos\" \/>\n<script type=\"application\/ld+json\" class=\"yoast-schema-graph\">{\"@context\":\"https:\/\/schema.org\",\"@graph\":[{\"@type\":\"Organization\",\"@id\":\"https:\/\/bancariosdepiracicaba.com.br\/#organization\",\"name\":\"Sindban\",\"url\":\"https:\/\/bancariosdepiracicaba.com.br\/\",\"sameAs\":[],\"logo\":{\"@type\":\"ImageObject\",\"@id\":\"https:\/\/bancariosdepiracicaba.com.br\/#logo\",\"inLanguage\":\"pt-BR\",\"url\":\"https:\/\/site.bancariosdepiracicaba.com.br\/wp-content\/uploads\/2021\/04\/cropped-Asset-2.png\",\"contentUrl\":\"https:\/\/site.bancariosdepiracicaba.com.br\/wp-content\/uploads\/2021\/04\/cropped-Asset-2.png\",\"width\":512,\"height\":512,\"caption\":\"Sindban\"},\"image\":{\"@id\":\"https:\/\/bancariosdepiracicaba.com.br\/#logo\"}},{\"@type\":\"WebSite\",\"@id\":\"https:\/\/bancariosdepiracicaba.com.br\/#website\",\"url\":\"https:\/\/bancariosdepiracicaba.com.br\/\",\"name\":\"Sindban\",\"description\":\"Desenvolvimento\",\"publisher\":{\"@id\":\"https:\/\/bancariosdepiracicaba.com.br\/#organization\"},\"potentialAction\":[{\"@type\":\"SearchAction\",\"target\":{\"@type\":\"EntryPoint\",\"urlTemplate\":\"https:\/\/bancariosdepiracicaba.com.br\/?s={search_term_string}\"},\"query-input\":\"required name=search_term_string\"}],\"inLanguage\":\"pt-BR\"},{\"@type\":\"WebPage\",\"@id\":\"https:\/\/bancariosdepiracicaba.com.br\/?p=7128#webpage\",\"url\":\"https:\/\/bancariosdepiracicaba.com.br\/?p=7128\",\"name\":\"Conespi marca reuni\u00e3o com superintendente estadual do MT - Sindban\",\"isPartOf\":{\"@id\":\"https:\/\/bancariosdepiracicaba.com.br\/#website\"},\"datePublished\":\"2021-07-23T20:32:58+00:00\",\"dateModified\":\"2021-07-23T20:32:58+00:00\",\"breadcrumb\":{\"@id\":\"https:\/\/bancariosdepiracicaba.com.br\/?p=7128#breadcrumb\"},\"inLanguage\":\"pt-BR\",\"potentialAction\":[{\"@type\":\"ReadAction\",\"target\":[\"https:\/\/bancariosdepiracicaba.com.br\/?p=7128\"]}]},{\"@type\":\"BreadcrumbList\",\"@id\":\"https:\/\/bancariosdepiracicaba.com.br\/?p=7128#breadcrumb\",\"itemListElement\":[{\"@type\":\"ListItem\",\"position\":1,\"name\":\"Home\",\"item\":\"https:\/\/bancariosdepiracicaba.com.br\/\"},{\"@type\":\"ListItem\",\"position\":2,\"name\":\"Conespi marca reuni\u00e3o com superintendente estadual do MT\"}]},{\"@type\":\"Article\",\"@id\":\"https:\/\/bancariosdepiracicaba.com.br\/?p=7128#article\",\"isPartOf\":{\"@id\":\"https:\/\/bancariosdepiracicaba.com.br\/?p=7128#webpage\"},\"author\":{\"@id\":\"https:\/\/bancariosdepiracicaba.com.br\/#\/schema\/person\/6a12c780fc145ea2c9af09989ee600b0\"},\"headline\":\"Conespi marca reuni\u00e3o com superintendente estadual do MT\",\"datePublished\":\"2021-07-23T20:32:58+00:00\",\"dateModified\":\"2021-07-23T20:32:58+00:00\",\"mainEntityOfPage\":{\"@id\":\"https:\/\/bancariosdepiracicaba.com.br\/?p=7128#webpage\"},\"wordCount\":371,\"commentCount\":0,\"publisher\":{\"@id\":\"https:\/\/bancariosdepiracicaba.com.br\/#organization\"},\"articleSection\":[\"Uncategorized\"],\"inLanguage\":\"pt-BR\",\"potentialAction\":[{\"@type\":\"CommentAction\",\"name\":\"Comment\",\"target\":[\"https:\/\/bancariosdepiracicaba.com.br\/?p=7128#respond\"]}]},{\"@type\":\"Person\",\"@id\":\"https:\/\/bancariosdepiracicaba.com.br\/#\/schema\/person\/6a12c780fc145ea2c9af09989ee600b0\",\"name\":\"admin\",\"image\":{\"@type\":\"ImageObject\",\"@id\":\"https:\/\/bancariosdepiracicaba.com.br\/#personlogo\",\"inLanguage\":\"pt-BR\",\"url\":\"https:\/\/secure.gravatar.com\/avatar\/3a05e74c6579e68209676cb5cb64e0918f288da7a49210fa18d6e9cac1189840?s=96&d=mm&r=g\",\"contentUrl\":\"https:\/\/secure.gravatar.com\/avatar\/3a05e74c6579e68209676cb5cb64e0918f288da7a49210fa18d6e9cac1189840?s=96&d=mm&r=g\",\"caption\":\"admin\"},\"sameAs\":[\"https:\/\/site.bancariosdepiracicaba.com.br\"],\"url\":\"https:\/\/bancariosdepiracicaba.com.br\/?author=1\"}]}<\/script>\n<!-- \/ Yoast SEO Premium plugin. -->","yoast_head_json":{"title":"Conespi marca reuni\u00e3o com superintendente estadual do MT - Sindban","robots":{"index":"index","follow":"follow","max-snippet":"max-snippet:-1","max-image-preview":"max-image-preview:large","max-video-preview":"max-video-preview:-1"},"canonical":"https:\/\/bancariosdepiracicaba.com.br\/?p=7128","og_locale":"pt_BR","og_type":"article","og_title":"Conespi marca reuni\u00e3o com superintendente estadual do MT - Sindban","og_description":"Integrantes do Conespi (Conselho de Entidades Sindicais de Piracicaba e Regi\u00e3o) estiveram reunidos na manh\u00e3 desta segunda-feira, 10, para tra\u00e7ar algumas a\u00e7\u00f5es que dever\u00e3o ser realizadas nos pr\u00f3ximos dias. A principal foi a defini\u00e7\u00e3o da data para uma reuni\u00e3o com o superintendente estadual do Minist\u00e9rio do Trabalho, Luiz Antonio de Medeiros. De acordo com o &hellip; Conespi marca reuni\u00e3o com superintendente estadual do MT Leia mais &raquo;","og_url":"https:\/\/bancariosdepiracicaba.com.br\/?p=7128","og_site_name":"Sindban","article_published_time":"2021-07-23T20:32:58+00:00","twitter_card":"summary_large_image","twitter_misc":{"Escrito por":"admin","Est. tempo de leitura":"2 minutos"},"schema":{"@context":"https:\/\/schema.org","@graph":[{"@type":"Organization","@id":"https:\/\/bancariosdepiracicaba.com.br\/#organization","name":"Sindban","url":"https:\/\/bancariosdepiracicaba.com.br\/","sameAs":[],"logo":{"@type":"ImageObject","@id":"https:\/\/bancariosdepiracicaba.com.br\/#logo","inLanguage":"pt-BR","url":"https:\/\/site.bancariosdepiracicaba.com.br\/wp-content\/uploads\/2021\/04\/cropped-Asset-2.png","contentUrl":"https:\/\/site.bancariosdepiracicaba.com.br\/wp-content\/uploads\/2021\/04\/cropped-Asset-2.png","width":512,"height":512,"caption":"Sindban"},"image":{"@id":"https:\/\/bancariosdepiracicaba.com.br\/#logo"}},{"@type":"WebSite","@id":"https:\/\/bancariosdepiracicaba.com.br\/#website","url":"https:\/\/bancariosdepiracicaba.com.br\/","name":"Sindban","description":"Desenvolvimento","publisher":{"@id":"https:\/\/bancariosdepiracicaba.com.br\/#organization"},"potentialAction":[{"@type":"SearchAction","target":{"@type":"EntryPoint","urlTemplate":"https:\/\/bancariosdepiracicaba.com.br\/?s={search_term_string}"},"query-input":"required name=search_term_string"}],"inLanguage":"pt-BR"},{"@type":"WebPage","@id":"https:\/\/bancariosdepiracicaba.com.br\/?p=7128#webpage","url":"https:\/\/bancariosdepiracicaba.com.br\/?p=7128","name":"Conespi marca reuni\u00e3o com superintendente estadual do MT - Sindban","isPartOf":{"@id":"https:\/\/bancariosdepiracicaba.com.br\/#website"},"datePublished":"2021-07-23T20:32:58+00:00","dateModified":"2021-07-23T20:32:58+00:00","breadcrumb":{"@id":"https:\/\/bancariosdepiracicaba.com.br\/?p=7128#breadcrumb"},"inLanguage":"pt-BR","potentialAction":[{"@type":"ReadAction","target":["https:\/\/bancariosdepiracicaba.com.br\/?p=7128"]}]},{"@type":"BreadcrumbList","@id":"https:\/\/bancariosdepiracicaba.com.br\/?p=7128#breadcrumb","itemListElement":[{"@type":"ListItem","position":1,"name":"Home","item":"https:\/\/bancariosdepiracicaba.com.br\/"},{"@type":"ListItem","position":2,"name":"Conespi marca reuni\u00e3o com superintendente estadual do MT"}]},{"@type":"Article","@id":"https:\/\/bancariosdepiracicaba.com.br\/?p=7128#article","isPartOf":{"@id":"https:\/\/bancariosdepiracicaba.com.br\/?p=7128#webpage"},"author":{"@id":"https:\/\/bancariosdepiracicaba.com.br\/#\/schema\/person\/6a12c780fc145ea2c9af09989ee600b0"},"headline":"Conespi marca reuni\u00e3o com superintendente estadual do MT","datePublished":"2021-07-23T20:32:58+00:00","dateModified":"2021-07-23T20:32:58+00:00","mainEntityOfPage":{"@id":"https:\/\/bancariosdepiracicaba.com.br\/?p=7128#webpage"},"wordCount":371,"commentCount":0,"publisher":{"@id":"https:\/\/bancariosdepiracicaba.com.br\/#organization"},"articleSection":["Uncategorized"],"inLanguage":"pt-BR","potentialAction":[{"@type":"CommentAction","name":"Comment","target":["https:\/\/bancariosdepiracicaba.com.br\/?p=7128#respond"]}]},{"@type":"Person","@id":"https:\/\/bancariosdepiracicaba.com.br\/#\/schema\/person\/6a12c780fc145ea2c9af09989ee600b0","name":"admin","image":{"@type":"ImageObject","@id":"https:\/\/bancariosdepiracicaba.com.br\/#personlogo","inLanguage":"pt-BR","url":"https:\/\/secure.gravatar.com\/avatar\/3a05e74c6579e68209676cb5cb64e0918f288da7a49210fa18d6e9cac1189840?s=96&d=mm&r=g","contentUrl":"https:\/\/secure.gravatar.com\/avatar\/3a05e74c6579e68209676cb5cb64e0918f288da7a49210fa18d6e9cac1189840?s=96&d=mm&r=g","caption":"admin"},"sameAs":["https:\/\/site.bancariosdepiracicaba.com.br"],"url":"https:\/\/bancariosdepiracicaba.com.br\/?author=1"}]}},"_links":{"self":[{"href":"https:\/\/bancariosdepiracicaba.com.br\/index.php?rest_route=\/wp\/v2\/posts\/7128","targetHints":{"allow":["GET"]}}],"collection":[{"href":"https:\/\/bancariosdepiracicaba.com.br\/index.php?rest_route=\/wp\/v2\/posts"}],"about":[{"href":"https:\/\/bancariosdepiracicaba.com.br\/index.php?rest_route=\/wp\/v2\/types\/post"}],"author":[{"embeddable":true,"href":"https:\/\/bancariosdepiracicaba.com.br\/index.php?rest_route=\/wp\/v2\/users\/1"}],"replies":[{"embeddable":true,"href":"https:\/\/bancariosdepiracicaba.com.br\/index.php?rest_route=%2Fwp%2Fv2%2Fcomments&post=7128"}],"version-history":[{"count":0,"href":"https:\/\/bancariosdepiracicaba.com.br\/index.php?rest_route=\/wp\/v2\/posts\/7128\/revisions"}],"wp:attachment":[{"href":"https:\/\/bancariosdepiracicaba.com.br\/index.php?rest_route=%2Fwp%2Fv2%2Fmedia&parent=7128"}],"wp:term":[{"taxonomy":"category","embeddable":true,"href":"https:\/\/bancariosdepiracicaba.com.br\/index.php?rest_route=%2Fwp%2Fv2%2Fcategories&post=7128"},{"taxonomy":"post_tag","embeddable":true,"href":"https:\/\/bancariosdepiracicaba.com.br\/index.php?rest_route=%2Fwp%2Fv2%2Ftags&post=7128"}],"curies":[{"name":"wp","href":"https:\/\/api.w.org\/{rel}","templated":true}]}}