{"id":7112,"date":"2021-07-23T20:32:38","date_gmt":"2021-07-23T20:32:38","guid":{"rendered":"https:\/\/site.bancariosdepiracicaba.com.br\/2021\/07\/23\/sindicato-dos-bancarios-se-filia-a-cut\/"},"modified":"2021-08-11T21:44:17","modified_gmt":"2021-08-12T00:44:17","slug":"sindicato-dos-bancarios-se-filia-a-cut","status":"publish","type":"post","link":"https:\/\/bancariosdepiracicaba.com.br\/?p=7112","title":{"rendered":"Sindicato dos Banc\u00e1rios se filia a CUT"},"content":{"rendered":"<p>Em solenidade ontem (6), na sede do Sindicato dos Banc\u00e1rios de Piracicaba e regi\u00e3o, com a presen\u00e7a do presidente nacional da CUT, Artur Henrique, do secretario geral da CONTRAF-CUT, Marcel Barros, do presidente do Sindicato dos Banc\u00e1rios, Jos\u00e9 Antonio Fernandes Paiva, al\u00e9m de diretores do sindicato, dirigentes sindicais e imprensa em geral aconteceu o ato pol \u00edtico de filia\u00e7\u00e3o do Sindicato a CUT (Central \u00fanica dos Trabalhadores).<br \/>\n                Segundo o presidente do Sindicato dos Banc\u00e1rios Paiva, o processo de filia\u00e7\u00e3o \u00e0 CUT aconteceu de uma forma muita rica, com assembl\u00e9ia realizada na \u00faltima ter\u00e7a-feira (31), com aprova\u00e7\u00e3o un\u00e2nime dos banc\u00e1rios e banc\u00e1rias presentes.  \u201c;Come\u00e7amos o trabalho em 25 de mar\u00e7o de 2009, quando nos filiamos a CONTRAF-CUT, ap\u00f3s esta filia\u00e7\u00e3o as nossas regionais come\u00e7aram a debater dentro dos bancos qual seria a central que mais atingia os objetivos da categoria banc\u00e1ria, e hoje somos os cent\u00e9simo sindicato de banc\u00e1rios filiados a CUT em n \u00edvel nacional, e j\u00e1 ultrapassa 96% do n\u00famero de sindicatos de banc\u00e1rios no pa \u00eds filiados a CUT, e hoje nos juntamos a uma fam \u00edlia de vinte milh\u00f5es de trabalhadores que s\u00e3o um conjunto dos filiados a Central \u00fanica dos Trabalhadores \u201c;, destacou Paiva.<br \/>\n                 \u201c;Temos problemas todos os dias dentro dos bancos, e n\u00e3o d\u00e1 para esperar a campanha salarial para resolver, e na estrutura da CUT temos as comiss\u00f5es de organiza\u00e7\u00e3o por empresa, que s\u00e3o comiss\u00f5es permanentes de discuss\u00e3o, que todas as semanas se re\u00fanem na CONTRAF-CUT para discutir um segmento dentro do ramo financeiro, em que temos as necessidades de interven\u00e7\u00e3o do movimento sindical banc\u00e1rio, \u00e9 muito mais n\u00f3s estarmos usando a estrutura da CUT, e sua proposta pol \u00edtica sempre avan\u00e7a para classe trabalhadora e, portanto n\u00f3s n\u00e3o poder \u00edamos ter uma postura diferente, como disseram os representantes de cada regional quando do encaminhamento para aprova\u00e7\u00e3o na assembl\u00e9ia \u201c;, finalizou Paiva.<br \/>\n                A CUT atingiu no m\u00eas passado o patamar de quinta maior central sindical do mundo, com um total de 3473 sindicatos filiados e com uma representatividade de 38% de todos os trabalhadores do Brasil, e a meta \u00e9 chegar at\u00e9 o final de 2011 em 41% de representatividade, segundo o presidente da CUT Artur Henrique.<br \/>\n                 \u201c;Para CUT \u00e9 muito importante termos o Sindicato dos Banc\u00e1rios de Piracicaba como filiado, o ramo financeiro \u00e9 um setor que esta em crescimento, e n\u00f3s pr\u00f3ximos anos devido a Copa do Mundo e Olimp \u00edadas ou com\u00e9rcio e servi\u00e7os, h\u00e1 possibilidade de aumento real em n\u00famero de trabalhadores neste setor, e \u00e9 uma \u00e1rea em que a CUT tem um olhar bastante priorit\u00e1rio no ponto de vista de fortalecer a nossa organiza\u00e7\u00e3o sindical \u201c;, destacou Artur Henrique, presidente da CUT.<\/p>\n","protected":false},"excerpt":{"rendered":"<p>Em solenidade ontem (6), na sede do Sindicato dos Banc\u00e1rios de Piracicaba e regi\u00e3o, com a presen\u00e7a do presidente nacional da CUT, Artur Henrique, do secretario geral da CONTRAF-CUT, Marcel Barros, do presidente do Sindicato dos Banc\u00e1rios, Jos\u00e9 Antonio Fernandes Paiva, al\u00e9m de diretores do sindicato, dirigentes sindicais e imprensa em geral aconteceu o ato &hellip;<\/p>\n<p class=\"read-more\"> <a class=\"\" href=\"https:\/\/bancariosdepiracicaba.com.br\/?p=7112\"> <span class=\"screen-reader-text\">Sindicato dos Banc\u00e1rios se filia a CUT<\/span> Leia mais &raquo;<\/a><\/p>\n","protected":false},"author":1,"featured_media":0,"comment_status":"open","ping_status":"open","sticky":false,"template":"","format":"standard","meta":{"site-sidebar-layout":"default","site-content-layout":"default","ast-main-header-display":"","ast-hfb-above-header-display":"","ast-hfb-below-header-display":"","ast-hfb-mobile-header-display":"","site-post-title":"","ast-breadcrumbs-content":"","ast-featured-img":"","footer-sml-layout":"","theme-transparent-header-meta":"","adv-header-id-meta":"","stick-header-meta":"","header-above-stick-meta":"","header-main-stick-meta":"","header-below-stick-meta":"","footnotes":""},"categories":[52,1],"tags":[],"class_list":["post-7112","post","type-post","status-publish","format-standard","hentry","category-campanha-salarial","category-uncategorized"],"yoast_head":"<!-- This site is optimized with the Yoast SEO Premium plugin v16.1 (Yoast SEO v18.0) - https:\/\/yoast.com\/wordpress\/plugins\/seo\/ -->\n<title>Sindicato dos Banc\u00e1rios se filia a CUT - Sindban<\/title>\n<meta name=\"robots\" content=\"index, follow, max-snippet:-1, max-image-preview:large, max-video-preview:-1\" \/>\n<link rel=\"canonical\" href=\"https:\/\/bancariosdepiracicaba.com.br\/?p=7112\" \/>\n<meta property=\"og:locale\" content=\"pt_BR\" \/>\n<meta property=\"og:type\" content=\"article\" \/>\n<meta property=\"og:title\" content=\"Sindicato dos Banc\u00e1rios se filia a CUT - Sindban\" \/>\n<meta property=\"og:description\" content=\"Em solenidade ontem (6), na sede do Sindicato dos Banc\u00e1rios de Piracicaba e regi\u00e3o, com a presen\u00e7a do presidente nacional da CUT, Artur Henrique, do secretario geral da CONTRAF-CUT, Marcel Barros, do presidente do Sindicato dos Banc\u00e1rios, Jos\u00e9 Antonio Fernandes Paiva, al\u00e9m de diretores do sindicato, dirigentes sindicais e imprensa em geral aconteceu o ato &hellip; Sindicato dos Banc\u00e1rios se filia a CUT Leia mais &raquo;\" \/>\n<meta property=\"og:url\" content=\"https:\/\/bancariosdepiracicaba.com.br\/?p=7112\" \/>\n<meta property=\"og:site_name\" content=\"Sindban\" \/>\n<meta property=\"article:published_time\" content=\"2021-07-23T20:32:38+00:00\" \/>\n<meta property=\"article:modified_time\" content=\"2021-08-12T00:44:17+00:00\" \/>\n<meta name=\"twitter:card\" content=\"summary_large_image\" \/>\n<meta name=\"twitter:label1\" content=\"Escrito por\" \/>\n\t<meta name=\"twitter:data1\" content=\"admin\" \/>\n\t<meta name=\"twitter:label2\" content=\"Est. tempo de leitura\" \/>\n\t<meta name=\"twitter:data2\" content=\"2 minutos\" \/>\n<script type=\"application\/ld+json\" class=\"yoast-schema-graph\">{\"@context\":\"https:\/\/schema.org\",\"@graph\":[{\"@type\":\"Organization\",\"@id\":\"https:\/\/bancariosdepiracicaba.com.br\/#organization\",\"name\":\"Sindban\",\"url\":\"https:\/\/bancariosdepiracicaba.com.br\/\",\"sameAs\":[],\"logo\":{\"@type\":\"ImageObject\",\"@id\":\"https:\/\/bancariosdepiracicaba.com.br\/#logo\",\"inLanguage\":\"pt-BR\",\"url\":\"https:\/\/site.bancariosdepiracicaba.com.br\/wp-content\/uploads\/2021\/04\/cropped-Asset-2.png\",\"contentUrl\":\"https:\/\/site.bancariosdepiracicaba.com.br\/wp-content\/uploads\/2021\/04\/cropped-Asset-2.png\",\"width\":512,\"height\":512,\"caption\":\"Sindban\"},\"image\":{\"@id\":\"https:\/\/bancariosdepiracicaba.com.br\/#logo\"}},{\"@type\":\"WebSite\",\"@id\":\"https:\/\/bancariosdepiracicaba.com.br\/#website\",\"url\":\"https:\/\/bancariosdepiracicaba.com.br\/\",\"name\":\"Sindban\",\"description\":\"Desenvolvimento\",\"publisher\":{\"@id\":\"https:\/\/bancariosdepiracicaba.com.br\/#organization\"},\"potentialAction\":[{\"@type\":\"SearchAction\",\"target\":{\"@type\":\"EntryPoint\",\"urlTemplate\":\"https:\/\/bancariosdepiracicaba.com.br\/?s={search_term_string}\"},\"query-input\":\"required name=search_term_string\"}],\"inLanguage\":\"pt-BR\"},{\"@type\":\"WebPage\",\"@id\":\"https:\/\/bancariosdepiracicaba.com.br\/?p=7112#webpage\",\"url\":\"https:\/\/bancariosdepiracicaba.com.br\/?p=7112\",\"name\":\"Sindicato dos Banc\u00e1rios se filia a CUT - Sindban\",\"isPartOf\":{\"@id\":\"https:\/\/bancariosdepiracicaba.com.br\/#website\"},\"datePublished\":\"2021-07-23T20:32:38+00:00\",\"dateModified\":\"2021-08-12T00:44:17+00:00\",\"breadcrumb\":{\"@id\":\"https:\/\/bancariosdepiracicaba.com.br\/?p=7112#breadcrumb\"},\"inLanguage\":\"pt-BR\",\"potentialAction\":[{\"@type\":\"ReadAction\",\"target\":[\"https:\/\/bancariosdepiracicaba.com.br\/?p=7112\"]}]},{\"@type\":\"BreadcrumbList\",\"@id\":\"https:\/\/bancariosdepiracicaba.com.br\/?p=7112#breadcrumb\",\"itemListElement\":[{\"@type\":\"ListItem\",\"position\":1,\"name\":\"Home\",\"item\":\"https:\/\/bancariosdepiracicaba.com.br\/\"},{\"@type\":\"ListItem\",\"position\":2,\"name\":\"Sindicato dos Banc\u00e1rios se filia a CUT\"}]},{\"@type\":\"Article\",\"@id\":\"https:\/\/bancariosdepiracicaba.com.br\/?p=7112#article\",\"isPartOf\":{\"@id\":\"https:\/\/bancariosdepiracicaba.com.br\/?p=7112#webpage\"},\"author\":{\"@id\":\"https:\/\/bancariosdepiracicaba.com.br\/#\/schema\/person\/6a12c780fc145ea2c9af09989ee600b0\"},\"headline\":\"Sindicato dos Banc\u00e1rios se filia a CUT\",\"datePublished\":\"2021-07-23T20:32:38+00:00\",\"dateModified\":\"2021-08-12T00:44:17+00:00\",\"mainEntityOfPage\":{\"@id\":\"https:\/\/bancariosdepiracicaba.com.br\/?p=7112#webpage\"},\"wordCount\":484,\"commentCount\":0,\"publisher\":{\"@id\":\"https:\/\/bancariosdepiracicaba.com.br\/#organization\"},\"articleSection\":[\"Campanha Salarial\",\"Uncategorized\"],\"inLanguage\":\"pt-BR\",\"potentialAction\":[{\"@type\":\"CommentAction\",\"name\":\"Comment\",\"target\":[\"https:\/\/bancariosdepiracicaba.com.br\/?p=7112#respond\"]}]},{\"@type\":\"Person\",\"@id\":\"https:\/\/bancariosdepiracicaba.com.br\/#\/schema\/person\/6a12c780fc145ea2c9af09989ee600b0\",\"name\":\"admin\",\"image\":{\"@type\":\"ImageObject\",\"@id\":\"https:\/\/bancariosdepiracicaba.com.br\/#personlogo\",\"inLanguage\":\"pt-BR\",\"url\":\"https:\/\/secure.gravatar.com\/avatar\/3a05e74c6579e68209676cb5cb64e0918f288da7a49210fa18d6e9cac1189840?s=96&d=mm&r=g\",\"contentUrl\":\"https:\/\/secure.gravatar.com\/avatar\/3a05e74c6579e68209676cb5cb64e0918f288da7a49210fa18d6e9cac1189840?s=96&d=mm&r=g\",\"caption\":\"admin\"},\"sameAs\":[\"https:\/\/site.bancariosdepiracicaba.com.br\"],\"url\":\"https:\/\/bancariosdepiracicaba.com.br\/?author=1\"}]}<\/script>\n<!-- \/ Yoast SEO Premium plugin. -->","yoast_head_json":{"title":"Sindicato dos Banc\u00e1rios se filia a CUT - Sindban","robots":{"index":"index","follow":"follow","max-snippet":"max-snippet:-1","max-image-preview":"max-image-preview:large","max-video-preview":"max-video-preview:-1"},"canonical":"https:\/\/bancariosdepiracicaba.com.br\/?p=7112","og_locale":"pt_BR","og_type":"article","og_title":"Sindicato dos Banc\u00e1rios se filia a CUT - Sindban","og_description":"Em solenidade ontem (6), na sede do Sindicato dos Banc\u00e1rios de Piracicaba e regi\u00e3o, com a presen\u00e7a do presidente nacional da CUT, Artur Henrique, do secretario geral da CONTRAF-CUT, Marcel Barros, do presidente do Sindicato dos Banc\u00e1rios, Jos\u00e9 Antonio Fernandes Paiva, al\u00e9m de diretores do sindicato, dirigentes sindicais e imprensa em geral aconteceu o ato &hellip; Sindicato dos Banc\u00e1rios se filia a CUT Leia mais &raquo;","og_url":"https:\/\/bancariosdepiracicaba.com.br\/?p=7112","og_site_name":"Sindban","article_published_time":"2021-07-23T20:32:38+00:00","article_modified_time":"2021-08-12T00:44:17+00:00","twitter_card":"summary_large_image","twitter_misc":{"Escrito por":"admin","Est. tempo de leitura":"2 minutos"},"schema":{"@context":"https:\/\/schema.org","@graph":[{"@type":"Organization","@id":"https:\/\/bancariosdepiracicaba.com.br\/#organization","name":"Sindban","url":"https:\/\/bancariosdepiracicaba.com.br\/","sameAs":[],"logo":{"@type":"ImageObject","@id":"https:\/\/bancariosdepiracicaba.com.br\/#logo","inLanguage":"pt-BR","url":"https:\/\/site.bancariosdepiracicaba.com.br\/wp-content\/uploads\/2021\/04\/cropped-Asset-2.png","contentUrl":"https:\/\/site.bancariosdepiracicaba.com.br\/wp-content\/uploads\/2021\/04\/cropped-Asset-2.png","width":512,"height":512,"caption":"Sindban"},"image":{"@id":"https:\/\/bancariosdepiracicaba.com.br\/#logo"}},{"@type":"WebSite","@id":"https:\/\/bancariosdepiracicaba.com.br\/#website","url":"https:\/\/bancariosdepiracicaba.com.br\/","name":"Sindban","description":"Desenvolvimento","publisher":{"@id":"https:\/\/bancariosdepiracicaba.com.br\/#organization"},"potentialAction":[{"@type":"SearchAction","target":{"@type":"EntryPoint","urlTemplate":"https:\/\/bancariosdepiracicaba.com.br\/?s={search_term_string}"},"query-input":"required name=search_term_string"}],"inLanguage":"pt-BR"},{"@type":"WebPage","@id":"https:\/\/bancariosdepiracicaba.com.br\/?p=7112#webpage","url":"https:\/\/bancariosdepiracicaba.com.br\/?p=7112","name":"Sindicato dos Banc\u00e1rios se filia a CUT - Sindban","isPartOf":{"@id":"https:\/\/bancariosdepiracicaba.com.br\/#website"},"datePublished":"2021-07-23T20:32:38+00:00","dateModified":"2021-08-12T00:44:17+00:00","breadcrumb":{"@id":"https:\/\/bancariosdepiracicaba.com.br\/?p=7112#breadcrumb"},"inLanguage":"pt-BR","potentialAction":[{"@type":"ReadAction","target":["https:\/\/bancariosdepiracicaba.com.br\/?p=7112"]}]},{"@type":"BreadcrumbList","@id":"https:\/\/bancariosdepiracicaba.com.br\/?p=7112#breadcrumb","itemListElement":[{"@type":"ListItem","position":1,"name":"Home","item":"https:\/\/bancariosdepiracicaba.com.br\/"},{"@type":"ListItem","position":2,"name":"Sindicato dos Banc\u00e1rios se filia a CUT"}]},{"@type":"Article","@id":"https:\/\/bancariosdepiracicaba.com.br\/?p=7112#article","isPartOf":{"@id":"https:\/\/bancariosdepiracicaba.com.br\/?p=7112#webpage"},"author":{"@id":"https:\/\/bancariosdepiracicaba.com.br\/#\/schema\/person\/6a12c780fc145ea2c9af09989ee600b0"},"headline":"Sindicato dos Banc\u00e1rios se filia a CUT","datePublished":"2021-07-23T20:32:38+00:00","dateModified":"2021-08-12T00:44:17+00:00","mainEntityOfPage":{"@id":"https:\/\/bancariosdepiracicaba.com.br\/?p=7112#webpage"},"wordCount":484,"commentCount":0,"publisher":{"@id":"https:\/\/bancariosdepiracicaba.com.br\/#organization"},"articleSection":["Campanha Salarial","Uncategorized"],"inLanguage":"pt-BR","potentialAction":[{"@type":"CommentAction","name":"Comment","target":["https:\/\/bancariosdepiracicaba.com.br\/?p=7112#respond"]}]},{"@type":"Person","@id":"https:\/\/bancariosdepiracicaba.com.br\/#\/schema\/person\/6a12c780fc145ea2c9af09989ee600b0","name":"admin","image":{"@type":"ImageObject","@id":"https:\/\/bancariosdepiracicaba.com.br\/#personlogo","inLanguage":"pt-BR","url":"https:\/\/secure.gravatar.com\/avatar\/3a05e74c6579e68209676cb5cb64e0918f288da7a49210fa18d6e9cac1189840?s=96&d=mm&r=g","contentUrl":"https:\/\/secure.gravatar.com\/avatar\/3a05e74c6579e68209676cb5cb64e0918f288da7a49210fa18d6e9cac1189840?s=96&d=mm&r=g","caption":"admin"},"sameAs":["https:\/\/site.bancariosdepiracicaba.com.br"],"url":"https:\/\/bancariosdepiracicaba.com.br\/?author=1"}]}},"_links":{"self":[{"href":"https:\/\/bancariosdepiracicaba.com.br\/index.php?rest_route=\/wp\/v2\/posts\/7112","targetHints":{"allow":["GET"]}}],"collection":[{"href":"https:\/\/bancariosdepiracicaba.com.br\/index.php?rest_route=\/wp\/v2\/posts"}],"about":[{"href":"https:\/\/bancariosdepiracicaba.com.br\/index.php?rest_route=\/wp\/v2\/types\/post"}],"author":[{"embeddable":true,"href":"https:\/\/bancariosdepiracicaba.com.br\/index.php?rest_route=\/wp\/v2\/users\/1"}],"replies":[{"embeddable":true,"href":"https:\/\/bancariosdepiracicaba.com.br\/index.php?rest_route=%2Fwp%2Fv2%2Fcomments&post=7112"}],"version-history":[{"count":1,"href":"https:\/\/bancariosdepiracicaba.com.br\/index.php?rest_route=\/wp\/v2\/posts\/7112\/revisions"}],"predecessor-version":[{"id":13771,"href":"https:\/\/bancariosdepiracicaba.com.br\/index.php?rest_route=\/wp\/v2\/posts\/7112\/revisions\/13771"}],"wp:attachment":[{"href":"https:\/\/bancariosdepiracicaba.com.br\/index.php?rest_route=%2Fwp%2Fv2%2Fmedia&parent=7112"}],"wp:term":[{"taxonomy":"category","embeddable":true,"href":"https:\/\/bancariosdepiracicaba.com.br\/index.php?rest_route=%2Fwp%2Fv2%2Fcategories&post=7112"},{"taxonomy":"post_tag","embeddable":true,"href":"https:\/\/bancariosdepiracicaba.com.br\/index.php?rest_route=%2Fwp%2Fv2%2Ftags&post=7112"}],"curies":[{"name":"wp","href":"https:\/\/api.w.org\/{rel}","templated":true}]}}