{"id":6907,"date":"2021-07-23T20:28:25","date_gmt":"2021-07-23T20:28:25","guid":{"rendered":"https:\/\/site.bancariosdepiracicaba.com.br\/2021\/07\/23\/ministerio-publico-do-trabalho-amplia-combate-a-terceirizacao-nas-empresas\/"},"modified":"2021-08-11T21:44:21","modified_gmt":"2021-08-12T00:44:21","slug":"ministerio-publico-do-trabalho-amplia-combate-a-terceirizacao-nas-empresas","status":"publish","type":"post","link":"https:\/\/bancariosdepiracicaba.com.br\/?p=6907","title":{"rendered":"Minist\u00e9rio P\u00fablico do Trabalho amplia combate \u00e0 terceiriza\u00e7\u00e3o nas empresas"},"content":{"rendered":"<p>O Minist\u00e9rio P\u00fablico do Trabalho (MPT) est\u00e1 ampliando o combate \u00e0 terceiriza\u00e7\u00e3o nas grandes empresas, com a aplica\u00e7\u00e3o de pesadas multas \u00e0s corpora\u00e7\u00f5es que est\u00e3o usando esse expediente para precarizar as rela\u00e7\u00f5es de trabalho com o objetivo de reduzir custos. A informa\u00e7\u00e3o foi publicada pelo jornal O Estado de S\u00e3o Paulo deste domingo 2 de agosto.<br \/>\n&#8220;Essa \u00e9 uma not \u00edcia positiva, que refor\u00e7a a luta dos banc\u00e1rios e de toda a classe trabalhadora contra as terceiriza\u00e7\u00f5es e a precariza\u00e7\u00e3o do trabalho&#8221;, afirma Carlos Cordeiro, presidente da Contraf-CUT. &#8220;O fim da terceiriza\u00e7\u00e3o \u00e9 uma das grandes bandeiras da categoria nos \u00faltimos anos e est\u00e1 na pauta de reivindica\u00e7\u00f5es que ser\u00e1 entregue \u00e0 Fenaban no dia 10 e foi aprovada na 11&ordf; Confer\u00eancia Nacional dos Banc\u00e1rios.&#8221;<br \/>\nA reportagem do Estado de S\u00e3o Paulo cita tr\u00eas a\u00e7\u00f5es do Minist\u00e9rio P\u00fablico do Trabalho no primeiro semestre deste ano, que j\u00e1 renderam multas de R$ 10 milh\u00f5es ao Servi\u00e7o Brasileiro de Apoio \u00e0s Micro e Pequenas Empresas (Sebrae) e de cerca de R$ 30 milh\u00f5es \u00e0 Petrobr\u00e1s. A terceira a\u00e7\u00e3o, contra a Ambev, est\u00e1 em andamento. &#8220;H\u00e1 um desvirtuamento da palavra terceiriza\u00e7\u00e3o no Brasil. Terceiriza\u00e7\u00e3o n\u00e3o \u00e9 para baixar custo, mas para a especializa\u00e7\u00e3o&#8221;, diz ao jornal o procurador do trabalho Rodrigo Carelli, autor da a\u00e7\u00e3o contra a Petrobr\u00e1s. Segundo ele, as empresas est\u00e3o praticando abusos, com o objetivo da &#8220;fuga do v \u00ednculo empregat \u00edcio&#8221;.<br \/>\nA reivindica\u00e7\u00e3o dos banc\u00e1rios<br \/>\nA terceiriza\u00e7\u00e3o como sin\u00f4nimo de precariza\u00e7\u00e3o \u00e9 combatida pelo movimento sindical h\u00e1 anos. A 11&ordf; Confer\u00eancia Nacional dos Banc\u00e1rios, realizada em S\u00e3o Paulo entre os dias 17 e 19 de julho, incluiu o combate \u00e0 terceiriza\u00e7\u00e3o como uma das principais bandeiras da campanha salarial deste ano. Ela est\u00e1 no Artigo 48 da pauta de reivindica\u00e7\u00f5es que ser\u00e1 entregue \u00e0 Fenaban no dia 10 de agosto. O texto diz o seguinte:<br \/>\nARTIGO 48 &#8211; TERCEIRIZA\u00e7\u00e3O<br \/>\n&#8220;Os bancos suspender\u00e3o a implanta\u00e7\u00e3o de quaisquer projetos de terceiriza\u00e7\u00e3o, a partir da data de entrega da presente pauta de reivindica\u00e7\u00f5es.<br \/>\n&sect; 1\u00ba &#8211; Fica vedada a terceiriza\u00e7\u00e3o dos setores de compensa\u00e7\u00e3o, tesouraria, caixa r\u00e1pido, home banking, auto-atendimento, tele-atendimento, cobran\u00e7a, cart\u00e3o de cr\u00e9dito, retaguarda.<br \/>\n&sect; 2\u00ba &#8211; Os bancos que terceirizaram os setores descritos no &sect; 1\u00ba reassumir\u00e3o as atividades e recontratar\u00e3o imediatamente os empregados para a sua execu\u00e7\u00e3o.<br \/>\n&sect; 3\u00ba &#8211; Os demais setores tamb\u00e9m dever\u00e3o ser reassumidos pelos bancos no prazo m\u00e1ximo de seis meses.&#8221;<br \/>\nLonga luta contra a precariza\u00e7\u00e3o<br \/>\nO governo Fernando Henrique Cardoso apresentou em 1998 ao Congresso Nacional o Projeto de Lei 4.302, que legitima e oficializa a terceiriza\u00e7\u00e3o no pa \u00eds como forma de precarizar as rela\u00e7\u00f5es de trabalho. Em 2003, o ent\u00e3o ministro do Trabalho Ricardo Berzoini solicitou a retirada do projeto da pauta do Congresso, mas como o pedido n\u00e3o foi votado o PL voltou a tramitar e j\u00e1 foi aprovado na Comiss\u00e3o de Trabalho e Administra\u00e7\u00e3o P\u00fablica da C\u00e2mara dos Deputados.<br \/>\nEm resposta, o deputado Vicentinho (PT-SP) apresentou em 2007 um novo projeto de lei, de n\u00famero 1.621, contendo as premissas estabelecidas pelas centrais sindicais. A nova PL prop\u00f5e a regulamenta\u00e7\u00e3o das rela\u00e7\u00f5es de trabalho nos processos de terceiriza\u00e7\u00e3o, restringe e combate a precariza\u00e7\u00e3o, pro \u00edbe a terceiriza\u00e7\u00e3o na atividade-fim e a contrata\u00e7\u00e3o de prestadoras constitu \u00eddas com a finalidade de fornecer m\u00e3o-de-obra, com ressalva aos servi\u00e7os de vigil\u00e2ncia, asseio e conserva\u00e7\u00e3o. Entre outros itens, tamb\u00e9m disp\u00f5e pela igualdade de sal\u00e1rio, jornada, benef \u00edcios, ritmo de trabalho e condi\u00e7\u00f5es de sa\u00fade e seguran\u00e7a. E estabelece, al\u00e9m disso, o processo de negocia\u00e7\u00e3o pr\u00e9via com os sindicatos, antecedendo qualquer iniciativa de terceiriza\u00e7\u00e3o por parte das empresas.<br \/>\nPara tentar uma solu\u00e7\u00e3o negociada sobre o tema, o Minist\u00e9rio do Trabalho formou no ano passado um grupo de trabalho tripartite, envolvendo representantes dos trabalhadores (entre os quais est\u00e1 a Contraf-CUT), do governo e dos empres\u00e1rios. &#8220;Mas a proposta apresentada pelo Minist\u00e9rio em audi\u00eancia p\u00fablica no final de 2008 n\u00e3o contemplava as reivindica\u00e7\u00f5es dos trabalhadores e foi rejeitada pelas centrais sindicais&#8221;, afirma Miguel Pereira, secret\u00e1rio de Organiza\u00e7\u00e3o do Ramo Financeiro da Contraf-CUT, que participa do GT.<br \/>\nDiante das cr \u00edticas, o Minist\u00e9rio do Trabalho retomou a discuss\u00e3o com o movimento sindical e agendou tr\u00eas novas reuni\u00f5es, a primeira das quais ser\u00e1 na ter\u00e7a-feira da pr\u00f3xima semana, 11 de agosto.<\/p>\n<p>Fonte: Contraf-CUT<\/p>\n","protected":false},"excerpt":{"rendered":"<p>O Minist\u00e9rio P\u00fablico do Trabalho (MPT) est\u00e1 ampliando o combate \u00e0 terceiriza\u00e7\u00e3o nas grandes empresas, com a aplica\u00e7\u00e3o de pesadas multas \u00e0s corpora\u00e7\u00f5es que est\u00e3o usando esse expediente para precarizar as rela\u00e7\u00f5es de trabalho com o objetivo de reduzir custos. A informa\u00e7\u00e3o foi publicada pelo jornal O Estado de S\u00e3o Paulo deste domingo 2 de &hellip;<\/p>\n<p class=\"read-more\"> <a class=\"\" href=\"https:\/\/bancariosdepiracicaba.com.br\/?p=6907\"> <span class=\"screen-reader-text\">Minist\u00e9rio P\u00fablico do Trabalho amplia combate \u00e0 terceiriza\u00e7\u00e3o nas empresas<\/span> Leia mais &raquo;<\/a><\/p>\n","protected":false},"author":1,"featured_media":0,"comment_status":"open","ping_status":"open","sticky":false,"template":"","format":"standard","meta":{"site-sidebar-layout":"default","site-content-layout":"default","ast-main-header-display":"","ast-hfb-above-header-display":"","ast-hfb-below-header-display":"","ast-hfb-mobile-header-display":"","site-post-title":"","ast-breadcrumbs-content":"","ast-featured-img":"","footer-sml-layout":"","theme-transparent-header-meta":"","adv-header-id-meta":"","stick-header-meta":"","header-above-stick-meta":"","header-main-stick-meta":"","header-below-stick-meta":"","footnotes":""},"categories":[52,1],"tags":[],"class_list":["post-6907","post","type-post","status-publish","format-standard","hentry","category-campanha-salarial","category-uncategorized"],"yoast_head":"<!-- This site is optimized with the Yoast SEO Premium plugin v16.1 (Yoast SEO v18.0) - https:\/\/yoast.com\/wordpress\/plugins\/seo\/ -->\n<title>Minist\u00e9rio P\u00fablico do Trabalho amplia combate \u00e0 terceiriza\u00e7\u00e3o nas empresas - Sindban<\/title>\n<meta name=\"robots\" content=\"index, follow, max-snippet:-1, max-image-preview:large, max-video-preview:-1\" \/>\n<link rel=\"canonical\" href=\"https:\/\/bancariosdepiracicaba.com.br\/?p=6907\" \/>\n<meta property=\"og:locale\" content=\"pt_BR\" \/>\n<meta property=\"og:type\" content=\"article\" \/>\n<meta property=\"og:title\" content=\"Minist\u00e9rio P\u00fablico do Trabalho amplia combate \u00e0 terceiriza\u00e7\u00e3o nas empresas - Sindban\" \/>\n<meta property=\"og:description\" content=\"O Minist\u00e9rio P\u00fablico do Trabalho (MPT) est\u00e1 ampliando o combate \u00e0 terceiriza\u00e7\u00e3o nas grandes empresas, com a aplica\u00e7\u00e3o de pesadas multas \u00e0s corpora\u00e7\u00f5es que est\u00e3o usando esse expediente para precarizar as rela\u00e7\u00f5es de trabalho com o objetivo de reduzir custos. A informa\u00e7\u00e3o foi publicada pelo jornal O Estado de S\u00e3o Paulo deste domingo 2 de &hellip; Minist\u00e9rio P\u00fablico do Trabalho amplia combate \u00e0 terceiriza\u00e7\u00e3o nas empresas Leia mais &raquo;\" \/>\n<meta property=\"og:url\" content=\"https:\/\/bancariosdepiracicaba.com.br\/?p=6907\" \/>\n<meta property=\"og:site_name\" content=\"Sindban\" \/>\n<meta property=\"article:published_time\" content=\"2021-07-23T20:28:25+00:00\" \/>\n<meta property=\"article:modified_time\" content=\"2021-08-12T00:44:21+00:00\" \/>\n<meta name=\"twitter:card\" content=\"summary_large_image\" \/>\n<meta name=\"twitter:label1\" content=\"Escrito por\" \/>\n\t<meta name=\"twitter:data1\" content=\"admin\" \/>\n\t<meta name=\"twitter:label2\" content=\"Est. tempo de leitura\" \/>\n\t<meta name=\"twitter:data2\" content=\"4 minutos\" \/>\n<script type=\"application\/ld+json\" class=\"yoast-schema-graph\">{\"@context\":\"https:\/\/schema.org\",\"@graph\":[{\"@type\":\"Organization\",\"@id\":\"https:\/\/bancariosdepiracicaba.com.br\/#organization\",\"name\":\"Sindban\",\"url\":\"https:\/\/bancariosdepiracicaba.com.br\/\",\"sameAs\":[],\"logo\":{\"@type\":\"ImageObject\",\"@id\":\"https:\/\/bancariosdepiracicaba.com.br\/#logo\",\"inLanguage\":\"pt-BR\",\"url\":\"https:\/\/site.bancariosdepiracicaba.com.br\/wp-content\/uploads\/2021\/04\/cropped-Asset-2.png\",\"contentUrl\":\"https:\/\/site.bancariosdepiracicaba.com.br\/wp-content\/uploads\/2021\/04\/cropped-Asset-2.png\",\"width\":512,\"height\":512,\"caption\":\"Sindban\"},\"image\":{\"@id\":\"https:\/\/bancariosdepiracicaba.com.br\/#logo\"}},{\"@type\":\"WebSite\",\"@id\":\"https:\/\/bancariosdepiracicaba.com.br\/#website\",\"url\":\"https:\/\/bancariosdepiracicaba.com.br\/\",\"name\":\"Sindban\",\"description\":\"Desenvolvimento\",\"publisher\":{\"@id\":\"https:\/\/bancariosdepiracicaba.com.br\/#organization\"},\"potentialAction\":[{\"@type\":\"SearchAction\",\"target\":{\"@type\":\"EntryPoint\",\"urlTemplate\":\"https:\/\/bancariosdepiracicaba.com.br\/?s={search_term_string}\"},\"query-input\":\"required name=search_term_string\"}],\"inLanguage\":\"pt-BR\"},{\"@type\":\"WebPage\",\"@id\":\"https:\/\/bancariosdepiracicaba.com.br\/?p=6907#webpage\",\"url\":\"https:\/\/bancariosdepiracicaba.com.br\/?p=6907\",\"name\":\"Minist\u00e9rio P\u00fablico do Trabalho amplia combate \u00e0 terceiriza\u00e7\u00e3o nas empresas - Sindban\",\"isPartOf\":{\"@id\":\"https:\/\/bancariosdepiracicaba.com.br\/#website\"},\"datePublished\":\"2021-07-23T20:28:25+00:00\",\"dateModified\":\"2021-08-12T00:44:21+00:00\",\"breadcrumb\":{\"@id\":\"https:\/\/bancariosdepiracicaba.com.br\/?p=6907#breadcrumb\"},\"inLanguage\":\"pt-BR\",\"potentialAction\":[{\"@type\":\"ReadAction\",\"target\":[\"https:\/\/bancariosdepiracicaba.com.br\/?p=6907\"]}]},{\"@type\":\"BreadcrumbList\",\"@id\":\"https:\/\/bancariosdepiracicaba.com.br\/?p=6907#breadcrumb\",\"itemListElement\":[{\"@type\":\"ListItem\",\"position\":1,\"name\":\"Home\",\"item\":\"https:\/\/bancariosdepiracicaba.com.br\/\"},{\"@type\":\"ListItem\",\"position\":2,\"name\":\"Minist\u00e9rio P\u00fablico do Trabalho amplia combate \u00e0 terceiriza\u00e7\u00e3o nas empresas\"}]},{\"@type\":\"Article\",\"@id\":\"https:\/\/bancariosdepiracicaba.com.br\/?p=6907#article\",\"isPartOf\":{\"@id\":\"https:\/\/bancariosdepiracicaba.com.br\/?p=6907#webpage\"},\"author\":{\"@id\":\"https:\/\/bancariosdepiracicaba.com.br\/#\/schema\/person\/6a12c780fc145ea2c9af09989ee600b0\"},\"headline\":\"Minist\u00e9rio P\u00fablico do Trabalho amplia combate \u00e0 terceiriza\u00e7\u00e3o nas empresas\",\"datePublished\":\"2021-07-23T20:28:25+00:00\",\"dateModified\":\"2021-08-12T00:44:21+00:00\",\"mainEntityOfPage\":{\"@id\":\"https:\/\/bancariosdepiracicaba.com.br\/?p=6907#webpage\"},\"wordCount\":795,\"commentCount\":0,\"publisher\":{\"@id\":\"https:\/\/bancariosdepiracicaba.com.br\/#organization\"},\"articleSection\":[\"Campanha Salarial\",\"Uncategorized\"],\"inLanguage\":\"pt-BR\",\"potentialAction\":[{\"@type\":\"CommentAction\",\"name\":\"Comment\",\"target\":[\"https:\/\/bancariosdepiracicaba.com.br\/?p=6907#respond\"]}]},{\"@type\":\"Person\",\"@id\":\"https:\/\/bancariosdepiracicaba.com.br\/#\/schema\/person\/6a12c780fc145ea2c9af09989ee600b0\",\"name\":\"admin\",\"image\":{\"@type\":\"ImageObject\",\"@id\":\"https:\/\/bancariosdepiracicaba.com.br\/#personlogo\",\"inLanguage\":\"pt-BR\",\"url\":\"https:\/\/secure.gravatar.com\/avatar\/3a05e74c6579e68209676cb5cb64e0918f288da7a49210fa18d6e9cac1189840?s=96&d=mm&r=g\",\"contentUrl\":\"https:\/\/secure.gravatar.com\/avatar\/3a05e74c6579e68209676cb5cb64e0918f288da7a49210fa18d6e9cac1189840?s=96&d=mm&r=g\",\"caption\":\"admin\"},\"sameAs\":[\"https:\/\/site.bancariosdepiracicaba.com.br\"],\"url\":\"https:\/\/bancariosdepiracicaba.com.br\/?author=1\"}]}<\/script>\n<!-- \/ Yoast SEO Premium plugin. -->","yoast_head_json":{"title":"Minist\u00e9rio P\u00fablico do Trabalho amplia combate \u00e0 terceiriza\u00e7\u00e3o nas empresas - Sindban","robots":{"index":"index","follow":"follow","max-snippet":"max-snippet:-1","max-image-preview":"max-image-preview:large","max-video-preview":"max-video-preview:-1"},"canonical":"https:\/\/bancariosdepiracicaba.com.br\/?p=6907","og_locale":"pt_BR","og_type":"article","og_title":"Minist\u00e9rio P\u00fablico do Trabalho amplia combate \u00e0 terceiriza\u00e7\u00e3o nas empresas - Sindban","og_description":"O Minist\u00e9rio P\u00fablico do Trabalho (MPT) est\u00e1 ampliando o combate \u00e0 terceiriza\u00e7\u00e3o nas grandes empresas, com a aplica\u00e7\u00e3o de pesadas multas \u00e0s corpora\u00e7\u00f5es que est\u00e3o usando esse expediente para precarizar as rela\u00e7\u00f5es de trabalho com o objetivo de reduzir custos. A informa\u00e7\u00e3o foi publicada pelo jornal O Estado de S\u00e3o Paulo deste domingo 2 de &hellip; Minist\u00e9rio P\u00fablico do Trabalho amplia combate \u00e0 terceiriza\u00e7\u00e3o nas empresas Leia mais &raquo;","og_url":"https:\/\/bancariosdepiracicaba.com.br\/?p=6907","og_site_name":"Sindban","article_published_time":"2021-07-23T20:28:25+00:00","article_modified_time":"2021-08-12T00:44:21+00:00","twitter_card":"summary_large_image","twitter_misc":{"Escrito por":"admin","Est. tempo de leitura":"4 minutos"},"schema":{"@context":"https:\/\/schema.org","@graph":[{"@type":"Organization","@id":"https:\/\/bancariosdepiracicaba.com.br\/#organization","name":"Sindban","url":"https:\/\/bancariosdepiracicaba.com.br\/","sameAs":[],"logo":{"@type":"ImageObject","@id":"https:\/\/bancariosdepiracicaba.com.br\/#logo","inLanguage":"pt-BR","url":"https:\/\/site.bancariosdepiracicaba.com.br\/wp-content\/uploads\/2021\/04\/cropped-Asset-2.png","contentUrl":"https:\/\/site.bancariosdepiracicaba.com.br\/wp-content\/uploads\/2021\/04\/cropped-Asset-2.png","width":512,"height":512,"caption":"Sindban"},"image":{"@id":"https:\/\/bancariosdepiracicaba.com.br\/#logo"}},{"@type":"WebSite","@id":"https:\/\/bancariosdepiracicaba.com.br\/#website","url":"https:\/\/bancariosdepiracicaba.com.br\/","name":"Sindban","description":"Desenvolvimento","publisher":{"@id":"https:\/\/bancariosdepiracicaba.com.br\/#organization"},"potentialAction":[{"@type":"SearchAction","target":{"@type":"EntryPoint","urlTemplate":"https:\/\/bancariosdepiracicaba.com.br\/?s={search_term_string}"},"query-input":"required name=search_term_string"}],"inLanguage":"pt-BR"},{"@type":"WebPage","@id":"https:\/\/bancariosdepiracicaba.com.br\/?p=6907#webpage","url":"https:\/\/bancariosdepiracicaba.com.br\/?p=6907","name":"Minist\u00e9rio P\u00fablico do Trabalho amplia combate \u00e0 terceiriza\u00e7\u00e3o nas empresas - Sindban","isPartOf":{"@id":"https:\/\/bancariosdepiracicaba.com.br\/#website"},"datePublished":"2021-07-23T20:28:25+00:00","dateModified":"2021-08-12T00:44:21+00:00","breadcrumb":{"@id":"https:\/\/bancariosdepiracicaba.com.br\/?p=6907#breadcrumb"},"inLanguage":"pt-BR","potentialAction":[{"@type":"ReadAction","target":["https:\/\/bancariosdepiracicaba.com.br\/?p=6907"]}]},{"@type":"BreadcrumbList","@id":"https:\/\/bancariosdepiracicaba.com.br\/?p=6907#breadcrumb","itemListElement":[{"@type":"ListItem","position":1,"name":"Home","item":"https:\/\/bancariosdepiracicaba.com.br\/"},{"@type":"ListItem","position":2,"name":"Minist\u00e9rio P\u00fablico do Trabalho amplia combate \u00e0 terceiriza\u00e7\u00e3o nas empresas"}]},{"@type":"Article","@id":"https:\/\/bancariosdepiracicaba.com.br\/?p=6907#article","isPartOf":{"@id":"https:\/\/bancariosdepiracicaba.com.br\/?p=6907#webpage"},"author":{"@id":"https:\/\/bancariosdepiracicaba.com.br\/#\/schema\/person\/6a12c780fc145ea2c9af09989ee600b0"},"headline":"Minist\u00e9rio P\u00fablico do Trabalho amplia combate \u00e0 terceiriza\u00e7\u00e3o nas empresas","datePublished":"2021-07-23T20:28:25+00:00","dateModified":"2021-08-12T00:44:21+00:00","mainEntityOfPage":{"@id":"https:\/\/bancariosdepiracicaba.com.br\/?p=6907#webpage"},"wordCount":795,"commentCount":0,"publisher":{"@id":"https:\/\/bancariosdepiracicaba.com.br\/#organization"},"articleSection":["Campanha Salarial","Uncategorized"],"inLanguage":"pt-BR","potentialAction":[{"@type":"CommentAction","name":"Comment","target":["https:\/\/bancariosdepiracicaba.com.br\/?p=6907#respond"]}]},{"@type":"Person","@id":"https:\/\/bancariosdepiracicaba.com.br\/#\/schema\/person\/6a12c780fc145ea2c9af09989ee600b0","name":"admin","image":{"@type":"ImageObject","@id":"https:\/\/bancariosdepiracicaba.com.br\/#personlogo","inLanguage":"pt-BR","url":"https:\/\/secure.gravatar.com\/avatar\/3a05e74c6579e68209676cb5cb64e0918f288da7a49210fa18d6e9cac1189840?s=96&d=mm&r=g","contentUrl":"https:\/\/secure.gravatar.com\/avatar\/3a05e74c6579e68209676cb5cb64e0918f288da7a49210fa18d6e9cac1189840?s=96&d=mm&r=g","caption":"admin"},"sameAs":["https:\/\/site.bancariosdepiracicaba.com.br"],"url":"https:\/\/bancariosdepiracicaba.com.br\/?author=1"}]}},"_links":{"self":[{"href":"https:\/\/bancariosdepiracicaba.com.br\/index.php?rest_route=\/wp\/v2\/posts\/6907","targetHints":{"allow":["GET"]}}],"collection":[{"href":"https:\/\/bancariosdepiracicaba.com.br\/index.php?rest_route=\/wp\/v2\/posts"}],"about":[{"href":"https:\/\/bancariosdepiracicaba.com.br\/index.php?rest_route=\/wp\/v2\/types\/post"}],"author":[{"embeddable":true,"href":"https:\/\/bancariosdepiracicaba.com.br\/index.php?rest_route=\/wp\/v2\/users\/1"}],"replies":[{"embeddable":true,"href":"https:\/\/bancariosdepiracicaba.com.br\/index.php?rest_route=%2Fwp%2Fv2%2Fcomments&post=6907"}],"version-history":[{"count":1,"href":"https:\/\/bancariosdepiracicaba.com.br\/index.php?rest_route=\/wp\/v2\/posts\/6907\/revisions"}],"predecessor-version":[{"id":13776,"href":"https:\/\/bancariosdepiracicaba.com.br\/index.php?rest_route=\/wp\/v2\/posts\/6907\/revisions\/13776"}],"wp:attachment":[{"href":"https:\/\/bancariosdepiracicaba.com.br\/index.php?rest_route=%2Fwp%2Fv2%2Fmedia&parent=6907"}],"wp:term":[{"taxonomy":"category","embeddable":true,"href":"https:\/\/bancariosdepiracicaba.com.br\/index.php?rest_route=%2Fwp%2Fv2%2Fcategories&post=6907"},{"taxonomy":"post_tag","embeddable":true,"href":"https:\/\/bancariosdepiracicaba.com.br\/index.php?rest_route=%2Fwp%2Fv2%2Ftags&post=6907"}],"curies":[{"name":"wp","href":"https:\/\/api.w.org\/{rel}","templated":true}]}}