{"id":24619,"date":"2026-09-01T12:51:57","date_gmt":"2026-09-01T15:51:57","guid":{"rendered":"https:\/\/bancariosdepiracicaba.com.br\/?p=24619"},"modified":"2026-09-01T12:53:03","modified_gmt":"2026-09-01T15:53:03","slug":"edital-de-convocacao-de-assembleia-extraordinaria-4","status":"publish","type":"post","link":"https:\/\/bancariosdepiracicaba.com.br\/?p=24619","title":{"rendered":"EDITAL DE CONVOCA\u00c7\u00c3O DE ASSEMBLEIA EXTRAORDIN\u00c1RIA"},"content":{"rendered":"<p>&nbsp;<\/p>\n<p>O <strong>Sindicato dos Empregados em Estabelecimentos Banc\u00e1rios de Piracicaba e Regi\u00e3o<\/strong>, inscrito no CNPJ\/MF sob o n\u00ba 54.409.990\/0001-45, Registro Sindical n\u00ba 914.100.132.02546-4, por seu Presidente abaixo assinado, convoca todos os trabalhadores banc\u00e1rios, sindicalizados e n\u00e3o sindicalizados , da base territorial deste Sindicato, para a assembleia geral extraordin\u00e1ria que se realizar\u00e1 por meio de plen\u00e1ria a ser realizada de forma <strong>remota\/virtual das 19:00 do dia 03 de Setembro de 2026<\/strong> (quinta feira) <strong>at\u00e9 \u00e0s 19:00 horas do dia 04 de setembro de 2026<\/strong> (sexta-feira), na forma disposta no site Sindban-Piracicaba &#8211; <a href=\"https:\/\/bancariosdepiracicaba.com.br\/\">https:\/\/bancariosdepiracicaba.com.br\/<\/a><em>, <\/em>onde estar\u00e3o dispon\u00edveis todas as informa\u00e7\u00f5es necess\u00e1rias para a delibera\u00e7\u00e3o acerca da seguinte pauta: <strong>1. Delibera\u00e7\u00e3o sobre a proposta apresentada na mesa \u00fanica de negocia\u00e7\u00e3o por parte da Comiss\u00e3o de Bancos coordenada apela Fenaban para a renova\u00e7\u00e3o das Conven\u00e7\u00f5es Coletivas de Trabalho, bem como, sobre a proposta apresentada pelo Banco do Brasil e Caixa Econ\u00f4mica Federal para renova\u00e7\u00e3o dos seus respectivos Acordos Coletivos de Trabalho Aditivos, sendo que, as propostas incluem desconto a ser feito no sal\u00e1rio e PLR dos Empregados em raz\u00e3o da contrata\u00e7\u00e3o a ser realizada (Contribui\u00e7\u00e3o Negocial); 2. Avalia\u00e7\u00e3o e encaminhamentos para Campanha Salarial em caso de reprova\u00e7\u00e3o dos instrumentos Coletivos.<\/strong><\/p>\n<p>&nbsp;<\/p>\n<p>&nbsp;<\/p>\n<p>&nbsp;<\/p>\n<p>&nbsp;<\/p>\n<p><strong>\u00a0 \u00a0 \u00a0 \u00a0 \u00a0 \u00a0 \u00a0 \u00a0 \u00a0 \u00a0 \u00a0 \u00a0 \u00a0 \u00a0 \u00a0 \u00a0 \u00a0 \u00a0 \u00a0 \u00a0 \u00a0 \u00a0 \u00a0 \u00a0 \u00a0 \u00a0 \u00a0 \u00a0 \u00a0 \u00a0 \u00a0 \u00a0 \u00a0 \u00a0 \u00a0 \u00a0 \u00a0 \u00a0 \u00a0 \u00a0 \u00a0 \u00a0 \u00a0 \u00a0 \u00a0 \u00a0 Pir<\/strong><strong>acicaba, 01<\/strong><strong> de setembro<\/strong><strong> de 2026<\/strong>.<\/p>\n<p>&nbsp;<\/p>\n<p>&nbsp;<\/p>\n<p><strong>\u00a0 \u00a0 \u00a0 \u00a0 \u00a0 \u00a0 \u00a0 \u00a0 \u00a0 \u00a0 \u00a0 \u00a0 \u00a0 \u00a0 \u00a0 \u00a0 \u00a0 \u00a0 \u00a0 \u00a0 \u00a0 \u00a0 \u00a0 \u00a0 \u00a0 \u00a0 \u00a0 \u00a0 \u00a0 \u00a0 \u00a0 \u00a0 \u00a0 \u00a0 \u00a0 \u00a0 \u00a0 \u00a0 \u00a0 \u00a0 \u00a0 \u00a0 \u00a0 \u00a0 \u00a0 \u00a0 \u00a0 \u00a0 \u00a0 \u00a0Jos\u00e9 Ant\u00f4nio Fernandes Paiva<\/strong><\/p>\n<p><strong>\u00a0 \u00a0 \u00a0 \u00a0 \u00a0 \u00a0 \u00a0 \u00a0 \u00a0 \u00a0 \u00a0 \u00a0 \u00a0 \u00a0 \u00a0 \u00a0 \u00a0 \u00a0 \u00a0 \u00a0 \u00a0 \u00a0 \u00a0 \u00a0 \u00a0 \u00a0 \u00a0 \u00a0 \u00a0 \u00a0 \u00a0 \u00a0 \u00a0 \u00a0 \u00a0 \u00a0 \u00a0 \u00a0 \u00a0 \u00a0 \u00a0 \u00a0 \u00a0 \u00a0 \u00a0 \u00a0 \u00a0 \u00a0 \u00a0 \u00a0 \u00a0 \u00a0 \u00a0 \u00a0 \u00a0 \u00a0 \u00a0 \u00a0Presidente<\/strong><\/p>\n<p>&nbsp;<\/p>\n","protected":false},"excerpt":{"rendered":"<p>&nbsp; O Sindicato dos Empregados em Estabelecimentos Banc\u00e1rios de Piracicaba e Regi\u00e3o, inscrito no CNPJ\/MF sob o n\u00ba 54.409.990\/0001-45, Registro Sindical n\u00ba 914.100.132.02546-4, por seu Presidente abaixo assinado, convoca todos os trabalhadores banc\u00e1rios, sindicalizados e n\u00e3o sindicalizados , da base territorial deste Sindicato, para a assembleia geral extraordin\u00e1ria que se realizar\u00e1 por meio de plen\u00e1ria &hellip;<\/p>\n<p class=\"read-more\"> <a class=\"\" href=\"https:\/\/bancariosdepiracicaba.com.br\/?p=24619\"> <span class=\"screen-reader-text\">EDITAL DE CONVOCA\u00c7\u00c3O DE ASSEMBLEIA EXTRAORDIN\u00c1RIA<\/span> Leia mais &raquo;<\/a><\/p>\n","protected":false},"author":4,"featured_media":24620,"comment_status":"open","ping_status":"open","sticky":false,"template":"","format":"standard","meta":{"site-sidebar-layout":"default","site-content-layout":"default","ast-main-header-display":"","ast-hfb-above-header-display":"","ast-hfb-below-header-display":"","ast-hfb-mobile-header-display":"","site-post-title":"","ast-breadcrumbs-content":"","ast-featured-img":"","footer-sml-layout":"","theme-transparent-header-meta":"","adv-header-id-meta":"","stick-header-meta":"","header-above-stick-meta":"","header-main-stick-meta":"","header-below-stick-meta":"","footnotes":""},"categories":[1],"tags":[],"class_list":["post-24619","post","type-post","status-publish","format-standard","has-post-thumbnail","hentry","category-uncategorized"],"yoast_head":"<!-- This site is optimized with the Yoast SEO Premium plugin v16.1 (Yoast SEO v18.0) - https:\/\/yoast.com\/wordpress\/plugins\/seo\/ -->\n<title>EDITAL DE CONVOCA\u00c7\u00c3O DE ASSEMBLEIA EXTRAORDIN\u00c1RIA - Sindban<\/title>\n<meta name=\"robots\" content=\"index, follow, max-snippet:-1, max-image-preview:large, max-video-preview:-1\" \/>\n<link rel=\"canonical\" href=\"https:\/\/bancariosdepiracicaba.com.br\/?p=24619\" \/>\n<meta property=\"og:locale\" content=\"pt_BR\" \/>\n<meta property=\"og:type\" content=\"article\" \/>\n<meta property=\"og:title\" content=\"EDITAL DE CONVOCA\u00c7\u00c3O DE ASSEMBLEIA EXTRAORDIN\u00c1RIA - Sindban\" \/>\n<meta property=\"og:description\" content=\"&nbsp; O Sindicato dos Empregados em Estabelecimentos Banc\u00e1rios de Piracicaba e Regi\u00e3o, inscrito no CNPJ\/MF sob o n\u00ba 54.409.990\/0001-45, Registro Sindical n\u00ba 914.100.132.02546-4, por seu Presidente abaixo assinado, convoca todos os trabalhadores banc\u00e1rios, sindicalizados e n\u00e3o sindicalizados , da base territorial deste Sindicato, para a assembleia geral extraordin\u00e1ria que se realizar\u00e1 por meio de plen\u00e1ria &hellip; EDITAL DE CONVOCA\u00c7\u00c3O DE ASSEMBLEIA EXTRAORDIN\u00c1RIA Leia mais &raquo;\" \/>\n<meta property=\"og:url\" content=\"https:\/\/bancariosdepiracicaba.com.br\/?p=24619\" \/>\n<meta property=\"og:site_name\" content=\"Sindban\" \/>\n<meta property=\"article:published_time\" content=\"2026-09-01T15:51:57+00:00\" \/>\n<meta property=\"article:modified_time\" content=\"2026-09-01T15:53:03+00:00\" \/>\n<meta property=\"og:image\" content=\"https:\/\/bancariosdepiracicaba.com.br\/wp-content\/uploads\/2026\/09\/WhatsApp-Image-2026-09-01-at-12.44.39-1.jpeg\" \/>\n\t<meta property=\"og:image:width\" content=\"1024\" \/>\n\t<meta property=\"og:image:height\" content=\"576\" \/>\n\t<meta property=\"og:image:type\" content=\"image\/jpeg\" \/>\n<meta name=\"twitter:card\" content=\"summary_large_image\" \/>\n<meta name=\"twitter:label1\" content=\"Escrito por\" \/>\n\t<meta name=\"twitter:data1\" content=\"Gabrieli Menegati\" \/>\n\t<meta name=\"twitter:label2\" content=\"Est. tempo de leitura\" \/>\n\t<meta name=\"twitter:data2\" content=\"1 minuto\" \/>\n<script type=\"application\/ld+json\" class=\"yoast-schema-graph\">{\"@context\":\"https:\/\/schema.org\",\"@graph\":[{\"@type\":\"Organization\",\"@id\":\"https:\/\/bancariosdepiracicaba.com.br\/#organization\",\"name\":\"Sindban\",\"url\":\"https:\/\/bancariosdepiracicaba.com.br\/\",\"sameAs\":[],\"logo\":{\"@type\":\"ImageObject\",\"@id\":\"https:\/\/bancariosdepiracicaba.com.br\/#logo\",\"inLanguage\":\"pt-BR\",\"url\":\"https:\/\/site.bancariosdepiracicaba.com.br\/wp-content\/uploads\/2021\/04\/cropped-Asset-2.png\",\"contentUrl\":\"https:\/\/site.bancariosdepiracicaba.com.br\/wp-content\/uploads\/2021\/04\/cropped-Asset-2.png\",\"width\":512,\"height\":512,\"caption\":\"Sindban\"},\"image\":{\"@id\":\"https:\/\/bancariosdepiracicaba.com.br\/#logo\"}},{\"@type\":\"WebSite\",\"@id\":\"https:\/\/bancariosdepiracicaba.com.br\/#website\",\"url\":\"https:\/\/bancariosdepiracicaba.com.br\/\",\"name\":\"Sindban\",\"description\":\"Desenvolvimento\",\"publisher\":{\"@id\":\"https:\/\/bancariosdepiracicaba.com.br\/#organization\"},\"potentialAction\":[{\"@type\":\"SearchAction\",\"target\":{\"@type\":\"EntryPoint\",\"urlTemplate\":\"https:\/\/bancariosdepiracicaba.com.br\/?s={search_term_string}\"},\"query-input\":\"required name=search_term_string\"}],\"inLanguage\":\"pt-BR\"},{\"@type\":\"ImageObject\",\"@id\":\"https:\/\/bancariosdepiracicaba.com.br\/?p=24619#primaryimage\",\"inLanguage\":\"pt-BR\",\"url\":\"https:\/\/bancariosdepiracicaba.com.br\/wp-content\/uploads\/2026\/09\/WhatsApp-Image-2026-09-01-at-12.44.39-1.jpeg\",\"contentUrl\":\"https:\/\/bancariosdepiracicaba.com.br\/wp-content\/uploads\/2026\/09\/WhatsApp-Image-2026-09-01-at-12.44.39-1.jpeg\",\"width\":1024,\"height\":576},{\"@type\":\"WebPage\",\"@id\":\"https:\/\/bancariosdepiracicaba.com.br\/?p=24619#webpage\",\"url\":\"https:\/\/bancariosdepiracicaba.com.br\/?p=24619\",\"name\":\"EDITAL DE CONVOCA\u00c7\u00c3O DE ASSEMBLEIA EXTRAORDIN\u00c1RIA - Sindban\",\"isPartOf\":{\"@id\":\"https:\/\/bancariosdepiracicaba.com.br\/#website\"},\"primaryImageOfPage\":{\"@id\":\"https:\/\/bancariosdepiracicaba.com.br\/?p=24619#primaryimage\"},\"datePublished\":\"2026-09-01T15:51:57+00:00\",\"dateModified\":\"2026-09-01T15:53:03+00:00\",\"breadcrumb\":{\"@id\":\"https:\/\/bancariosdepiracicaba.com.br\/?p=24619#breadcrumb\"},\"inLanguage\":\"pt-BR\",\"potentialAction\":[{\"@type\":\"ReadAction\",\"target\":[\"https:\/\/bancariosdepiracicaba.com.br\/?p=24619\"]}]},{\"@type\":\"BreadcrumbList\",\"@id\":\"https:\/\/bancariosdepiracicaba.com.br\/?p=24619#breadcrumb\",\"itemListElement\":[{\"@type\":\"ListItem\",\"position\":1,\"name\":\"Home\",\"item\":\"https:\/\/bancariosdepiracicaba.com.br\/\"},{\"@type\":\"ListItem\",\"position\":2,\"name\":\"EDITAL DE CONVOCA\u00c7\u00c3O DE ASSEMBLEIA EXTRAORDIN\u00c1RIA\"}]},{\"@type\":\"Article\",\"@id\":\"https:\/\/bancariosdepiracicaba.com.br\/?p=24619#article\",\"isPartOf\":{\"@id\":\"https:\/\/bancariosdepiracicaba.com.br\/?p=24619#webpage\"},\"author\":{\"@id\":\"https:\/\/bancariosdepiracicaba.com.br\/#\/schema\/person\/4418e7bce9ead07b49e5c769b15a600b\"},\"headline\":\"EDITAL DE CONVOCA\u00c7\u00c3O DE ASSEMBLEIA EXTRAORDIN\u00c1RIA\",\"datePublished\":\"2026-09-01T15:51:57+00:00\",\"dateModified\":\"2026-09-01T15:53:03+00:00\",\"mainEntityOfPage\":{\"@id\":\"https:\/\/bancariosdepiracicaba.com.br\/?p=24619#webpage\"},\"wordCount\":241,\"commentCount\":0,\"publisher\":{\"@id\":\"https:\/\/bancariosdepiracicaba.com.br\/#organization\"},\"image\":{\"@id\":\"https:\/\/bancariosdepiracicaba.com.br\/?p=24619#primaryimage\"},\"thumbnailUrl\":\"https:\/\/bancariosdepiracicaba.com.br\/wp-content\/uploads\/2026\/09\/WhatsApp-Image-2026-09-01-at-12.44.39-1.jpeg\",\"articleSection\":[\"Uncategorized\"],\"inLanguage\":\"pt-BR\",\"potentialAction\":[{\"@type\":\"CommentAction\",\"name\":\"Comment\",\"target\":[\"https:\/\/bancariosdepiracicaba.com.br\/?p=24619#respond\"]}]},{\"@type\":\"Person\",\"@id\":\"https:\/\/bancariosdepiracicaba.com.br\/#\/schema\/person\/4418e7bce9ead07b49e5c769b15a600b\",\"name\":\"Gabrieli Menegati\",\"image\":{\"@type\":\"ImageObject\",\"@id\":\"https:\/\/bancariosdepiracicaba.com.br\/#personlogo\",\"inLanguage\":\"pt-BR\",\"url\":\"https:\/\/secure.gravatar.com\/avatar\/f1ab50e3d7438abc285b4f2909399438054dba58205b77c51601b6d1fc2e8f09?s=96&d=mm&r=g\",\"contentUrl\":\"https:\/\/secure.gravatar.com\/avatar\/f1ab50e3d7438abc285b4f2909399438054dba58205b77c51601b6d1fc2e8f09?s=96&d=mm&r=g\",\"caption\":\"Gabrieli Menegati\"},\"url\":\"https:\/\/bancariosdepiracicaba.com.br\/?author=4\"}]}<\/script>\n<!-- \/ Yoast SEO Premium plugin. -->","yoast_head_json":{"title":"EDITAL DE CONVOCA\u00c7\u00c3O DE ASSEMBLEIA EXTRAORDIN\u00c1RIA - Sindban","robots":{"index":"index","follow":"follow","max-snippet":"max-snippet:-1","max-image-preview":"max-image-preview:large","max-video-preview":"max-video-preview:-1"},"canonical":"https:\/\/bancariosdepiracicaba.com.br\/?p=24619","og_locale":"pt_BR","og_type":"article","og_title":"EDITAL DE CONVOCA\u00c7\u00c3O DE ASSEMBLEIA EXTRAORDIN\u00c1RIA - Sindban","og_description":"&nbsp; O Sindicato dos Empregados em Estabelecimentos Banc\u00e1rios de Piracicaba e Regi\u00e3o, inscrito no CNPJ\/MF sob o n\u00ba 54.409.990\/0001-45, Registro Sindical n\u00ba 914.100.132.02546-4, por seu Presidente abaixo assinado, convoca todos os trabalhadores banc\u00e1rios, sindicalizados e n\u00e3o sindicalizados , da base territorial deste Sindicato, para a assembleia geral extraordin\u00e1ria que se realizar\u00e1 por meio de plen\u00e1ria &hellip; EDITAL DE CONVOCA\u00c7\u00c3O DE ASSEMBLEIA EXTRAORDIN\u00c1RIA Leia mais &raquo;","og_url":"https:\/\/bancariosdepiracicaba.com.br\/?p=24619","og_site_name":"Sindban","article_published_time":"2026-09-01T15:51:57+00:00","article_modified_time":"2026-09-01T15:53:03+00:00","og_image":[{"width":1024,"height":576,"url":"https:\/\/bancariosdepiracicaba.com.br\/wp-content\/uploads\/2026\/09\/WhatsApp-Image-2026-09-01-at-12.44.39-1.jpeg","type":"image\/jpeg"}],"twitter_card":"summary_large_image","twitter_misc":{"Escrito por":"Gabrieli Menegati","Est. tempo de leitura":"1 minuto"},"schema":{"@context":"https:\/\/schema.org","@graph":[{"@type":"Organization","@id":"https:\/\/bancariosdepiracicaba.com.br\/#organization","name":"Sindban","url":"https:\/\/bancariosdepiracicaba.com.br\/","sameAs":[],"logo":{"@type":"ImageObject","@id":"https:\/\/bancariosdepiracicaba.com.br\/#logo","inLanguage":"pt-BR","url":"https:\/\/site.bancariosdepiracicaba.com.br\/wp-content\/uploads\/2021\/04\/cropped-Asset-2.png","contentUrl":"https:\/\/site.bancariosdepiracicaba.com.br\/wp-content\/uploads\/2021\/04\/cropped-Asset-2.png","width":512,"height":512,"caption":"Sindban"},"image":{"@id":"https:\/\/bancariosdepiracicaba.com.br\/#logo"}},{"@type":"WebSite","@id":"https:\/\/bancariosdepiracicaba.com.br\/#website","url":"https:\/\/bancariosdepiracicaba.com.br\/","name":"Sindban","description":"Desenvolvimento","publisher":{"@id":"https:\/\/bancariosdepiracicaba.com.br\/#organization"},"potentialAction":[{"@type":"SearchAction","target":{"@type":"EntryPoint","urlTemplate":"https:\/\/bancariosdepiracicaba.com.br\/?s={search_term_string}"},"query-input":"required name=search_term_string"}],"inLanguage":"pt-BR"},{"@type":"ImageObject","@id":"https:\/\/bancariosdepiracicaba.com.br\/?p=24619#primaryimage","inLanguage":"pt-BR","url":"https:\/\/bancariosdepiracicaba.com.br\/wp-content\/uploads\/2026\/09\/WhatsApp-Image-2026-09-01-at-12.44.39-1.jpeg","contentUrl":"https:\/\/bancariosdepiracicaba.com.br\/wp-content\/uploads\/2026\/09\/WhatsApp-Image-2026-09-01-at-12.44.39-1.jpeg","width":1024,"height":576},{"@type":"WebPage","@id":"https:\/\/bancariosdepiracicaba.com.br\/?p=24619#webpage","url":"https:\/\/bancariosdepiracicaba.com.br\/?p=24619","name":"EDITAL DE CONVOCA\u00c7\u00c3O DE ASSEMBLEIA EXTRAORDIN\u00c1RIA - Sindban","isPartOf":{"@id":"https:\/\/bancariosdepiracicaba.com.br\/#website"},"primaryImageOfPage":{"@id":"https:\/\/bancariosdepiracicaba.com.br\/?p=24619#primaryimage"},"datePublished":"2026-09-01T15:51:57+00:00","dateModified":"2026-09-01T15:53:03+00:00","breadcrumb":{"@id":"https:\/\/bancariosdepiracicaba.com.br\/?p=24619#breadcrumb"},"inLanguage":"pt-BR","potentialAction":[{"@type":"ReadAction","target":["https:\/\/bancariosdepiracicaba.com.br\/?p=24619"]}]},{"@type":"BreadcrumbList","@id":"https:\/\/bancariosdepiracicaba.com.br\/?p=24619#breadcrumb","itemListElement":[{"@type":"ListItem","position":1,"name":"Home","item":"https:\/\/bancariosdepiracicaba.com.br\/"},{"@type":"ListItem","position":2,"name":"EDITAL DE CONVOCA\u00c7\u00c3O DE ASSEMBLEIA EXTRAORDIN\u00c1RIA"}]},{"@type":"Article","@id":"https:\/\/bancariosdepiracicaba.com.br\/?p=24619#article","isPartOf":{"@id":"https:\/\/bancariosdepiracicaba.com.br\/?p=24619#webpage"},"author":{"@id":"https:\/\/bancariosdepiracicaba.com.br\/#\/schema\/person\/4418e7bce9ead07b49e5c769b15a600b"},"headline":"EDITAL DE CONVOCA\u00c7\u00c3O DE ASSEMBLEIA EXTRAORDIN\u00c1RIA","datePublished":"2026-09-01T15:51:57+00:00","dateModified":"2026-09-01T15:53:03+00:00","mainEntityOfPage":{"@id":"https:\/\/bancariosdepiracicaba.com.br\/?p=24619#webpage"},"wordCount":241,"commentCount":0,"publisher":{"@id":"https:\/\/bancariosdepiracicaba.com.br\/#organization"},"image":{"@id":"https:\/\/bancariosdepiracicaba.com.br\/?p=24619#primaryimage"},"thumbnailUrl":"https:\/\/bancariosdepiracicaba.com.br\/wp-content\/uploads\/2026\/09\/WhatsApp-Image-2026-09-01-at-12.44.39-1.jpeg","articleSection":["Uncategorized"],"inLanguage":"pt-BR","potentialAction":[{"@type":"CommentAction","name":"Comment","target":["https:\/\/bancariosdepiracicaba.com.br\/?p=24619#respond"]}]},{"@type":"Person","@id":"https:\/\/bancariosdepiracicaba.com.br\/#\/schema\/person\/4418e7bce9ead07b49e5c769b15a600b","name":"Gabrieli Menegati","image":{"@type":"ImageObject","@id":"https:\/\/bancariosdepiracicaba.com.br\/#personlogo","inLanguage":"pt-BR","url":"https:\/\/secure.gravatar.com\/avatar\/f1ab50e3d7438abc285b4f2909399438054dba58205b77c51601b6d1fc2e8f09?s=96&d=mm&r=g","contentUrl":"https:\/\/secure.gravatar.com\/avatar\/f1ab50e3d7438abc285b4f2909399438054dba58205b77c51601b6d1fc2e8f09?s=96&d=mm&r=g","caption":"Gabrieli Menegati"},"url":"https:\/\/bancariosdepiracicaba.com.br\/?author=4"}]}},"_links":{"self":[{"href":"https:\/\/bancariosdepiracicaba.com.br\/index.php?rest_route=\/wp\/v2\/posts\/24619","targetHints":{"allow":["GET"]}}],"collection":[{"href":"https:\/\/bancariosdepiracicaba.com.br\/index.php?rest_route=\/wp\/v2\/posts"}],"about":[{"href":"https:\/\/bancariosdepiracicaba.com.br\/index.php?rest_route=\/wp\/v2\/types\/post"}],"author":[{"embeddable":true,"href":"https:\/\/bancariosdepiracicaba.com.br\/index.php?rest_route=\/wp\/v2\/users\/4"}],"replies":[{"embeddable":true,"href":"https:\/\/bancariosdepiracicaba.com.br\/index.php?rest_route=%2Fwp%2Fv2%2Fcomments&post=24619"}],"version-history":[{"count":2,"href":"https:\/\/bancariosdepiracicaba.com.br\/index.php?rest_route=\/wp\/v2\/posts\/24619\/revisions"}],"predecessor-version":[{"id":24622,"href":"https:\/\/bancariosdepiracicaba.com.br\/index.php?rest_route=\/wp\/v2\/posts\/24619\/revisions\/24622"}],"wp:featuredmedia":[{"embeddable":true,"href":"https:\/\/bancariosdepiracicaba.com.br\/index.php?rest_route=\/wp\/v2\/media\/24620"}],"wp:attachment":[{"href":"https:\/\/bancariosdepiracicaba.com.br\/index.php?rest_route=%2Fwp%2Fv2%2Fmedia&parent=24619"}],"wp:term":[{"taxonomy":"category","embeddable":true,"href":"https:\/\/bancariosdepiracicaba.com.br\/index.php?rest_route=%2Fwp%2Fv2%2Fcategories&post=24619"},{"taxonomy":"post_tag","embeddable":true,"href":"https:\/\/bancariosdepiracicaba.com.br\/index.php?rest_route=%2Fwp%2Fv2%2Ftags&post=24619"}],"curies":[{"name":"wp","href":"https:\/\/api.w.org\/{rel}","templated":true}]}}