{"id":10281,"date":"2021-07-23T21:41:41","date_gmt":"2021-07-23T21:41:41","guid":{"rendered":"https:\/\/site.bancariosdepiracicaba.com.br\/2021\/07\/23\/passeata-chama-a-atencao-para-a-acessibilidade-no-comercio-e-servicos\/"},"modified":"2021-07-23T21:41:41","modified_gmt":"2021-07-23T21:41:41","slug":"passeata-chama-a-atencao-para-a-acessibilidade-no-comercio-e-servicos","status":"publish","type":"post","link":"https:\/\/bancariosdepiracicaba.com.br\/?p=10281","title":{"rendered":"Passeata chama a aten\u00e7\u00e3o para a acessibilidade no com\u00e9rcio e servi\u00e7os"},"content":{"rendered":"<p>O SINDBAN (Sindicato dos Banc\u00e1rios de Piracicaba e Regi\u00e3o), que mant\u00e9m desde 2015 o Projeto Banc\u00e1rio Eficiente, participou do Dia Nacional e Municipal de Luta da Pessoa com Defici\u00eancia, comemorado nesta quinta-feira (21\/9). Entidades, atendidos e familiares se reuniram numa caminhada alegre de conscientiza\u00e7\u00e3o pela garantia dos direitos da pessoa com defici\u00eancia, que teve in \u00edcio \u00e0s 8h30 em frente ao Mercado Municipal. A passeata seguiu at\u00e9 a Pra\u00e7a Jos\u00e9 Bonif\u00e1cio, onde ocorreu o ato p\u00fablico.<\/p>\n<p>A a\u00e7\u00e3o faz parte da programa\u00e7\u00e3o da VI Semana Municipal da Luta da Pessoa com Defici\u00eancia, que foi promovida pelo Conselho Municipal da Prote\u00e7\u00e3o, Direitos e Desenvolvimento da Pessoa com Defici\u00eancia (Comdef) com apoio estrat\u00e9gico do Sindicato dos Banc\u00e1rios de Piracicaba, por meio de Secretaria de Apoio da Pessoa com de Defici\u00eancia.<\/p>\n<p>Uma carta aberta foi entregue \u00e0 popula\u00e7\u00e3o para divulgar os direitos desse p\u00fablico, especialmente com rela\u00e7\u00e3o \u00e0 acessibilidade que \u00e9 tema do Setembro Verde, m\u00eas da inclus\u00e3o da pessoa com defici\u00eancia.<\/p>\n<p>A acessibilidade garante a liberdade de a\u00e7\u00e3o da pessoa com defici\u00eancia, inclusive ao com\u00e9rcio e aos servi\u00e7os em geral. Durante o evento, a Graziela Tozin, que \u00e9 deficiente visual, reclamou da falta de sonoriza\u00e7\u00e3o das sistemas de senhas do bancos, o que a obriga a pedir ajuda para outras pessoas.  \u201c;Eu tenho condi\u00e7\u00f5es de fazer tudo sozinha, \u00e9 s\u00f3 colocar um sistema sonorizado \u201c;, diss ela.<\/p>\n<p>A mobiliza\u00e7\u00e3o provocada pelo evento foi positiva para C\u00e9sar do Nascimento Santos, o Cezinha, e Let \u00edcia Trancoso, diretores da Secretaria de Assuntos da Pessoa com Defici\u00eancia do SinBan, que h\u00e1 dois anos criou o projeto Banc\u00e1rio Eficiente, uma a\u00e7\u00e3o in\u00e9dita que  teve in \u00edcio com o mapeamento de acessibilidade e inclus\u00e3o das ag\u00eancias banc\u00e1iras de Piracicaba.<\/p>\n<p>Eles participaram ativamente da discuss\u00e3o e prepara\u00e7\u00e3o da Semana Municipal da Luta da Pessoa com Defici\u00eancia.<\/p>\n<p> \u201c;A cada ano que passa, a caminhada do dia 21 de setembro (Dia Nacional da Luta da Pessoa Com Defici\u00eancia) vai ganhando corpo. Hoje, (21\/9) mais de 300 pessoas participaram da atividade que n\u00e3o \u00e9 s\u00f3 de comemora\u00e7\u00e3o, mas principalmente de reinvindica\u00e7\u00e3o em todos os n \u00edveis: federal, estadual e muncipal. Esse governo tirou v\u00e1rios direitos da pessoa com defici\u00eancia, mas nossa luta \u00e9 para que isso seja revertido \u201c;, disse Cezinha.<\/p>\n<p>O presidente do SindBan, Jos\u00e9 Antonio Fernandes Paiva leu a Carta Aberta como forma de enaltecer o trabalho realizado pelo Sindicato no Projeto Banc\u00e1rio Eficiente, in\u00e9dito no Brasil, destacou tamb\u00e9m a  \u201c;insensibilidade do presidente Michel Temer ao alterar para pior a legisla\u00e7\u00e3o e defesa dos direitos do das pessoas com defici\u00eancia \u201c;.   <\/p>\n<p>SEM VITIMISMO<\/p>\n<p>Mudar paradigmas \u00e9 a grande luta das pessoas com defici\u00eancia, segundo a diretora do SindBan Let \u00edcia, que destaca \u00e9 preciso comemorar os pequenos avan\u00e7os, lutar por mais conquitas e divulgar grandes exemplos.<\/p>\n<p> \u201c;N\u00e3o somos coitados, isso n\u00e3o \u00e9 verdade. Temos muitos bons exemplos de que a pessoa com defici\u00eancia se supera em cada dificuldade, como doutora Rosana Davanzo que \u00e9 deficiente visual, mas em nenhum momento achou nisso um empecilho para se formar no doutorado em pedagogia ou o atleta piracicabano recordista em corrida Francisco Kess, que \u00e9 deficiente f \u00edsico. Todos eles est\u00e3o inseridos na sociedade trabalhando, estudando e indo aos lugares nada acess \u00edveis, mas mesmo assim se superando e ultrapassando barreiras.  E por estes exemplos e para que mais exemplos como estes possam surgir \u00e9 que fomos as ruas esta manh\u00e3 \u201c;, disse ela.<\/p>\n","protected":false},"excerpt":{"rendered":"<p>O SINDBAN (Sindicato dos Banc\u00e1rios de Piracicaba e Regi\u00e3o), que mant\u00e9m desde 2015 o Projeto Banc\u00e1rio Eficiente, participou do Dia Nacional e Municipal de Luta da Pessoa com Defici\u00eancia, comemorado nesta quinta-feira (21\/9). Entidades, atendidos e familiares se reuniram numa caminhada alegre de conscientiza\u00e7\u00e3o pela garantia dos direitos da pessoa com defici\u00eancia, que teve in &hellip;<\/p>\n<p class=\"read-more\"> <a class=\"\" href=\"https:\/\/bancariosdepiracicaba.com.br\/?p=10281\"> <span class=\"screen-reader-text\">Passeata chama a aten\u00e7\u00e3o para a acessibilidade no com\u00e9rcio e servi\u00e7os<\/span> Leia mais &raquo;<\/a><\/p>\n","protected":false},"author":1,"featured_media":0,"comment_status":"open","ping_status":"open","sticky":false,"template":"","format":"standard","meta":{"site-sidebar-layout":"default","site-content-layout":"default","ast-main-header-display":"","ast-hfb-above-header-display":"","ast-hfb-below-header-display":"","ast-hfb-mobile-header-display":"","site-post-title":"","ast-breadcrumbs-content":"","ast-featured-img":"","footer-sml-layout":"","theme-transparent-header-meta":"","adv-header-id-meta":"","stick-header-meta":"","header-above-stick-meta":"","header-main-stick-meta":"","header-below-stick-meta":"","footnotes":""},"categories":[1],"tags":[],"class_list":["post-10281","post","type-post","status-publish","format-standard","hentry","category-uncategorized"],"yoast_head":"<!-- This site is optimized with the Yoast SEO Premium plugin v16.1 (Yoast SEO v18.0) - https:\/\/yoast.com\/wordpress\/plugins\/seo\/ -->\n<title>Passeata chama a aten\u00e7\u00e3o para a acessibilidade no com\u00e9rcio e servi\u00e7os - Sindban<\/title>\n<meta name=\"robots\" content=\"index, follow, max-snippet:-1, max-image-preview:large, max-video-preview:-1\" \/>\n<link rel=\"canonical\" href=\"https:\/\/bancariosdepiracicaba.com.br\/?p=10281\" \/>\n<meta property=\"og:locale\" content=\"pt_BR\" \/>\n<meta property=\"og:type\" content=\"article\" \/>\n<meta property=\"og:title\" content=\"Passeata chama a aten\u00e7\u00e3o para a acessibilidade no com\u00e9rcio e servi\u00e7os - Sindban\" \/>\n<meta property=\"og:description\" content=\"O SINDBAN (Sindicato dos Banc\u00e1rios de Piracicaba e Regi\u00e3o), que mant\u00e9m desde 2015 o Projeto Banc\u00e1rio Eficiente, participou do Dia Nacional e Municipal de Luta da Pessoa com Defici\u00eancia, comemorado nesta quinta-feira (21\/9). Entidades, atendidos e familiares se reuniram numa caminhada alegre de conscientiza\u00e7\u00e3o pela garantia dos direitos da pessoa com defici\u00eancia, que teve in &hellip; Passeata chama a aten\u00e7\u00e3o para a acessibilidade no com\u00e9rcio e servi\u00e7os Leia mais &raquo;\" \/>\n<meta property=\"og:url\" content=\"https:\/\/bancariosdepiracicaba.com.br\/?p=10281\" \/>\n<meta property=\"og:site_name\" content=\"Sindban\" \/>\n<meta property=\"article:published_time\" content=\"2021-07-23T21:41:41+00:00\" \/>\n<meta name=\"twitter:card\" content=\"summary_large_image\" \/>\n<meta name=\"twitter:label1\" content=\"Escrito por\" \/>\n\t<meta name=\"twitter:data1\" content=\"admin\" \/>\n\t<meta name=\"twitter:label2\" content=\"Est. tempo de leitura\" \/>\n\t<meta name=\"twitter:data2\" content=\"3 minutos\" \/>\n<script type=\"application\/ld+json\" class=\"yoast-schema-graph\">{\"@context\":\"https:\/\/schema.org\",\"@graph\":[{\"@type\":\"Organization\",\"@id\":\"https:\/\/bancariosdepiracicaba.com.br\/#organization\",\"name\":\"Sindban\",\"url\":\"https:\/\/bancariosdepiracicaba.com.br\/\",\"sameAs\":[],\"logo\":{\"@type\":\"ImageObject\",\"@id\":\"https:\/\/bancariosdepiracicaba.com.br\/#logo\",\"inLanguage\":\"pt-BR\",\"url\":\"https:\/\/site.bancariosdepiracicaba.com.br\/wp-content\/uploads\/2021\/04\/cropped-Asset-2.png\",\"contentUrl\":\"https:\/\/site.bancariosdepiracicaba.com.br\/wp-content\/uploads\/2021\/04\/cropped-Asset-2.png\",\"width\":512,\"height\":512,\"caption\":\"Sindban\"},\"image\":{\"@id\":\"https:\/\/bancariosdepiracicaba.com.br\/#logo\"}},{\"@type\":\"WebSite\",\"@id\":\"https:\/\/bancariosdepiracicaba.com.br\/#website\",\"url\":\"https:\/\/bancariosdepiracicaba.com.br\/\",\"name\":\"Sindban\",\"description\":\"Desenvolvimento\",\"publisher\":{\"@id\":\"https:\/\/bancariosdepiracicaba.com.br\/#organization\"},\"potentialAction\":[{\"@type\":\"SearchAction\",\"target\":{\"@type\":\"EntryPoint\",\"urlTemplate\":\"https:\/\/bancariosdepiracicaba.com.br\/?s={search_term_string}\"},\"query-input\":\"required name=search_term_string\"}],\"inLanguage\":\"pt-BR\"},{\"@type\":\"WebPage\",\"@id\":\"https:\/\/bancariosdepiracicaba.com.br\/?p=10281#webpage\",\"url\":\"https:\/\/bancariosdepiracicaba.com.br\/?p=10281\",\"name\":\"Passeata chama a aten\u00e7\u00e3o para a acessibilidade no com\u00e9rcio e servi\u00e7os - Sindban\",\"isPartOf\":{\"@id\":\"https:\/\/bancariosdepiracicaba.com.br\/#website\"},\"datePublished\":\"2021-07-23T21:41:41+00:00\",\"dateModified\":\"2021-07-23T21:41:41+00:00\",\"breadcrumb\":{\"@id\":\"https:\/\/bancariosdepiracicaba.com.br\/?p=10281#breadcrumb\"},\"inLanguage\":\"pt-BR\",\"potentialAction\":[{\"@type\":\"ReadAction\",\"target\":[\"https:\/\/bancariosdepiracicaba.com.br\/?p=10281\"]}]},{\"@type\":\"BreadcrumbList\",\"@id\":\"https:\/\/bancariosdepiracicaba.com.br\/?p=10281#breadcrumb\",\"itemListElement\":[{\"@type\":\"ListItem\",\"position\":1,\"name\":\"Home\",\"item\":\"https:\/\/bancariosdepiracicaba.com.br\/\"},{\"@type\":\"ListItem\",\"position\":2,\"name\":\"Passeata chama a aten\u00e7\u00e3o para a acessibilidade no com\u00e9rcio e servi\u00e7os\"}]},{\"@type\":\"Article\",\"@id\":\"https:\/\/bancariosdepiracicaba.com.br\/?p=10281#article\",\"isPartOf\":{\"@id\":\"https:\/\/bancariosdepiracicaba.com.br\/?p=10281#webpage\"},\"author\":{\"@id\":\"https:\/\/bancariosdepiracicaba.com.br\/#\/schema\/person\/6a12c780fc145ea2c9af09989ee600b0\"},\"headline\":\"Passeata chama a aten\u00e7\u00e3o para a acessibilidade no com\u00e9rcio e servi\u00e7os\",\"datePublished\":\"2021-07-23T21:41:41+00:00\",\"dateModified\":\"2021-07-23T21:41:41+00:00\",\"mainEntityOfPage\":{\"@id\":\"https:\/\/bancariosdepiracicaba.com.br\/?p=10281#webpage\"},\"wordCount\":613,\"commentCount\":0,\"publisher\":{\"@id\":\"https:\/\/bancariosdepiracicaba.com.br\/#organization\"},\"articleSection\":[\"Uncategorized\"],\"inLanguage\":\"pt-BR\",\"potentialAction\":[{\"@type\":\"CommentAction\",\"name\":\"Comment\",\"target\":[\"https:\/\/bancariosdepiracicaba.com.br\/?p=10281#respond\"]}]},{\"@type\":\"Person\",\"@id\":\"https:\/\/bancariosdepiracicaba.com.br\/#\/schema\/person\/6a12c780fc145ea2c9af09989ee600b0\",\"name\":\"admin\",\"image\":{\"@type\":\"ImageObject\",\"@id\":\"https:\/\/bancariosdepiracicaba.com.br\/#personlogo\",\"inLanguage\":\"pt-BR\",\"url\":\"https:\/\/secure.gravatar.com\/avatar\/3a05e74c6579e68209676cb5cb64e0918f288da7a49210fa18d6e9cac1189840?s=96&d=mm&r=g\",\"contentUrl\":\"https:\/\/secure.gravatar.com\/avatar\/3a05e74c6579e68209676cb5cb64e0918f288da7a49210fa18d6e9cac1189840?s=96&d=mm&r=g\",\"caption\":\"admin\"},\"sameAs\":[\"https:\/\/site.bancariosdepiracicaba.com.br\"],\"url\":\"https:\/\/bancariosdepiracicaba.com.br\/?author=1\"}]}<\/script>\n<!-- \/ Yoast SEO Premium plugin. -->","yoast_head_json":{"title":"Passeata chama a aten\u00e7\u00e3o para a acessibilidade no com\u00e9rcio e servi\u00e7os - Sindban","robots":{"index":"index","follow":"follow","max-snippet":"max-snippet:-1","max-image-preview":"max-image-preview:large","max-video-preview":"max-video-preview:-1"},"canonical":"https:\/\/bancariosdepiracicaba.com.br\/?p=10281","og_locale":"pt_BR","og_type":"article","og_title":"Passeata chama a aten\u00e7\u00e3o para a acessibilidade no com\u00e9rcio e servi\u00e7os - Sindban","og_description":"O SINDBAN (Sindicato dos Banc\u00e1rios de Piracicaba e Regi\u00e3o), que mant\u00e9m desde 2015 o Projeto Banc\u00e1rio Eficiente, participou do Dia Nacional e Municipal de Luta da Pessoa com Defici\u00eancia, comemorado nesta quinta-feira (21\/9). Entidades, atendidos e familiares se reuniram numa caminhada alegre de conscientiza\u00e7\u00e3o pela garantia dos direitos da pessoa com defici\u00eancia, que teve in &hellip; Passeata chama a aten\u00e7\u00e3o para a acessibilidade no com\u00e9rcio e servi\u00e7os Leia mais &raquo;","og_url":"https:\/\/bancariosdepiracicaba.com.br\/?p=10281","og_site_name":"Sindban","article_published_time":"2021-07-23T21:41:41+00:00","twitter_card":"summary_large_image","twitter_misc":{"Escrito por":"admin","Est. tempo de leitura":"3 minutos"},"schema":{"@context":"https:\/\/schema.org","@graph":[{"@type":"Organization","@id":"https:\/\/bancariosdepiracicaba.com.br\/#organization","name":"Sindban","url":"https:\/\/bancariosdepiracicaba.com.br\/","sameAs":[],"logo":{"@type":"ImageObject","@id":"https:\/\/bancariosdepiracicaba.com.br\/#logo","inLanguage":"pt-BR","url":"https:\/\/site.bancariosdepiracicaba.com.br\/wp-content\/uploads\/2021\/04\/cropped-Asset-2.png","contentUrl":"https:\/\/site.bancariosdepiracicaba.com.br\/wp-content\/uploads\/2021\/04\/cropped-Asset-2.png","width":512,"height":512,"caption":"Sindban"},"image":{"@id":"https:\/\/bancariosdepiracicaba.com.br\/#logo"}},{"@type":"WebSite","@id":"https:\/\/bancariosdepiracicaba.com.br\/#website","url":"https:\/\/bancariosdepiracicaba.com.br\/","name":"Sindban","description":"Desenvolvimento","publisher":{"@id":"https:\/\/bancariosdepiracicaba.com.br\/#organization"},"potentialAction":[{"@type":"SearchAction","target":{"@type":"EntryPoint","urlTemplate":"https:\/\/bancariosdepiracicaba.com.br\/?s={search_term_string}"},"query-input":"required name=search_term_string"}],"inLanguage":"pt-BR"},{"@type":"WebPage","@id":"https:\/\/bancariosdepiracicaba.com.br\/?p=10281#webpage","url":"https:\/\/bancariosdepiracicaba.com.br\/?p=10281","name":"Passeata chama a aten\u00e7\u00e3o para a acessibilidade no com\u00e9rcio e servi\u00e7os - Sindban","isPartOf":{"@id":"https:\/\/bancariosdepiracicaba.com.br\/#website"},"datePublished":"2021-07-23T21:41:41+00:00","dateModified":"2021-07-23T21:41:41+00:00","breadcrumb":{"@id":"https:\/\/bancariosdepiracicaba.com.br\/?p=10281#breadcrumb"},"inLanguage":"pt-BR","potentialAction":[{"@type":"ReadAction","target":["https:\/\/bancariosdepiracicaba.com.br\/?p=10281"]}]},{"@type":"BreadcrumbList","@id":"https:\/\/bancariosdepiracicaba.com.br\/?p=10281#breadcrumb","itemListElement":[{"@type":"ListItem","position":1,"name":"Home","item":"https:\/\/bancariosdepiracicaba.com.br\/"},{"@type":"ListItem","position":2,"name":"Passeata chama a aten\u00e7\u00e3o para a acessibilidade no com\u00e9rcio e servi\u00e7os"}]},{"@type":"Article","@id":"https:\/\/bancariosdepiracicaba.com.br\/?p=10281#article","isPartOf":{"@id":"https:\/\/bancariosdepiracicaba.com.br\/?p=10281#webpage"},"author":{"@id":"https:\/\/bancariosdepiracicaba.com.br\/#\/schema\/person\/6a12c780fc145ea2c9af09989ee600b0"},"headline":"Passeata chama a aten\u00e7\u00e3o para a acessibilidade no com\u00e9rcio e servi\u00e7os","datePublished":"2021-07-23T21:41:41+00:00","dateModified":"2021-07-23T21:41:41+00:00","mainEntityOfPage":{"@id":"https:\/\/bancariosdepiracicaba.com.br\/?p=10281#webpage"},"wordCount":613,"commentCount":0,"publisher":{"@id":"https:\/\/bancariosdepiracicaba.com.br\/#organization"},"articleSection":["Uncategorized"],"inLanguage":"pt-BR","potentialAction":[{"@type":"CommentAction","name":"Comment","target":["https:\/\/bancariosdepiracicaba.com.br\/?p=10281#respond"]}]},{"@type":"Person","@id":"https:\/\/bancariosdepiracicaba.com.br\/#\/schema\/person\/6a12c780fc145ea2c9af09989ee600b0","name":"admin","image":{"@type":"ImageObject","@id":"https:\/\/bancariosdepiracicaba.com.br\/#personlogo","inLanguage":"pt-BR","url":"https:\/\/secure.gravatar.com\/avatar\/3a05e74c6579e68209676cb5cb64e0918f288da7a49210fa18d6e9cac1189840?s=96&d=mm&r=g","contentUrl":"https:\/\/secure.gravatar.com\/avatar\/3a05e74c6579e68209676cb5cb64e0918f288da7a49210fa18d6e9cac1189840?s=96&d=mm&r=g","caption":"admin"},"sameAs":["https:\/\/site.bancariosdepiracicaba.com.br"],"url":"https:\/\/bancariosdepiracicaba.com.br\/?author=1"}]}},"_links":{"self":[{"href":"https:\/\/bancariosdepiracicaba.com.br\/index.php?rest_route=\/wp\/v2\/posts\/10281","targetHints":{"allow":["GET"]}}],"collection":[{"href":"https:\/\/bancariosdepiracicaba.com.br\/index.php?rest_route=\/wp\/v2\/posts"}],"about":[{"href":"https:\/\/bancariosdepiracicaba.com.br\/index.php?rest_route=\/wp\/v2\/types\/post"}],"author":[{"embeddable":true,"href":"https:\/\/bancariosdepiracicaba.com.br\/index.php?rest_route=\/wp\/v2\/users\/1"}],"replies":[{"embeddable":true,"href":"https:\/\/bancariosdepiracicaba.com.br\/index.php?rest_route=%2Fwp%2Fv2%2Fcomments&post=10281"}],"version-history":[{"count":0,"href":"https:\/\/bancariosdepiracicaba.com.br\/index.php?rest_route=\/wp\/v2\/posts\/10281\/revisions"}],"wp:attachment":[{"href":"https:\/\/bancariosdepiracicaba.com.br\/index.php?rest_route=%2Fwp%2Fv2%2Fmedia&parent=10281"}],"wp:term":[{"taxonomy":"category","embeddable":true,"href":"https:\/\/bancariosdepiracicaba.com.br\/index.php?rest_route=%2Fwp%2Fv2%2Fcategories&post=10281"},{"taxonomy":"post_tag","embeddable":true,"href":"https:\/\/bancariosdepiracicaba.com.br\/index.php?rest_route=%2Fwp%2Fv2%2Ftags&post=10281"}],"curies":[{"name":"wp","href":"https:\/\/api.w.org\/{rel}","templated":true}]}}