{"id":10279,"date":"2021-07-23T21:41:39","date_gmt":"2021-07-23T21:41:39","guid":{"rendered":"https:\/\/site.bancariosdepiracicaba.com.br\/2021\/07\/23\/caminhada-e-manifesto-marcam-semana-da-luta-da-pessoa-com-deficiencia\/"},"modified":"2021-07-23T21:41:39","modified_gmt":"2021-07-23T21:41:39","slug":"caminhada-e-manifesto-marcam-semana-da-luta-da-pessoa-com-deficiencia","status":"publish","type":"post","link":"https:\/\/bancariosdepiracicaba.com.br\/?p=10279","title":{"rendered":"Caminhada e manifesto marcam Semana da Luta da Pessoa com Defici\u00eancia"},"content":{"rendered":"<p>Uma caminhada e manifesto s\u00e3o as atividade da Semana Municipal de Luta da Pessoa com Defici\u00eancia, que este ano tem como lema  \u201c;Garantir o direito das pessoas com defici\u00eancia \u00e9 dever de todos \u201c;. A semana come\u00e7ou no dia 18 e prossegue at\u00e9 o dia 23, s\u00e1bado. A caminhada ter\u00e1 concentra\u00e7\u00e3o \u00e0s 8h30, no Mercado Municipal, segue at\u00e9 a Governador Pedro de Toledo e termina na pra\u00e7a da Matriz Santo Antonio. O evento tem apoio do SindBan (Sindicato dos Banc\u00e1rios de Piracicaba e Regi\u00e3o).<\/p>\n<p>O vice-secret\u00e1rio de Assuntos da Pessoa com Defici\u00eancia do SindBan, C\u00e9sar do Nascimento Santos, o Cesinha, que participa do Conselho Municipal da Pessoa com Defici\u00eancia, explicou que o objetivo da passeata \u00e9 de mostrar para a popula\u00e7\u00e3o em geral que a pessoa com defici\u00eancia tem todas as condi\u00e7\u00f5es de trabalho, de ir e vir e de contribuir com a sociedade.<\/p>\n<p> \u201c;O foco da Semana neste ano \u00e9 a acessibilidade, por isso a passeata \u00e9 uma forma de protestar contra os locais que n\u00e3o t\u00eam acessibilidade. A ideia \u00e9 demonstrar para os empres\u00e1rios popula\u00e7\u00e3o e governo que a pessoa com defici\u00eancia \u00e9 uma cidad\u00e3o comum, que pode contribuir para a economia, o trabalho e a sociedade \u201c;, diz Cezinha.<\/p>\n<p>Os participantes v\u00e3o distribuir uma carta aberta \u00e0 popula\u00e7\u00e3o ao longo do percurso e ser\u00e3o feitas v\u00e1rias interven\u00e7\u00f5es destacando que a defici\u00eancia n\u00e3o est\u00e1 nas pessoas, mas no sistema em geral, na sociedade  e no preconceito.<\/p>\n<p>Programa\u00e7\u00e3o<\/p>\n<p>Caminhada e Manifesto pela garantia dos direitos da pessoa com defici\u00eancia<\/p>\n<p>8h30 &#8211; sa \u00edda do Mercado Municipal, percurso pela rua Governador Pedro de Toledo at\u00e9 a pra\u00e7a da Catedral de Santo Antonio;<\/p>\n<p>10h30 &#8211; ato solene na pra\u00e7a da Catedral que marcar\u00e1 o compromisso do poder p\u00fablico com a garantia dos direitos da pessoa com defici\u00eancia;<\/p>\n<p>14h &#8211; Oficina de pais  \u201c;Olhares poss \u00edveis para a defici\u00eancia, os sujeitos e a quest\u00e3o da autonomia social \u201c;. Convidados: Valeria Scaranello (Inclus\u00e3o\/Unimep), professora Gl\u00e1ucia Uliani (PPGE\/Unimep). Local: Campus Taquaral. Gratuito.<\/p>\n","protected":false},"excerpt":{"rendered":"<p>Uma caminhada e manifesto s\u00e3o as atividade da Semana Municipal de Luta da Pessoa com Defici\u00eancia, que este ano tem como lema \u201c;Garantir o direito das pessoas com defici\u00eancia \u00e9 dever de todos \u201c;. A semana come\u00e7ou no dia 18 e prossegue at\u00e9 o dia 23, s\u00e1bado. A caminhada ter\u00e1 concentra\u00e7\u00e3o \u00e0s 8h30, no Mercado &hellip;<\/p>\n<p class=\"read-more\"> <a class=\"\" href=\"https:\/\/bancariosdepiracicaba.com.br\/?p=10279\"> <span class=\"screen-reader-text\">Caminhada e manifesto marcam Semana da Luta da Pessoa com Defici\u00eancia<\/span> Leia mais &raquo;<\/a><\/p>\n","protected":false},"author":1,"featured_media":0,"comment_status":"open","ping_status":"open","sticky":false,"template":"","format":"standard","meta":{"site-sidebar-layout":"default","site-content-layout":"default","ast-main-header-display":"","ast-hfb-above-header-display":"","ast-hfb-below-header-display":"","ast-hfb-mobile-header-display":"","site-post-title":"","ast-breadcrumbs-content":"","ast-featured-img":"","footer-sml-layout":"","theme-transparent-header-meta":"","adv-header-id-meta":"","stick-header-meta":"","header-above-stick-meta":"","header-main-stick-meta":"","header-below-stick-meta":"","footnotes":""},"categories":[1],"tags":[],"class_list":["post-10279","post","type-post","status-publish","format-standard","hentry","category-uncategorized"],"yoast_head":"<!-- This site is optimized with the Yoast SEO Premium plugin v16.1 (Yoast SEO v18.0) - https:\/\/yoast.com\/wordpress\/plugins\/seo\/ -->\n<title>Caminhada e manifesto marcam Semana da Luta da Pessoa com Defici\u00eancia - Sindban<\/title>\n<meta name=\"robots\" content=\"index, follow, max-snippet:-1, max-image-preview:large, max-video-preview:-1\" \/>\n<link rel=\"canonical\" href=\"https:\/\/bancariosdepiracicaba.com.br\/?p=10279\" \/>\n<meta property=\"og:locale\" content=\"pt_BR\" \/>\n<meta property=\"og:type\" content=\"article\" \/>\n<meta property=\"og:title\" content=\"Caminhada e manifesto marcam Semana da Luta da Pessoa com Defici\u00eancia - Sindban\" \/>\n<meta property=\"og:description\" content=\"Uma caminhada e manifesto s\u00e3o as atividade da Semana Municipal de Luta da Pessoa com Defici\u00eancia, que este ano tem como lema \u201c;Garantir o direito das pessoas com defici\u00eancia \u00e9 dever de todos \u201c;. A semana come\u00e7ou no dia 18 e prossegue at\u00e9 o dia 23, s\u00e1bado. A caminhada ter\u00e1 concentra\u00e7\u00e3o \u00e0s 8h30, no Mercado &hellip; Caminhada e manifesto marcam Semana da Luta da Pessoa com Defici\u00eancia Leia mais &raquo;\" \/>\n<meta property=\"og:url\" content=\"https:\/\/bancariosdepiracicaba.com.br\/?p=10279\" \/>\n<meta property=\"og:site_name\" content=\"Sindban\" \/>\n<meta property=\"article:published_time\" content=\"2021-07-23T21:41:39+00:00\" \/>\n<meta name=\"twitter:card\" content=\"summary_large_image\" \/>\n<meta name=\"twitter:label1\" content=\"Escrito por\" \/>\n\t<meta name=\"twitter:data1\" content=\"admin\" \/>\n\t<meta name=\"twitter:label2\" content=\"Est. tempo de leitura\" \/>\n\t<meta name=\"twitter:data2\" content=\"2 minutos\" \/>\n<script type=\"application\/ld+json\" class=\"yoast-schema-graph\">{\"@context\":\"https:\/\/schema.org\",\"@graph\":[{\"@type\":\"Organization\",\"@id\":\"https:\/\/bancariosdepiracicaba.com.br\/#organization\",\"name\":\"Sindban\",\"url\":\"https:\/\/bancariosdepiracicaba.com.br\/\",\"sameAs\":[],\"logo\":{\"@type\":\"ImageObject\",\"@id\":\"https:\/\/bancariosdepiracicaba.com.br\/#logo\",\"inLanguage\":\"pt-BR\",\"url\":\"https:\/\/site.bancariosdepiracicaba.com.br\/wp-content\/uploads\/2021\/04\/cropped-Asset-2.png\",\"contentUrl\":\"https:\/\/site.bancariosdepiracicaba.com.br\/wp-content\/uploads\/2021\/04\/cropped-Asset-2.png\",\"width\":512,\"height\":512,\"caption\":\"Sindban\"},\"image\":{\"@id\":\"https:\/\/bancariosdepiracicaba.com.br\/#logo\"}},{\"@type\":\"WebSite\",\"@id\":\"https:\/\/bancariosdepiracicaba.com.br\/#website\",\"url\":\"https:\/\/bancariosdepiracicaba.com.br\/\",\"name\":\"Sindban\",\"description\":\"Desenvolvimento\",\"publisher\":{\"@id\":\"https:\/\/bancariosdepiracicaba.com.br\/#organization\"},\"potentialAction\":[{\"@type\":\"SearchAction\",\"target\":{\"@type\":\"EntryPoint\",\"urlTemplate\":\"https:\/\/bancariosdepiracicaba.com.br\/?s={search_term_string}\"},\"query-input\":\"required name=search_term_string\"}],\"inLanguage\":\"pt-BR\"},{\"@type\":\"WebPage\",\"@id\":\"https:\/\/bancariosdepiracicaba.com.br\/?p=10279#webpage\",\"url\":\"https:\/\/bancariosdepiracicaba.com.br\/?p=10279\",\"name\":\"Caminhada e manifesto marcam Semana da Luta da Pessoa com Defici\u00eancia - Sindban\",\"isPartOf\":{\"@id\":\"https:\/\/bancariosdepiracicaba.com.br\/#website\"},\"datePublished\":\"2021-07-23T21:41:39+00:00\",\"dateModified\":\"2021-07-23T21:41:39+00:00\",\"breadcrumb\":{\"@id\":\"https:\/\/bancariosdepiracicaba.com.br\/?p=10279#breadcrumb\"},\"inLanguage\":\"pt-BR\",\"potentialAction\":[{\"@type\":\"ReadAction\",\"target\":[\"https:\/\/bancariosdepiracicaba.com.br\/?p=10279\"]}]},{\"@type\":\"BreadcrumbList\",\"@id\":\"https:\/\/bancariosdepiracicaba.com.br\/?p=10279#breadcrumb\",\"itemListElement\":[{\"@type\":\"ListItem\",\"position\":1,\"name\":\"Home\",\"item\":\"https:\/\/bancariosdepiracicaba.com.br\/\"},{\"@type\":\"ListItem\",\"position\":2,\"name\":\"Caminhada e manifesto marcam Semana da Luta da Pessoa com Defici\u00eancia\"}]},{\"@type\":\"Article\",\"@id\":\"https:\/\/bancariosdepiracicaba.com.br\/?p=10279#article\",\"isPartOf\":{\"@id\":\"https:\/\/bancariosdepiracicaba.com.br\/?p=10279#webpage\"},\"author\":{\"@id\":\"https:\/\/bancariosdepiracicaba.com.br\/#\/schema\/person\/6a12c780fc145ea2c9af09989ee600b0\"},\"headline\":\"Caminhada e manifesto marcam Semana da Luta da Pessoa com Defici\u00eancia\",\"datePublished\":\"2021-07-23T21:41:39+00:00\",\"dateModified\":\"2021-07-23T21:41:39+00:00\",\"mainEntityOfPage\":{\"@id\":\"https:\/\/bancariosdepiracicaba.com.br\/?p=10279#webpage\"},\"wordCount\":369,\"commentCount\":0,\"publisher\":{\"@id\":\"https:\/\/bancariosdepiracicaba.com.br\/#organization\"},\"articleSection\":[\"Uncategorized\"],\"inLanguage\":\"pt-BR\",\"potentialAction\":[{\"@type\":\"CommentAction\",\"name\":\"Comment\",\"target\":[\"https:\/\/bancariosdepiracicaba.com.br\/?p=10279#respond\"]}]},{\"@type\":\"Person\",\"@id\":\"https:\/\/bancariosdepiracicaba.com.br\/#\/schema\/person\/6a12c780fc145ea2c9af09989ee600b0\",\"name\":\"admin\",\"image\":{\"@type\":\"ImageObject\",\"@id\":\"https:\/\/bancariosdepiracicaba.com.br\/#personlogo\",\"inLanguage\":\"pt-BR\",\"url\":\"https:\/\/secure.gravatar.com\/avatar\/3a05e74c6579e68209676cb5cb64e0918f288da7a49210fa18d6e9cac1189840?s=96&d=mm&r=g\",\"contentUrl\":\"https:\/\/secure.gravatar.com\/avatar\/3a05e74c6579e68209676cb5cb64e0918f288da7a49210fa18d6e9cac1189840?s=96&d=mm&r=g\",\"caption\":\"admin\"},\"sameAs\":[\"https:\/\/site.bancariosdepiracicaba.com.br\"],\"url\":\"https:\/\/bancariosdepiracicaba.com.br\/?author=1\"}]}<\/script>\n<!-- \/ Yoast SEO Premium plugin. -->","yoast_head_json":{"title":"Caminhada e manifesto marcam Semana da Luta da Pessoa com Defici\u00eancia - Sindban","robots":{"index":"index","follow":"follow","max-snippet":"max-snippet:-1","max-image-preview":"max-image-preview:large","max-video-preview":"max-video-preview:-1"},"canonical":"https:\/\/bancariosdepiracicaba.com.br\/?p=10279","og_locale":"pt_BR","og_type":"article","og_title":"Caminhada e manifesto marcam Semana da Luta da Pessoa com Defici\u00eancia - Sindban","og_description":"Uma caminhada e manifesto s\u00e3o as atividade da Semana Municipal de Luta da Pessoa com Defici\u00eancia, que este ano tem como lema \u201c;Garantir o direito das pessoas com defici\u00eancia \u00e9 dever de todos \u201c;. A semana come\u00e7ou no dia 18 e prossegue at\u00e9 o dia 23, s\u00e1bado. A caminhada ter\u00e1 concentra\u00e7\u00e3o \u00e0s 8h30, no Mercado &hellip; Caminhada e manifesto marcam Semana da Luta da Pessoa com Defici\u00eancia Leia mais &raquo;","og_url":"https:\/\/bancariosdepiracicaba.com.br\/?p=10279","og_site_name":"Sindban","article_published_time":"2021-07-23T21:41:39+00:00","twitter_card":"summary_large_image","twitter_misc":{"Escrito por":"admin","Est. tempo de leitura":"2 minutos"},"schema":{"@context":"https:\/\/schema.org","@graph":[{"@type":"Organization","@id":"https:\/\/bancariosdepiracicaba.com.br\/#organization","name":"Sindban","url":"https:\/\/bancariosdepiracicaba.com.br\/","sameAs":[],"logo":{"@type":"ImageObject","@id":"https:\/\/bancariosdepiracicaba.com.br\/#logo","inLanguage":"pt-BR","url":"https:\/\/site.bancariosdepiracicaba.com.br\/wp-content\/uploads\/2021\/04\/cropped-Asset-2.png","contentUrl":"https:\/\/site.bancariosdepiracicaba.com.br\/wp-content\/uploads\/2021\/04\/cropped-Asset-2.png","width":512,"height":512,"caption":"Sindban"},"image":{"@id":"https:\/\/bancariosdepiracicaba.com.br\/#logo"}},{"@type":"WebSite","@id":"https:\/\/bancariosdepiracicaba.com.br\/#website","url":"https:\/\/bancariosdepiracicaba.com.br\/","name":"Sindban","description":"Desenvolvimento","publisher":{"@id":"https:\/\/bancariosdepiracicaba.com.br\/#organization"},"potentialAction":[{"@type":"SearchAction","target":{"@type":"EntryPoint","urlTemplate":"https:\/\/bancariosdepiracicaba.com.br\/?s={search_term_string}"},"query-input":"required name=search_term_string"}],"inLanguage":"pt-BR"},{"@type":"WebPage","@id":"https:\/\/bancariosdepiracicaba.com.br\/?p=10279#webpage","url":"https:\/\/bancariosdepiracicaba.com.br\/?p=10279","name":"Caminhada e manifesto marcam Semana da Luta da Pessoa com Defici\u00eancia - Sindban","isPartOf":{"@id":"https:\/\/bancariosdepiracicaba.com.br\/#website"},"datePublished":"2021-07-23T21:41:39+00:00","dateModified":"2021-07-23T21:41:39+00:00","breadcrumb":{"@id":"https:\/\/bancariosdepiracicaba.com.br\/?p=10279#breadcrumb"},"inLanguage":"pt-BR","potentialAction":[{"@type":"ReadAction","target":["https:\/\/bancariosdepiracicaba.com.br\/?p=10279"]}]},{"@type":"BreadcrumbList","@id":"https:\/\/bancariosdepiracicaba.com.br\/?p=10279#breadcrumb","itemListElement":[{"@type":"ListItem","position":1,"name":"Home","item":"https:\/\/bancariosdepiracicaba.com.br\/"},{"@type":"ListItem","position":2,"name":"Caminhada e manifesto marcam Semana da Luta da Pessoa com Defici\u00eancia"}]},{"@type":"Article","@id":"https:\/\/bancariosdepiracicaba.com.br\/?p=10279#article","isPartOf":{"@id":"https:\/\/bancariosdepiracicaba.com.br\/?p=10279#webpage"},"author":{"@id":"https:\/\/bancariosdepiracicaba.com.br\/#\/schema\/person\/6a12c780fc145ea2c9af09989ee600b0"},"headline":"Caminhada e manifesto marcam Semana da Luta da Pessoa com Defici\u00eancia","datePublished":"2021-07-23T21:41:39+00:00","dateModified":"2021-07-23T21:41:39+00:00","mainEntityOfPage":{"@id":"https:\/\/bancariosdepiracicaba.com.br\/?p=10279#webpage"},"wordCount":369,"commentCount":0,"publisher":{"@id":"https:\/\/bancariosdepiracicaba.com.br\/#organization"},"articleSection":["Uncategorized"],"inLanguage":"pt-BR","potentialAction":[{"@type":"CommentAction","name":"Comment","target":["https:\/\/bancariosdepiracicaba.com.br\/?p=10279#respond"]}]},{"@type":"Person","@id":"https:\/\/bancariosdepiracicaba.com.br\/#\/schema\/person\/6a12c780fc145ea2c9af09989ee600b0","name":"admin","image":{"@type":"ImageObject","@id":"https:\/\/bancariosdepiracicaba.com.br\/#personlogo","inLanguage":"pt-BR","url":"https:\/\/secure.gravatar.com\/avatar\/3a05e74c6579e68209676cb5cb64e0918f288da7a49210fa18d6e9cac1189840?s=96&d=mm&r=g","contentUrl":"https:\/\/secure.gravatar.com\/avatar\/3a05e74c6579e68209676cb5cb64e0918f288da7a49210fa18d6e9cac1189840?s=96&d=mm&r=g","caption":"admin"},"sameAs":["https:\/\/site.bancariosdepiracicaba.com.br"],"url":"https:\/\/bancariosdepiracicaba.com.br\/?author=1"}]}},"_links":{"self":[{"href":"https:\/\/bancariosdepiracicaba.com.br\/index.php?rest_route=\/wp\/v2\/posts\/10279","targetHints":{"allow":["GET"]}}],"collection":[{"href":"https:\/\/bancariosdepiracicaba.com.br\/index.php?rest_route=\/wp\/v2\/posts"}],"about":[{"href":"https:\/\/bancariosdepiracicaba.com.br\/index.php?rest_route=\/wp\/v2\/types\/post"}],"author":[{"embeddable":true,"href":"https:\/\/bancariosdepiracicaba.com.br\/index.php?rest_route=\/wp\/v2\/users\/1"}],"replies":[{"embeddable":true,"href":"https:\/\/bancariosdepiracicaba.com.br\/index.php?rest_route=%2Fwp%2Fv2%2Fcomments&post=10279"}],"version-history":[{"count":0,"href":"https:\/\/bancariosdepiracicaba.com.br\/index.php?rest_route=\/wp\/v2\/posts\/10279\/revisions"}],"wp:attachment":[{"href":"https:\/\/bancariosdepiracicaba.com.br\/index.php?rest_route=%2Fwp%2Fv2%2Fmedia&parent=10279"}],"wp:term":[{"taxonomy":"category","embeddable":true,"href":"https:\/\/bancariosdepiracicaba.com.br\/index.php?rest_route=%2Fwp%2Fv2%2Fcategories&post=10279"},{"taxonomy":"post_tag","embeddable":true,"href":"https:\/\/bancariosdepiracicaba.com.br\/index.php?rest_route=%2Fwp%2Fv2%2Ftags&post=10279"}],"curies":[{"name":"wp","href":"https:\/\/api.w.org\/{rel}","templated":true}]}}