{"id":10276,"date":"2021-07-23T21:41:34","date_gmt":"2021-07-23T21:41:34","guid":{"rendered":"https:\/\/site.bancariosdepiracicaba.com.br\/2021\/07\/23\/bancarios-participam-de-acao-de-prevencao-ao-suicidio\/"},"modified":"2021-08-11T22:07:09","modified_gmt":"2021-08-12T01:07:09","slug":"bancarios-participam-de-acao-de-prevencao-ao-suicidio","status":"publish","type":"post","link":"https:\/\/bancariosdepiracicaba.com.br\/?p=10276","title":{"rendered":"Banc\u00e1rios participam de a\u00e7\u00e3o de preven\u00e7\u00e3o ao suic\u00eddio"},"content":{"rendered":"<p>A diretora de Sa\u00fade do SindBan, Olivia Brossi participou de uma a\u00e7\u00e3o de preven\u00e7\u00e3o ao suic \u00eddio na ag\u00eancia do Santander na sexta-feira (15\/9). A atividade faz parte do Setembro Amarelo, uma campanha mundial de conscientiza\u00e7\u00e3o sobre a realidade do suic \u00eddio e as formas de preven\u00e7\u00e3o. O s \u00edmbolo da campanha \u00e9 uma fitinha amarela.<\/p>\n<p>Dados oficiais indicam que 32 brasileiros cometem suic \u00eddio todos os dias, um n\u00famero superior ao de v \u00edtimas da Aids e da maioria dos tipos de c\u00e2ncer. Segundo a Organiza\u00e7\u00e3o Mundial da Sa\u00fade, nove em cada 10 casos poderiam ser prevenidos.<\/p>\n<p>O problema atinge a categoria banc\u00e1ria, que vive sob grande estresse gerado pelas metas de vendas, excesso de trabalho e ass\u00e9dio moral, que geram afastamentos e casos de depress\u00e3o, uma das principais causas do suic \u00eddio.<\/p>\n<p>Uma pesquisa da UNB (Universidade de Bras \u00edlia) constatou que, entre 1995 e 2015, 181 banc\u00e1rios cometeram suic \u00eddio, m\u00e9dia de um suic \u00eddio a cada 20 dias.<\/p>\n<p> \u201c;N\u00f3s alertamos os banc\u00e1rios sobre o problema e mantemos aqui no SindBan uma equipe de sa\u00fade para atendimento, que re\u00fane psic\u00f3logo, assistente social e fisioterapeuta. \u00e9 imprescind \u00edvel que a pessoa busque e receba ajuda para evitarmos o suic \u00eddio \u201c;, disse Ol \u00edvia.<\/p>\n<p>Depress\u00e3o &#8211; Os dados apontam que quase 100% das pessoas que se suicidaram enfrentavam algum problema mental &#8211; a maioria depress\u00e3o, uma doen\u00e7a de grande ocorr\u00eancia entre os banc\u00e1rios.<\/p>\n<p>Segundo o site da campanha, o  \u201c;Setembro Amarelo \u201c; \u00e9 uma iniciativa brasileira iniciada em 2015 e incentivada mundialmente pela Associa\u00e7\u00e3o Internacional para Preven\u00e7\u00e3o do Suic \u00eddio (IASP). A campanha  \u201c;Setembro Amarelo \u201c; re\u00fane a\u00e7\u00f5es de conscientiza\u00e7\u00e3o sobre a realidade do suic \u00eddio e as formas de preven\u00e7\u00e3o.<\/p>\n","protected":false},"excerpt":{"rendered":"<p>A diretora de Sa\u00fade do SindBan, Olivia Brossi participou de uma a\u00e7\u00e3o de preven\u00e7\u00e3o ao suic \u00eddio na ag\u00eancia do Santander na sexta-feira (15\/9). A atividade faz parte do Setembro Amarelo, uma campanha mundial de conscientiza\u00e7\u00e3o sobre a realidade do suic \u00eddio e as formas de preven\u00e7\u00e3o. O s \u00edmbolo da campanha \u00e9 uma fitinha &hellip;<\/p>\n<p class=\"read-more\"> <a class=\"\" href=\"https:\/\/bancariosdepiracicaba.com.br\/?p=10276\"> <span class=\"screen-reader-text\">Banc\u00e1rios participam de a\u00e7\u00e3o de preven\u00e7\u00e3o ao suic\u00eddio<\/span> Leia mais &raquo;<\/a><\/p>\n","protected":false},"author":1,"featured_media":0,"comment_status":"open","ping_status":"open","sticky":false,"template":"","format":"standard","meta":{"site-sidebar-layout":"default","site-content-layout":"default","ast-main-header-display":"","ast-hfb-above-header-display":"","ast-hfb-below-header-display":"","ast-hfb-mobile-header-display":"","site-post-title":"","ast-breadcrumbs-content":"","ast-featured-img":"","footer-sml-layout":"","theme-transparent-header-meta":"","adv-header-id-meta":"","stick-header-meta":"","header-above-stick-meta":"","header-main-stick-meta":"","header-below-stick-meta":"","footnotes":""},"categories":[48,1],"tags":[],"class_list":["post-10276","post","type-post","status-publish","format-standard","hentry","category-psicologo","category-uncategorized"],"yoast_head":"<!-- This site is optimized with the Yoast SEO Premium plugin v16.1 (Yoast SEO v18.0) - https:\/\/yoast.com\/wordpress\/plugins\/seo\/ -->\n<title>Banc\u00e1rios participam de a\u00e7\u00e3o de preven\u00e7\u00e3o ao suic\u00eddio - Sindban<\/title>\n<meta name=\"robots\" content=\"index, follow, max-snippet:-1, max-image-preview:large, max-video-preview:-1\" \/>\n<link rel=\"canonical\" href=\"https:\/\/bancariosdepiracicaba.com.br\/?p=10276\" \/>\n<meta property=\"og:locale\" content=\"pt_BR\" \/>\n<meta property=\"og:type\" content=\"article\" \/>\n<meta property=\"og:title\" content=\"Banc\u00e1rios participam de a\u00e7\u00e3o de preven\u00e7\u00e3o ao suic\u00eddio - Sindban\" \/>\n<meta property=\"og:description\" content=\"A diretora de Sa\u00fade do SindBan, Olivia Brossi participou de uma a\u00e7\u00e3o de preven\u00e7\u00e3o ao suic \u00eddio na ag\u00eancia do Santander na sexta-feira (15\/9). A atividade faz parte do Setembro Amarelo, uma campanha mundial de conscientiza\u00e7\u00e3o sobre a realidade do suic \u00eddio e as formas de preven\u00e7\u00e3o. O s \u00edmbolo da campanha \u00e9 uma fitinha &hellip; Banc\u00e1rios participam de a\u00e7\u00e3o de preven\u00e7\u00e3o ao suic\u00eddio Leia mais &raquo;\" \/>\n<meta property=\"og:url\" content=\"https:\/\/bancariosdepiracicaba.com.br\/?p=10276\" \/>\n<meta property=\"og:site_name\" content=\"Sindban\" \/>\n<meta property=\"article:published_time\" content=\"2021-07-23T21:41:34+00:00\" \/>\n<meta property=\"article:modified_time\" content=\"2021-08-12T01:07:09+00:00\" \/>\n<meta name=\"twitter:card\" content=\"summary_large_image\" \/>\n<meta name=\"twitter:label1\" content=\"Escrito por\" \/>\n\t<meta name=\"twitter:data1\" content=\"admin\" \/>\n\t<meta name=\"twitter:label2\" content=\"Est. tempo de leitura\" \/>\n\t<meta name=\"twitter:data2\" content=\"1 minuto\" \/>\n<script type=\"application\/ld+json\" class=\"yoast-schema-graph\">{\"@context\":\"https:\/\/schema.org\",\"@graph\":[{\"@type\":\"Organization\",\"@id\":\"https:\/\/bancariosdepiracicaba.com.br\/#organization\",\"name\":\"Sindban\",\"url\":\"https:\/\/bancariosdepiracicaba.com.br\/\",\"sameAs\":[],\"logo\":{\"@type\":\"ImageObject\",\"@id\":\"https:\/\/bancariosdepiracicaba.com.br\/#logo\",\"inLanguage\":\"pt-BR\",\"url\":\"https:\/\/site.bancariosdepiracicaba.com.br\/wp-content\/uploads\/2021\/04\/cropped-Asset-2.png\",\"contentUrl\":\"https:\/\/site.bancariosdepiracicaba.com.br\/wp-content\/uploads\/2021\/04\/cropped-Asset-2.png\",\"width\":512,\"height\":512,\"caption\":\"Sindban\"},\"image\":{\"@id\":\"https:\/\/bancariosdepiracicaba.com.br\/#logo\"}},{\"@type\":\"WebSite\",\"@id\":\"https:\/\/bancariosdepiracicaba.com.br\/#website\",\"url\":\"https:\/\/bancariosdepiracicaba.com.br\/\",\"name\":\"Sindban\",\"description\":\"Desenvolvimento\",\"publisher\":{\"@id\":\"https:\/\/bancariosdepiracicaba.com.br\/#organization\"},\"potentialAction\":[{\"@type\":\"SearchAction\",\"target\":{\"@type\":\"EntryPoint\",\"urlTemplate\":\"https:\/\/bancariosdepiracicaba.com.br\/?s={search_term_string}\"},\"query-input\":\"required name=search_term_string\"}],\"inLanguage\":\"pt-BR\"},{\"@type\":\"WebPage\",\"@id\":\"https:\/\/bancariosdepiracicaba.com.br\/?p=10276#webpage\",\"url\":\"https:\/\/bancariosdepiracicaba.com.br\/?p=10276\",\"name\":\"Banc\u00e1rios participam de a\u00e7\u00e3o de preven\u00e7\u00e3o ao suic\u00eddio - Sindban\",\"isPartOf\":{\"@id\":\"https:\/\/bancariosdepiracicaba.com.br\/#website\"},\"datePublished\":\"2021-07-23T21:41:34+00:00\",\"dateModified\":\"2021-08-12T01:07:09+00:00\",\"breadcrumb\":{\"@id\":\"https:\/\/bancariosdepiracicaba.com.br\/?p=10276#breadcrumb\"},\"inLanguage\":\"pt-BR\",\"potentialAction\":[{\"@type\":\"ReadAction\",\"target\":[\"https:\/\/bancariosdepiracicaba.com.br\/?p=10276\"]}]},{\"@type\":\"BreadcrumbList\",\"@id\":\"https:\/\/bancariosdepiracicaba.com.br\/?p=10276#breadcrumb\",\"itemListElement\":[{\"@type\":\"ListItem\",\"position\":1,\"name\":\"Home\",\"item\":\"https:\/\/bancariosdepiracicaba.com.br\/\"},{\"@type\":\"ListItem\",\"position\":2,\"name\":\"Banc\u00e1rios participam de a\u00e7\u00e3o de preven\u00e7\u00e3o ao suic\u00eddio\"}]},{\"@type\":\"Article\",\"@id\":\"https:\/\/bancariosdepiracicaba.com.br\/?p=10276#article\",\"isPartOf\":{\"@id\":\"https:\/\/bancariosdepiracicaba.com.br\/?p=10276#webpage\"},\"author\":{\"@id\":\"https:\/\/bancariosdepiracicaba.com.br\/#\/schema\/person\/6a12c780fc145ea2c9af09989ee600b0\"},\"headline\":\"Banc\u00e1rios participam de a\u00e7\u00e3o de preven\u00e7\u00e3o ao suic\u00eddio\",\"datePublished\":\"2021-07-23T21:41:34+00:00\",\"dateModified\":\"2021-08-12T01:07:09+00:00\",\"mainEntityOfPage\":{\"@id\":\"https:\/\/bancariosdepiracicaba.com.br\/?p=10276#webpage\"},\"wordCount\":311,\"commentCount\":0,\"publisher\":{\"@id\":\"https:\/\/bancariosdepiracicaba.com.br\/#organization\"},\"articleSection\":[\"Psic\u00f3logo\",\"Uncategorized\"],\"inLanguage\":\"pt-BR\",\"potentialAction\":[{\"@type\":\"CommentAction\",\"name\":\"Comment\",\"target\":[\"https:\/\/bancariosdepiracicaba.com.br\/?p=10276#respond\"]}]},{\"@type\":\"Person\",\"@id\":\"https:\/\/bancariosdepiracicaba.com.br\/#\/schema\/person\/6a12c780fc145ea2c9af09989ee600b0\",\"name\":\"admin\",\"image\":{\"@type\":\"ImageObject\",\"@id\":\"https:\/\/bancariosdepiracicaba.com.br\/#personlogo\",\"inLanguage\":\"pt-BR\",\"url\":\"https:\/\/secure.gravatar.com\/avatar\/3a05e74c6579e68209676cb5cb64e0918f288da7a49210fa18d6e9cac1189840?s=96&d=mm&r=g\",\"contentUrl\":\"https:\/\/secure.gravatar.com\/avatar\/3a05e74c6579e68209676cb5cb64e0918f288da7a49210fa18d6e9cac1189840?s=96&d=mm&r=g\",\"caption\":\"admin\"},\"sameAs\":[\"https:\/\/site.bancariosdepiracicaba.com.br\"],\"url\":\"https:\/\/bancariosdepiracicaba.com.br\/?author=1\"}]}<\/script>\n<!-- \/ Yoast SEO Premium plugin. -->","yoast_head_json":{"title":"Banc\u00e1rios participam de a\u00e7\u00e3o de preven\u00e7\u00e3o ao suic\u00eddio - Sindban","robots":{"index":"index","follow":"follow","max-snippet":"max-snippet:-1","max-image-preview":"max-image-preview:large","max-video-preview":"max-video-preview:-1"},"canonical":"https:\/\/bancariosdepiracicaba.com.br\/?p=10276","og_locale":"pt_BR","og_type":"article","og_title":"Banc\u00e1rios participam de a\u00e7\u00e3o de preven\u00e7\u00e3o ao suic\u00eddio - Sindban","og_description":"A diretora de Sa\u00fade do SindBan, Olivia Brossi participou de uma a\u00e7\u00e3o de preven\u00e7\u00e3o ao suic \u00eddio na ag\u00eancia do Santander na sexta-feira (15\/9). A atividade faz parte do Setembro Amarelo, uma campanha mundial de conscientiza\u00e7\u00e3o sobre a realidade do suic \u00eddio e as formas de preven\u00e7\u00e3o. O s \u00edmbolo da campanha \u00e9 uma fitinha &hellip; Banc\u00e1rios participam de a\u00e7\u00e3o de preven\u00e7\u00e3o ao suic\u00eddio Leia mais &raquo;","og_url":"https:\/\/bancariosdepiracicaba.com.br\/?p=10276","og_site_name":"Sindban","article_published_time":"2021-07-23T21:41:34+00:00","article_modified_time":"2021-08-12T01:07:09+00:00","twitter_card":"summary_large_image","twitter_misc":{"Escrito por":"admin","Est. tempo de leitura":"1 minuto"},"schema":{"@context":"https:\/\/schema.org","@graph":[{"@type":"Organization","@id":"https:\/\/bancariosdepiracicaba.com.br\/#organization","name":"Sindban","url":"https:\/\/bancariosdepiracicaba.com.br\/","sameAs":[],"logo":{"@type":"ImageObject","@id":"https:\/\/bancariosdepiracicaba.com.br\/#logo","inLanguage":"pt-BR","url":"https:\/\/site.bancariosdepiracicaba.com.br\/wp-content\/uploads\/2021\/04\/cropped-Asset-2.png","contentUrl":"https:\/\/site.bancariosdepiracicaba.com.br\/wp-content\/uploads\/2021\/04\/cropped-Asset-2.png","width":512,"height":512,"caption":"Sindban"},"image":{"@id":"https:\/\/bancariosdepiracicaba.com.br\/#logo"}},{"@type":"WebSite","@id":"https:\/\/bancariosdepiracicaba.com.br\/#website","url":"https:\/\/bancariosdepiracicaba.com.br\/","name":"Sindban","description":"Desenvolvimento","publisher":{"@id":"https:\/\/bancariosdepiracicaba.com.br\/#organization"},"potentialAction":[{"@type":"SearchAction","target":{"@type":"EntryPoint","urlTemplate":"https:\/\/bancariosdepiracicaba.com.br\/?s={search_term_string}"},"query-input":"required name=search_term_string"}],"inLanguage":"pt-BR"},{"@type":"WebPage","@id":"https:\/\/bancariosdepiracicaba.com.br\/?p=10276#webpage","url":"https:\/\/bancariosdepiracicaba.com.br\/?p=10276","name":"Banc\u00e1rios participam de a\u00e7\u00e3o de preven\u00e7\u00e3o ao suic\u00eddio - Sindban","isPartOf":{"@id":"https:\/\/bancariosdepiracicaba.com.br\/#website"},"datePublished":"2021-07-23T21:41:34+00:00","dateModified":"2021-08-12T01:07:09+00:00","breadcrumb":{"@id":"https:\/\/bancariosdepiracicaba.com.br\/?p=10276#breadcrumb"},"inLanguage":"pt-BR","potentialAction":[{"@type":"ReadAction","target":["https:\/\/bancariosdepiracicaba.com.br\/?p=10276"]}]},{"@type":"BreadcrumbList","@id":"https:\/\/bancariosdepiracicaba.com.br\/?p=10276#breadcrumb","itemListElement":[{"@type":"ListItem","position":1,"name":"Home","item":"https:\/\/bancariosdepiracicaba.com.br\/"},{"@type":"ListItem","position":2,"name":"Banc\u00e1rios participam de a\u00e7\u00e3o de preven\u00e7\u00e3o ao suic\u00eddio"}]},{"@type":"Article","@id":"https:\/\/bancariosdepiracicaba.com.br\/?p=10276#article","isPartOf":{"@id":"https:\/\/bancariosdepiracicaba.com.br\/?p=10276#webpage"},"author":{"@id":"https:\/\/bancariosdepiracicaba.com.br\/#\/schema\/person\/6a12c780fc145ea2c9af09989ee600b0"},"headline":"Banc\u00e1rios participam de a\u00e7\u00e3o de preven\u00e7\u00e3o ao suic\u00eddio","datePublished":"2021-07-23T21:41:34+00:00","dateModified":"2021-08-12T01:07:09+00:00","mainEntityOfPage":{"@id":"https:\/\/bancariosdepiracicaba.com.br\/?p=10276#webpage"},"wordCount":311,"commentCount":0,"publisher":{"@id":"https:\/\/bancariosdepiracicaba.com.br\/#organization"},"articleSection":["Psic\u00f3logo","Uncategorized"],"inLanguage":"pt-BR","potentialAction":[{"@type":"CommentAction","name":"Comment","target":["https:\/\/bancariosdepiracicaba.com.br\/?p=10276#respond"]}]},{"@type":"Person","@id":"https:\/\/bancariosdepiracicaba.com.br\/#\/schema\/person\/6a12c780fc145ea2c9af09989ee600b0","name":"admin","image":{"@type":"ImageObject","@id":"https:\/\/bancariosdepiracicaba.com.br\/#personlogo","inLanguage":"pt-BR","url":"https:\/\/secure.gravatar.com\/avatar\/3a05e74c6579e68209676cb5cb64e0918f288da7a49210fa18d6e9cac1189840?s=96&d=mm&r=g","contentUrl":"https:\/\/secure.gravatar.com\/avatar\/3a05e74c6579e68209676cb5cb64e0918f288da7a49210fa18d6e9cac1189840?s=96&d=mm&r=g","caption":"admin"},"sameAs":["https:\/\/site.bancariosdepiracicaba.com.br"],"url":"https:\/\/bancariosdepiracicaba.com.br\/?author=1"}]}},"_links":{"self":[{"href":"https:\/\/bancariosdepiracicaba.com.br\/index.php?rest_route=\/wp\/v2\/posts\/10276","targetHints":{"allow":["GET"]}}],"collection":[{"href":"https:\/\/bancariosdepiracicaba.com.br\/index.php?rest_route=\/wp\/v2\/posts"}],"about":[{"href":"https:\/\/bancariosdepiracicaba.com.br\/index.php?rest_route=\/wp\/v2\/types\/post"}],"author":[{"embeddable":true,"href":"https:\/\/bancariosdepiracicaba.com.br\/index.php?rest_route=\/wp\/v2\/users\/1"}],"replies":[{"embeddable":true,"href":"https:\/\/bancariosdepiracicaba.com.br\/index.php?rest_route=%2Fwp%2Fv2%2Fcomments&post=10276"}],"version-history":[{"count":1,"href":"https:\/\/bancariosdepiracicaba.com.br\/index.php?rest_route=\/wp\/v2\/posts\/10276\/revisions"}],"predecessor-version":[{"id":14379,"href":"https:\/\/bancariosdepiracicaba.com.br\/index.php?rest_route=\/wp\/v2\/posts\/10276\/revisions\/14379"}],"wp:attachment":[{"href":"https:\/\/bancariosdepiracicaba.com.br\/index.php?rest_route=%2Fwp%2Fv2%2Fmedia&parent=10276"}],"wp:term":[{"taxonomy":"category","embeddable":true,"href":"https:\/\/bancariosdepiracicaba.com.br\/index.php?rest_route=%2Fwp%2Fv2%2Fcategories&post=10276"},{"taxonomy":"post_tag","embeddable":true,"href":"https:\/\/bancariosdepiracicaba.com.br\/index.php?rest_route=%2Fwp%2Fv2%2Ftags&post=10276"}],"curies":[{"name":"wp","href":"https:\/\/api.w.org\/{rel}","templated":true}]}}