{"id":10275,"date":"2021-07-23T21:41:33","date_gmt":"2021-07-23T21:41:33","guid":{"rendered":"https:\/\/site.bancariosdepiracicaba.com.br\/2021\/07\/23\/contraf-cut-e-banco-do-brasil-debatem-mudancas-nas-pso\/"},"modified":"2021-08-02T16:28:28","modified_gmt":"2021-08-02T19:28:28","slug":"contraf-cut-e-banco-do-brasil-debatem-mudancas-nas-pso","status":"publish","type":"post","link":"https:\/\/bancariosdepiracicaba.com.br\/?p=10275","title":{"rendered":"Contraf-CUT e Banco do Brasil debatem mudan\u00e7as nas PSO"},"content":{"rendered":"<p>A Comiss\u00e3o de Empresa dos Funcion\u00e1rios do Banco do Brasil (CEBB) se reuniu com o banco na quinta-feira (14) para debater as mudan\u00e7as anunciadas nas Plataformas de Suporte Operacional (PSO), que incluem altera\u00e7\u00f5es nas atribui\u00e7\u00f5es dos caixas executivos. A reuni\u00e3o foi solicitada pela Confedera\u00e7\u00e3o Nacional dos Trabalhadores do Ramo Financeiro (Contraf-CUT) dentro do processo de negocia\u00e7\u00e3o permanente previsto no Acordo Coletivo de Trabalho (ACT).<\/p>\n<p>Na reuni\u00e3o, o banco apresentou a chamada Mobiliza\u00e7\u00e3o envolvendo as PSO, com foco em novas tarefas para os caixas, incluindo presen\u00e7as nas salas de autoatendimento e venda de produtos de capitaliza\u00e7\u00e3o, cr\u00e9dito direto ao consumidor (CDC), dentre outras.<\/p>\n<p>Tamb\u00e9m foi apresentado um programa de reconhecimento tendo como pr\u00eamio o ac\u00famulo de ponto no Programa Livelo. Na vis\u00e3o do BB, as novas atribui\u00e7\u00f5es podem gerar mais oportunidades na carreira e os caixas poderiam ser aproveitados nos momentos de menor volume de atendimento nas unidades.<\/p>\n<p>Ap\u00f3s a apresenta\u00e7\u00e3o, os representantes dos funcion\u00e1rios apontaram aos executivos da Diretoria Gest\u00e3o de Pessoas (Dipes) e Unidade Opera\u00e7\u00f5es (UOP) os diversos problemas e considera\u00e7\u00f5es colhidas nas unidades do PSO em todo o Brasil.<\/p>\n<p>Teoria \u00e9 diferente da pr\u00e1tica<br \/>\nOs representantes dos funcion\u00e1rios apontaram ao BB que tem havido uma grande diferen\u00e7a entre o que se planeja na diretoria e a pr\u00e1tica nos locais de trabalho, come\u00e7ando pela mobiliza\u00e7\u00e3o de venda de produtos.<\/p>\n<p>Segundo Wagner Nascimento, coordenador da CEBB, embora o banco tenha falado que individualmente o caixa n\u00e3o ser\u00e1 obrigado a vender produtos, a partir do estabelecimento de uma meta para os prefixos, tem sido constatado pelos funcion\u00e1rios diversas cobran\u00e7as individualizadas, por e-mail e mensagens por aplicativos como o WhatsApp.<\/p>\n<p> \u201c;Os funcion\u00e1rios apresentaram os problemas com a seguran\u00e7a nas tarefas dos caixas a partir do momento em que precisa atuar na oferta de produtos. Muitos reclamam do deslocamento do posto de trabalho na bateria de caixas sem seguran\u00e7a, uma vez que boa parte do mobili\u00e1rio n\u00e3o tem chave para trancar o numer\u00e1rio \u201c;, disse o coordenador da CEBB.<\/p>\n<p>Outra quest\u00e3o apontada \u00e9 que h\u00e1 uma grande resist\u00eancia dos funcion\u00e1rios em atuar na \u00e1rea negocial, uma vez que o perfil de trabalho operacional j\u00e1 foi escolhido quando migraram para as PSO. Os funcionaram dizem tamb\u00e9m que, al\u00e9m da mudan\u00e7a na natureza do servi\u00e7o, est\u00e3o sendo cobradas vendas de produtos onde n\u00e3o h\u00e1 nenhum treinamento para conhecimento do produto.<\/p>\n<p>Quando ao programa de recompensa com ponto Livelo, a Contraf-CUT considera que \u00e9 uma forma de remunera\u00e7\u00e3o vari\u00e1vel e deixou claro ao banco que, conforme as minutas de reivindica\u00e7\u00e3o da categoria banc\u00e1ria e espec \u00edfica dos funcion\u00e1rios do BB, a representa\u00e7\u00e3o dos funcion\u00e1rios defende a contrata\u00e7\u00e3o total da remunera\u00e7\u00e3o.  \u201c;Reivindicamos que toda remunera\u00e7\u00e3o vari\u00e1vel seja debatida e negociada com a representa\u00e7\u00e3o dos trabalhadores \u201c;, explicou Wagner.<\/p>\n<p>Falta de treinamento<br \/>\nOs caixas das PSO de todas as regi\u00f5es do pa \u00eds t\u00eam reclamado que desde a apresenta\u00e7\u00e3o das novas fun\u00e7\u00f5es, muitos est\u00e3o sendo cobrados por venda de produtos que n\u00e3o conhecem profundamente e n\u00e3o h\u00e1 nenhum tipo de treinamento.<\/p>\n<p>Segundo o coordenador da CEBB, a falta de treinamento adequado traz inseguran\u00e7a para funcion\u00e1rios e clientes, uma vez que a oferta pode ser feita de forma equivocada, gerando preju \u00edzos financeiros para os funcion\u00e1rios, inclusive pass \u00edveis de inqu\u00e9ritos administrativos, al\u00e9m de maior risco de ocorr\u00eancias de diferen\u00e7as de caixa.<\/p>\n<p>Melhora das estat \u00edsticas<br \/>\nOs representantes dos funcion\u00e1rios observaram que existem problemas nas estat \u00edsticas que apontam a diminui\u00e7\u00e3o no n\u00famero dos atendimentos nos caixas. Segundo eles, em muitas plataformas, os caixas s\u00e3o orientados a encerrar a sess\u00e3o antes da conclus\u00e3o do atendimento ao cliente, apenas para mascarar o tempo total da opera\u00e7\u00e3o. O Banco se comprometeu a orientar as PSO para coibir esse tipo de pr\u00e1tica.<\/p>\n<p>Outra reclama\u00e7\u00e3o apontada \u00e9 quanto ao trabalho de entrega de cart\u00f5es aos clientes que, em diversas regi\u00f5es, n\u00e3o tem seguido com seguran\u00e7a os normativos internos, com relatos de entrega e armazenamento de cart\u00f5es de clientes nas salas de autoatendimento.<\/p>\n<p>O banco informou que suspendera temporariamente o processo de entrega de cart\u00f5es pelos caixas, at\u00e9 que o modelo seja devidamente ajustado.<\/p>\n<p>Sobrecarga de trabalho<br \/>\nSindicatos dos banc\u00e1rios de diversas localidades do pa \u00eds tamb\u00e9m denunciaram a sobrecarga de trabalho dos Gerentes de Servi\u00e7o (Gemods), que precisam gerenciar tanto os servi\u00e7os das PSO quanto servi\u00e7os ligados \u00e0s ag\u00eancias. A sobrecarga impede um melhor gerenciamento do quadro de funcion\u00e1rios, o planejamento de f\u00e9rias e treinamentos dos funcion\u00e1rios e dos pr\u00f3prios Gemods.<\/p>\n<p>Os sindicatos tamb\u00e9m constataram e relataram problemas com o novo modelo do Gerenciador de Atendimento (GAT) -; sistemas de gerenciamento de senhas e atendimento -;, onde existe a prioridade de atendimento por tipo de cliente. A segmenta\u00e7\u00e3o de renda d\u00e1 privil\u00e9gio de atendimento e tem gerado muita confus\u00e3o nas ag\u00eancias, em muitos casos, trazendo inseguran\u00e7a f \u00edsica para trabalhadoras e trabalhadores que fazem o atendimento aos clientes, al\u00e9m de aumento nas den\u00fancias aos \u00f3rg\u00e3os de defesa do consumidor.<\/p>\n<p>Participa\u00e7\u00e3o de funcion\u00e1rios das PSO<br \/>\nA Comiss\u00e3o de Empresa visitou dezenas de locais de trabalho em todo o pa \u00eds para colher as informa\u00e7\u00f5es necess\u00e1rias ao subs \u00eddio para debate com o banco. Fruto dessas visitas, a Contraf-CUT enviou orienta\u00e7\u00e3o para cada Federa\u00e7\u00e3o que convidasse dirigentes, delegados sindicais e banc\u00e1rios de base que trabalham nas PSO para contribuir com as discuss\u00f5es que foram bastante produtivas.<\/p>\n<p>An\u00e1lise da reuni\u00e3o<br \/>\nPara o coordenador da CEBB a reuni\u00e3o foi positiva, uma vez que o banco se comprometeu a efetuar melhorias f \u00edsicas nos guich\u00eas, melhorar o sistema de atendimento e, principalmente fez o compromisso de melhorar o treinamento dos funcion\u00e1rios.<\/p>\n<p> \u201c;Houve o compromisso do banco de trazer as devolutivas das anota\u00e7\u00f5es geradas na reuni\u00e3o e, posteriormente ser\u00e1 analisada a realiza\u00e7\u00e3o de uma pr\u00f3xima reuni\u00e3o \u201c;, disse.<\/p>\n<p>Wagner ressaltou, por\u00e9m, que os relatos colhidos pelos sindicatos e apresentados na reuni\u00e3o, refor\u00e7am os motivos pelo qual o movimento sindical \u00e9 contra a venda de produtos pelos caixas.  \u201c;Falta seguran\u00e7a nos guich\u00eas, falta melhorar o sistema de atendimento aos clientes e, sobretudo, falta treinamento dos funcion\u00e1rios. N\u00e3o \u00e9 poss \u00edvel que neste momento o caixa, que muitas vezes n\u00e3o d\u00e1 conta do atendimento de tantos clientes, ainda tenha que ofertar produtos para os quais n\u00e3o foi treinado \u201c;, criticou.<\/p>\n<p>A CEBB e os sindicatos continuar\u00e3o fazendo os debates nos locais de trabalho e verificando tanto as medidas anunciadas de inclus\u00e3o de outras atribui\u00e7\u00f5es aos caixas, como tamb\u00e9m se houve melhoria e condi\u00e7\u00f5es para que as tarefas sejam realizadas com seguran\u00e7a para banc\u00e1rias e banc\u00e1rios.<\/p>\n<p>Durante a reuni\u00e3o sobre PSO, o Comando Nacional, representado pela Comiss\u00e3o de Empresa dos Funcion\u00e1rios do BB, entregou ao banco uma proposta de Termo de Compromisso para garantia de direitos dos funcion\u00e1rios do BB.<\/p>\n","protected":false},"excerpt":{"rendered":"<p>Mudan\u00e7as nas atribui\u00e7\u00f5es dos caixas foram ponto central das discuss\u00f5es<\/p>\n","protected":false},"author":1,"featured_media":0,"comment_status":"open","ping_status":"open","sticky":false,"template":"","format":"standard","meta":{"site-sidebar-layout":"default","site-content-layout":"default","ast-main-header-display":"","ast-hfb-above-header-display":"","ast-hfb-below-header-display":"","ast-hfb-mobile-header-display":"","site-post-title":"","ast-breadcrumbs-content":"","ast-featured-img":"","footer-sml-layout":"","theme-transparent-header-meta":"","adv-header-id-meta":"","stick-header-meta":"","header-above-stick-meta":"","header-main-stick-meta":"","header-below-stick-meta":"","footnotes":""},"categories":[22,10,1],"tags":[],"class_list":["post-10275","post","type-post","status-publish","format-standard","hentry","category-acordo-coletivo-noticias","category-banco-do-brasil","category-uncategorized"],"yoast_head":"<!-- This site is optimized with the Yoast SEO Premium plugin v16.1 (Yoast SEO v18.0) - https:\/\/yoast.com\/wordpress\/plugins\/seo\/ -->\n<title>Contraf-CUT e Banco do Brasil debatem mudan\u00e7as nas PSO - Sindban<\/title>\n<meta name=\"robots\" content=\"index, follow, max-snippet:-1, max-image-preview:large, max-video-preview:-1\" \/>\n<link rel=\"canonical\" href=\"https:\/\/bancariosdepiracicaba.com.br\/?p=10275\" \/>\n<meta property=\"og:locale\" content=\"pt_BR\" \/>\n<meta property=\"og:type\" content=\"article\" \/>\n<meta property=\"og:title\" content=\"Contraf-CUT e Banco do Brasil debatem mudan\u00e7as nas PSO - Sindban\" \/>\n<meta property=\"og:description\" content=\"Mudan\u00e7as nas atribui\u00e7\u00f5es dos caixas foram ponto central das discuss\u00f5es\" \/>\n<meta property=\"og:url\" content=\"https:\/\/bancariosdepiracicaba.com.br\/?p=10275\" \/>\n<meta property=\"og:site_name\" content=\"Sindban\" \/>\n<meta property=\"article:published_time\" content=\"2021-07-23T21:41:33+00:00\" \/>\n<meta property=\"article:modified_time\" content=\"2021-08-02T19:28:28+00:00\" \/>\n<meta name=\"twitter:card\" content=\"summary_large_image\" \/>\n<meta name=\"twitter:label1\" content=\"Escrito por\" \/>\n\t<meta name=\"twitter:data1\" content=\"admin\" \/>\n\t<meta name=\"twitter:label2\" content=\"Est. tempo de leitura\" \/>\n\t<meta name=\"twitter:data2\" content=\"6 minutos\" \/>\n<script type=\"application\/ld+json\" class=\"yoast-schema-graph\">{\"@context\":\"https:\/\/schema.org\",\"@graph\":[{\"@type\":\"Organization\",\"@id\":\"https:\/\/bancariosdepiracicaba.com.br\/#organization\",\"name\":\"Sindban\",\"url\":\"https:\/\/bancariosdepiracicaba.com.br\/\",\"sameAs\":[],\"logo\":{\"@type\":\"ImageObject\",\"@id\":\"https:\/\/bancariosdepiracicaba.com.br\/#logo\",\"inLanguage\":\"pt-BR\",\"url\":\"https:\/\/site.bancariosdepiracicaba.com.br\/wp-content\/uploads\/2021\/04\/cropped-Asset-2.png\",\"contentUrl\":\"https:\/\/site.bancariosdepiracicaba.com.br\/wp-content\/uploads\/2021\/04\/cropped-Asset-2.png\",\"width\":512,\"height\":512,\"caption\":\"Sindban\"},\"image\":{\"@id\":\"https:\/\/bancariosdepiracicaba.com.br\/#logo\"}},{\"@type\":\"WebSite\",\"@id\":\"https:\/\/bancariosdepiracicaba.com.br\/#website\",\"url\":\"https:\/\/bancariosdepiracicaba.com.br\/\",\"name\":\"Sindban\",\"description\":\"Desenvolvimento\",\"publisher\":{\"@id\":\"https:\/\/bancariosdepiracicaba.com.br\/#organization\"},\"potentialAction\":[{\"@type\":\"SearchAction\",\"target\":{\"@type\":\"EntryPoint\",\"urlTemplate\":\"https:\/\/bancariosdepiracicaba.com.br\/?s={search_term_string}\"},\"query-input\":\"required name=search_term_string\"}],\"inLanguage\":\"pt-BR\"},{\"@type\":\"WebPage\",\"@id\":\"https:\/\/bancariosdepiracicaba.com.br\/?p=10275#webpage\",\"url\":\"https:\/\/bancariosdepiracicaba.com.br\/?p=10275\",\"name\":\"Contraf-CUT e Banco do Brasil debatem mudan\u00e7as nas PSO - Sindban\",\"isPartOf\":{\"@id\":\"https:\/\/bancariosdepiracicaba.com.br\/#website\"},\"datePublished\":\"2021-07-23T21:41:33+00:00\",\"dateModified\":\"2021-08-02T19:28:28+00:00\",\"breadcrumb\":{\"@id\":\"https:\/\/bancariosdepiracicaba.com.br\/?p=10275#breadcrumb\"},\"inLanguage\":\"pt-BR\",\"potentialAction\":[{\"@type\":\"ReadAction\",\"target\":[\"https:\/\/bancariosdepiracicaba.com.br\/?p=10275\"]}]},{\"@type\":\"BreadcrumbList\",\"@id\":\"https:\/\/bancariosdepiracicaba.com.br\/?p=10275#breadcrumb\",\"itemListElement\":[{\"@type\":\"ListItem\",\"position\":1,\"name\":\"Home\",\"item\":\"https:\/\/bancariosdepiracicaba.com.br\/\"},{\"@type\":\"ListItem\",\"position\":2,\"name\":\"Contraf-CUT e Banco do Brasil debatem mudan\u00e7as nas PSO\"}]},{\"@type\":\"Article\",\"@id\":\"https:\/\/bancariosdepiracicaba.com.br\/?p=10275#article\",\"isPartOf\":{\"@id\":\"https:\/\/bancariosdepiracicaba.com.br\/?p=10275#webpage\"},\"author\":{\"@id\":\"https:\/\/bancariosdepiracicaba.com.br\/#\/schema\/person\/6a12c780fc145ea2c9af09989ee600b0\"},\"headline\":\"Contraf-CUT e Banco do Brasil debatem mudan\u00e7as nas PSO\",\"datePublished\":\"2021-07-23T21:41:33+00:00\",\"dateModified\":\"2021-08-02T19:28:28+00:00\",\"mainEntityOfPage\":{\"@id\":\"https:\/\/bancariosdepiracicaba.com.br\/?p=10275#webpage\"},\"wordCount\":1245,\"commentCount\":0,\"publisher\":{\"@id\":\"https:\/\/bancariosdepiracicaba.com.br\/#organization\"},\"articleSection\":[\"Acordo Coletivo Not\u00edcias\",\"Banco do Brasil\",\"Uncategorized\"],\"inLanguage\":\"pt-BR\",\"potentialAction\":[{\"@type\":\"CommentAction\",\"name\":\"Comment\",\"target\":[\"https:\/\/bancariosdepiracicaba.com.br\/?p=10275#respond\"]}]},{\"@type\":\"Person\",\"@id\":\"https:\/\/bancariosdepiracicaba.com.br\/#\/schema\/person\/6a12c780fc145ea2c9af09989ee600b0\",\"name\":\"admin\",\"image\":{\"@type\":\"ImageObject\",\"@id\":\"https:\/\/bancariosdepiracicaba.com.br\/#personlogo\",\"inLanguage\":\"pt-BR\",\"url\":\"https:\/\/secure.gravatar.com\/avatar\/3a05e74c6579e68209676cb5cb64e0918f288da7a49210fa18d6e9cac1189840?s=96&d=mm&r=g\",\"contentUrl\":\"https:\/\/secure.gravatar.com\/avatar\/3a05e74c6579e68209676cb5cb64e0918f288da7a49210fa18d6e9cac1189840?s=96&d=mm&r=g\",\"caption\":\"admin\"},\"sameAs\":[\"https:\/\/site.bancariosdepiracicaba.com.br\"],\"url\":\"https:\/\/bancariosdepiracicaba.com.br\/?author=1\"}]}<\/script>\n<!-- \/ Yoast SEO Premium plugin. -->","yoast_head_json":{"title":"Contraf-CUT e Banco do Brasil debatem mudan\u00e7as nas PSO - Sindban","robots":{"index":"index","follow":"follow","max-snippet":"max-snippet:-1","max-image-preview":"max-image-preview:large","max-video-preview":"max-video-preview:-1"},"canonical":"https:\/\/bancariosdepiracicaba.com.br\/?p=10275","og_locale":"pt_BR","og_type":"article","og_title":"Contraf-CUT e Banco do Brasil debatem mudan\u00e7as nas PSO - Sindban","og_description":"Mudan\u00e7as nas atribui\u00e7\u00f5es dos caixas foram ponto central das discuss\u00f5es","og_url":"https:\/\/bancariosdepiracicaba.com.br\/?p=10275","og_site_name":"Sindban","article_published_time":"2021-07-23T21:41:33+00:00","article_modified_time":"2021-08-02T19:28:28+00:00","twitter_card":"summary_large_image","twitter_misc":{"Escrito por":"admin","Est. tempo de leitura":"6 minutos"},"schema":{"@context":"https:\/\/schema.org","@graph":[{"@type":"Organization","@id":"https:\/\/bancariosdepiracicaba.com.br\/#organization","name":"Sindban","url":"https:\/\/bancariosdepiracicaba.com.br\/","sameAs":[],"logo":{"@type":"ImageObject","@id":"https:\/\/bancariosdepiracicaba.com.br\/#logo","inLanguage":"pt-BR","url":"https:\/\/site.bancariosdepiracicaba.com.br\/wp-content\/uploads\/2021\/04\/cropped-Asset-2.png","contentUrl":"https:\/\/site.bancariosdepiracicaba.com.br\/wp-content\/uploads\/2021\/04\/cropped-Asset-2.png","width":512,"height":512,"caption":"Sindban"},"image":{"@id":"https:\/\/bancariosdepiracicaba.com.br\/#logo"}},{"@type":"WebSite","@id":"https:\/\/bancariosdepiracicaba.com.br\/#website","url":"https:\/\/bancariosdepiracicaba.com.br\/","name":"Sindban","description":"Desenvolvimento","publisher":{"@id":"https:\/\/bancariosdepiracicaba.com.br\/#organization"},"potentialAction":[{"@type":"SearchAction","target":{"@type":"EntryPoint","urlTemplate":"https:\/\/bancariosdepiracicaba.com.br\/?s={search_term_string}"},"query-input":"required name=search_term_string"}],"inLanguage":"pt-BR"},{"@type":"WebPage","@id":"https:\/\/bancariosdepiracicaba.com.br\/?p=10275#webpage","url":"https:\/\/bancariosdepiracicaba.com.br\/?p=10275","name":"Contraf-CUT e Banco do Brasil debatem mudan\u00e7as nas PSO - Sindban","isPartOf":{"@id":"https:\/\/bancariosdepiracicaba.com.br\/#website"},"datePublished":"2021-07-23T21:41:33+00:00","dateModified":"2021-08-02T19:28:28+00:00","breadcrumb":{"@id":"https:\/\/bancariosdepiracicaba.com.br\/?p=10275#breadcrumb"},"inLanguage":"pt-BR","potentialAction":[{"@type":"ReadAction","target":["https:\/\/bancariosdepiracicaba.com.br\/?p=10275"]}]},{"@type":"BreadcrumbList","@id":"https:\/\/bancariosdepiracicaba.com.br\/?p=10275#breadcrumb","itemListElement":[{"@type":"ListItem","position":1,"name":"Home","item":"https:\/\/bancariosdepiracicaba.com.br\/"},{"@type":"ListItem","position":2,"name":"Contraf-CUT e Banco do Brasil debatem mudan\u00e7as nas PSO"}]},{"@type":"Article","@id":"https:\/\/bancariosdepiracicaba.com.br\/?p=10275#article","isPartOf":{"@id":"https:\/\/bancariosdepiracicaba.com.br\/?p=10275#webpage"},"author":{"@id":"https:\/\/bancariosdepiracicaba.com.br\/#\/schema\/person\/6a12c780fc145ea2c9af09989ee600b0"},"headline":"Contraf-CUT e Banco do Brasil debatem mudan\u00e7as nas PSO","datePublished":"2021-07-23T21:41:33+00:00","dateModified":"2021-08-02T19:28:28+00:00","mainEntityOfPage":{"@id":"https:\/\/bancariosdepiracicaba.com.br\/?p=10275#webpage"},"wordCount":1245,"commentCount":0,"publisher":{"@id":"https:\/\/bancariosdepiracicaba.com.br\/#organization"},"articleSection":["Acordo Coletivo Not\u00edcias","Banco do Brasil","Uncategorized"],"inLanguage":"pt-BR","potentialAction":[{"@type":"CommentAction","name":"Comment","target":["https:\/\/bancariosdepiracicaba.com.br\/?p=10275#respond"]}]},{"@type":"Person","@id":"https:\/\/bancariosdepiracicaba.com.br\/#\/schema\/person\/6a12c780fc145ea2c9af09989ee600b0","name":"admin","image":{"@type":"ImageObject","@id":"https:\/\/bancariosdepiracicaba.com.br\/#personlogo","inLanguage":"pt-BR","url":"https:\/\/secure.gravatar.com\/avatar\/3a05e74c6579e68209676cb5cb64e0918f288da7a49210fa18d6e9cac1189840?s=96&d=mm&r=g","contentUrl":"https:\/\/secure.gravatar.com\/avatar\/3a05e74c6579e68209676cb5cb64e0918f288da7a49210fa18d6e9cac1189840?s=96&d=mm&r=g","caption":"admin"},"sameAs":["https:\/\/site.bancariosdepiracicaba.com.br"],"url":"https:\/\/bancariosdepiracicaba.com.br\/?author=1"}]}},"_links":{"self":[{"href":"https:\/\/bancariosdepiracicaba.com.br\/index.php?rest_route=\/wp\/v2\/posts\/10275","targetHints":{"allow":["GET"]}}],"collection":[{"href":"https:\/\/bancariosdepiracicaba.com.br\/index.php?rest_route=\/wp\/v2\/posts"}],"about":[{"href":"https:\/\/bancariosdepiracicaba.com.br\/index.php?rest_route=\/wp\/v2\/types\/post"}],"author":[{"embeddable":true,"href":"https:\/\/bancariosdepiracicaba.com.br\/index.php?rest_route=\/wp\/v2\/users\/1"}],"replies":[{"embeddable":true,"href":"https:\/\/bancariosdepiracicaba.com.br\/index.php?rest_route=%2Fwp%2Fv2%2Fcomments&post=10275"}],"version-history":[{"count":1,"href":"https:\/\/bancariosdepiracicaba.com.br\/index.php?rest_route=\/wp\/v2\/posts\/10275\/revisions"}],"predecessor-version":[{"id":11580,"href":"https:\/\/bancariosdepiracicaba.com.br\/index.php?rest_route=\/wp\/v2\/posts\/10275\/revisions\/11580"}],"wp:attachment":[{"href":"https:\/\/bancariosdepiracicaba.com.br\/index.php?rest_route=%2Fwp%2Fv2%2Fmedia&parent=10275"}],"wp:term":[{"taxonomy":"category","embeddable":true,"href":"https:\/\/bancariosdepiracicaba.com.br\/index.php?rest_route=%2Fwp%2Fv2%2Fcategories&post=10275"},{"taxonomy":"post_tag","embeddable":true,"href":"https:\/\/bancariosdepiracicaba.com.br\/index.php?rest_route=%2Fwp%2Fv2%2Ftags&post=10275"}],"curies":[{"name":"wp","href":"https:\/\/api.w.org\/{rel}","templated":true}]}}