{"id":10241,"date":"2021-07-23T21:40:47","date_gmt":"2021-07-23T21:40:47","guid":{"rendered":"https:\/\/site.bancariosdepiracicaba.com.br\/2021\/07\/23\/somos-muitos-somos-fortes-somos-bancaris\/"},"modified":"2021-07-23T21:40:47","modified_gmt":"2021-07-23T21:40:47","slug":"somos-muitos-somos-fortes-somos-bancaris","status":"publish","type":"post","link":"https:\/\/bancariosdepiracicaba.com.br\/?p=10241","title":{"rendered":"Somos muitos, somos fortes. Somos banc\u00e1ri@s"},"content":{"rendered":"<p>S\u00e3o Paulo &#8211; O ano era 1951. Depois de v\u00e1rias tentativas frustradas de acordo com os banqueiros, a categoria banc\u00e1ria decidiu entrar em greve em todo o pa \u00eds. A reivindica\u00e7\u00e3o era 40% de reajuste salarial. Mesmo reprimido pela pol \u00edcia e boicotado pela m \u00eddia, o movimento durou 69 dias. A resist\u00eancia foi, sobretudo, dos banc\u00e1rios da capital paulista, onde j\u00e1 se concentrava a maioria dos trabalhadores do setor financeiro. A decis\u00e3o coube \u00e0 Justi\u00e7a, que concedeu 31% de aumento ap\u00f3s rever os c\u00e1lculos da infla\u00e7\u00e3o.<\/p>\n<p>A mobiliza\u00e7\u00e3o foi um marco na hist\u00f3ria da categoria e resultou na cria\u00e7\u00e3o de v\u00e1rios sindicatos pelo Brasil. Desde ent\u00e3o, comemora-se o Dia do Banc\u00e1rio em 28 de agosto.<\/p>\n<p> \u201c;Temos muito do que nos orgulhar \u201c;, diz a presidenta do Sindicato, Ivone Silva.  \u201c;E isso n\u00e3o apenas pelo ac\u00famulo de conquistas que nossa mobiliza\u00e7\u00e3o nos proporcionou, como jornada de seis horas, descanso aos s\u00e1bados, vales refei\u00e7\u00e3o e alimenta\u00e7\u00e3o e muitos outros direitos previstos em uma CCT com validade em todo o pa \u00eds. Mas tamb\u00e9m porque, ao longo de um s\u00e9culo, a organiza\u00e7\u00e3o dos trabalhadores banc\u00e1rios foi fundamental na constru\u00e7\u00e3o da hist\u00f3ria brasileira. Seja lutando em defesa da democracia, da soberania do pa \u00eds, por inclus\u00e3o social e cidadania; seja resistindo contra o autoritarismo, o conservadorismo, a concentra\u00e7\u00e3o de riquezas e a explora\u00e7\u00e3o. \u201c;<\/p>\n<p>Fortalecer a luta -; A dirigente destaca que o per \u00edodo que estamos vivendo, com o golpe em 2016, \u00e9 de retirada de direitos e de entrega do patrim\u00f4nio brasileiro. E que diante desse cen\u00e1rio, a resposta dos banc\u00e1rios ser\u00e1 fortalecer a luta.  \u201c;A heran\u00e7a do golpe \u00e9 o sucateamento do Banco do Brasil e da Caixa. A venda das nossas terras e nossa matriz energ\u00e9tica. A terceiriza\u00e7\u00e3o irrestrita [lei 13.429\/2017] e o ataque aos direitos trabalhistas. Mas vamos responder com mais mobiliza\u00e7\u00e3o, em defesa dos bancos p\u00fablicos, pela manuten\u00e7\u00e3o dos empregos e pela democracia no pa \u00eds. \u201c;<\/p>\n<p> \u201c;Vamos continuar lutando pela manuten\u00e7\u00e3o e amplia\u00e7\u00e3o de nossos direitos. Por isso, entregamos \u00e0 Fenaban um termo de compromisso que garanta respeito \u00e0s cl\u00e1usulas da nossa CCT. E o acordo de dois anos, que conquistamos em 2016, se mostrou ainda mais acertado porque nos deu f\u00f4lego para organizar a resist\u00eancia contra os ataques da nova lei trabalhista \u201c;, acrescenta Ivone.<\/p>\n","protected":false},"excerpt":{"rendered":"<p>Com papel fundamental na organiza\u00e7\u00e3o dos trabalhadores e na constru\u00e7\u00e3o da hist\u00f3ria do pa\u00eds, categoria comemora seu dia em 28 de agosto. Hoje, com a democracia brasileira golpeada e os direitos trabalhistas atacados, mais do que nunca a luta de cada banc\u00e1rio e banc\u00e1ria ser\u00e1 importante<\/p>\n","protected":false},"author":1,"featured_media":0,"comment_status":"open","ping_status":"open","sticky":false,"template":"","format":"standard","meta":{"site-sidebar-layout":"default","site-content-layout":"default","ast-main-header-display":"","ast-hfb-above-header-display":"","ast-hfb-below-header-display":"","ast-hfb-mobile-header-display":"","site-post-title":"","ast-breadcrumbs-content":"","ast-featured-img":"","footer-sml-layout":"","theme-transparent-header-meta":"","adv-header-id-meta":"","stick-header-meta":"","header-above-stick-meta":"","header-main-stick-meta":"","header-below-stick-meta":"","footnotes":""},"categories":[1],"tags":[],"class_list":["post-10241","post","type-post","status-publish","format-standard","hentry","category-uncategorized"],"yoast_head":"<!-- This site is optimized with the Yoast SEO Premium plugin v16.1 (Yoast SEO v18.0) - https:\/\/yoast.com\/wordpress\/plugins\/seo\/ -->\n<title>Somos muitos, somos fortes. Somos banc\u00e1ri@s - Sindban<\/title>\n<meta name=\"robots\" content=\"index, follow, max-snippet:-1, max-image-preview:large, max-video-preview:-1\" \/>\n<link rel=\"canonical\" href=\"https:\/\/bancariosdepiracicaba.com.br\/?p=10241\" \/>\n<meta property=\"og:locale\" content=\"pt_BR\" \/>\n<meta property=\"og:type\" content=\"article\" \/>\n<meta property=\"og:title\" content=\"Somos muitos, somos fortes. Somos banc\u00e1ri@s - Sindban\" \/>\n<meta property=\"og:description\" content=\"Com papel fundamental na organiza\u00e7\u00e3o dos trabalhadores e na constru\u00e7\u00e3o da hist\u00f3ria do pa\u00eds, categoria comemora seu dia em 28 de agosto. Hoje, com a democracia brasileira golpeada e os direitos trabalhistas atacados, mais do que nunca a luta de cada banc\u00e1rio e banc\u00e1ria ser\u00e1 importante\" \/>\n<meta property=\"og:url\" content=\"https:\/\/bancariosdepiracicaba.com.br\/?p=10241\" \/>\n<meta property=\"og:site_name\" content=\"Sindban\" \/>\n<meta property=\"article:published_time\" content=\"2021-07-23T21:40:47+00:00\" \/>\n<meta name=\"twitter:card\" content=\"summary_large_image\" \/>\n<meta name=\"twitter:label1\" content=\"Escrito por\" \/>\n\t<meta name=\"twitter:data1\" content=\"admin\" \/>\n\t<meta name=\"twitter:label2\" content=\"Est. tempo de leitura\" \/>\n\t<meta name=\"twitter:data2\" content=\"2 minutos\" \/>\n<script type=\"application\/ld+json\" class=\"yoast-schema-graph\">{\"@context\":\"https:\/\/schema.org\",\"@graph\":[{\"@type\":\"Organization\",\"@id\":\"https:\/\/bancariosdepiracicaba.com.br\/#organization\",\"name\":\"Sindban\",\"url\":\"https:\/\/bancariosdepiracicaba.com.br\/\",\"sameAs\":[],\"logo\":{\"@type\":\"ImageObject\",\"@id\":\"https:\/\/bancariosdepiracicaba.com.br\/#logo\",\"inLanguage\":\"pt-BR\",\"url\":\"https:\/\/site.bancariosdepiracicaba.com.br\/wp-content\/uploads\/2021\/04\/cropped-Asset-2.png\",\"contentUrl\":\"https:\/\/site.bancariosdepiracicaba.com.br\/wp-content\/uploads\/2021\/04\/cropped-Asset-2.png\",\"width\":512,\"height\":512,\"caption\":\"Sindban\"},\"image\":{\"@id\":\"https:\/\/bancariosdepiracicaba.com.br\/#logo\"}},{\"@type\":\"WebSite\",\"@id\":\"https:\/\/bancariosdepiracicaba.com.br\/#website\",\"url\":\"https:\/\/bancariosdepiracicaba.com.br\/\",\"name\":\"Sindban\",\"description\":\"Desenvolvimento\",\"publisher\":{\"@id\":\"https:\/\/bancariosdepiracicaba.com.br\/#organization\"},\"potentialAction\":[{\"@type\":\"SearchAction\",\"target\":{\"@type\":\"EntryPoint\",\"urlTemplate\":\"https:\/\/bancariosdepiracicaba.com.br\/?s={search_term_string}\"},\"query-input\":\"required name=search_term_string\"}],\"inLanguage\":\"pt-BR\"},{\"@type\":\"WebPage\",\"@id\":\"https:\/\/bancariosdepiracicaba.com.br\/?p=10241#webpage\",\"url\":\"https:\/\/bancariosdepiracicaba.com.br\/?p=10241\",\"name\":\"Somos muitos, somos fortes. Somos banc\u00e1ri@s - Sindban\",\"isPartOf\":{\"@id\":\"https:\/\/bancariosdepiracicaba.com.br\/#website\"},\"datePublished\":\"2021-07-23T21:40:47+00:00\",\"dateModified\":\"2021-07-23T21:40:47+00:00\",\"breadcrumb\":{\"@id\":\"https:\/\/bancariosdepiracicaba.com.br\/?p=10241#breadcrumb\"},\"inLanguage\":\"pt-BR\",\"potentialAction\":[{\"@type\":\"ReadAction\",\"target\":[\"https:\/\/bancariosdepiracicaba.com.br\/?p=10241\"]}]},{\"@type\":\"BreadcrumbList\",\"@id\":\"https:\/\/bancariosdepiracicaba.com.br\/?p=10241#breadcrumb\",\"itemListElement\":[{\"@type\":\"ListItem\",\"position\":1,\"name\":\"Home\",\"item\":\"https:\/\/bancariosdepiracicaba.com.br\/\"},{\"@type\":\"ListItem\",\"position\":2,\"name\":\"Somos muitos, somos fortes. Somos banc\u00e1ri@s\"}]},{\"@type\":\"Article\",\"@id\":\"https:\/\/bancariosdepiracicaba.com.br\/?p=10241#article\",\"isPartOf\":{\"@id\":\"https:\/\/bancariosdepiracicaba.com.br\/?p=10241#webpage\"},\"author\":{\"@id\":\"https:\/\/bancariosdepiracicaba.com.br\/#\/schema\/person\/6a12c780fc145ea2c9af09989ee600b0\"},\"headline\":\"Somos muitos, somos fortes. Somos banc\u00e1ri@s\",\"datePublished\":\"2021-07-23T21:40:47+00:00\",\"dateModified\":\"2021-07-23T21:40:47+00:00\",\"mainEntityOfPage\":{\"@id\":\"https:\/\/bancariosdepiracicaba.com.br\/?p=10241#webpage\"},\"wordCount\":418,\"commentCount\":0,\"publisher\":{\"@id\":\"https:\/\/bancariosdepiracicaba.com.br\/#organization\"},\"articleSection\":[\"Uncategorized\"],\"inLanguage\":\"pt-BR\",\"potentialAction\":[{\"@type\":\"CommentAction\",\"name\":\"Comment\",\"target\":[\"https:\/\/bancariosdepiracicaba.com.br\/?p=10241#respond\"]}]},{\"@type\":\"Person\",\"@id\":\"https:\/\/bancariosdepiracicaba.com.br\/#\/schema\/person\/6a12c780fc145ea2c9af09989ee600b0\",\"name\":\"admin\",\"image\":{\"@type\":\"ImageObject\",\"@id\":\"https:\/\/bancariosdepiracicaba.com.br\/#personlogo\",\"inLanguage\":\"pt-BR\",\"url\":\"https:\/\/secure.gravatar.com\/avatar\/3a05e74c6579e68209676cb5cb64e0918f288da7a49210fa18d6e9cac1189840?s=96&d=mm&r=g\",\"contentUrl\":\"https:\/\/secure.gravatar.com\/avatar\/3a05e74c6579e68209676cb5cb64e0918f288da7a49210fa18d6e9cac1189840?s=96&d=mm&r=g\",\"caption\":\"admin\"},\"sameAs\":[\"https:\/\/site.bancariosdepiracicaba.com.br\"],\"url\":\"https:\/\/bancariosdepiracicaba.com.br\/?author=1\"}]}<\/script>\n<!-- \/ Yoast SEO Premium plugin. -->","yoast_head_json":{"title":"Somos muitos, somos fortes. Somos banc\u00e1ri@s - Sindban","robots":{"index":"index","follow":"follow","max-snippet":"max-snippet:-1","max-image-preview":"max-image-preview:large","max-video-preview":"max-video-preview:-1"},"canonical":"https:\/\/bancariosdepiracicaba.com.br\/?p=10241","og_locale":"pt_BR","og_type":"article","og_title":"Somos muitos, somos fortes. Somos banc\u00e1ri@s - Sindban","og_description":"Com papel fundamental na organiza\u00e7\u00e3o dos trabalhadores e na constru\u00e7\u00e3o da hist\u00f3ria do pa\u00eds, categoria comemora seu dia em 28 de agosto. Hoje, com a democracia brasileira golpeada e os direitos trabalhistas atacados, mais do que nunca a luta de cada banc\u00e1rio e banc\u00e1ria ser\u00e1 importante","og_url":"https:\/\/bancariosdepiracicaba.com.br\/?p=10241","og_site_name":"Sindban","article_published_time":"2021-07-23T21:40:47+00:00","twitter_card":"summary_large_image","twitter_misc":{"Escrito por":"admin","Est. tempo de leitura":"2 minutos"},"schema":{"@context":"https:\/\/schema.org","@graph":[{"@type":"Organization","@id":"https:\/\/bancariosdepiracicaba.com.br\/#organization","name":"Sindban","url":"https:\/\/bancariosdepiracicaba.com.br\/","sameAs":[],"logo":{"@type":"ImageObject","@id":"https:\/\/bancariosdepiracicaba.com.br\/#logo","inLanguage":"pt-BR","url":"https:\/\/site.bancariosdepiracicaba.com.br\/wp-content\/uploads\/2021\/04\/cropped-Asset-2.png","contentUrl":"https:\/\/site.bancariosdepiracicaba.com.br\/wp-content\/uploads\/2021\/04\/cropped-Asset-2.png","width":512,"height":512,"caption":"Sindban"},"image":{"@id":"https:\/\/bancariosdepiracicaba.com.br\/#logo"}},{"@type":"WebSite","@id":"https:\/\/bancariosdepiracicaba.com.br\/#website","url":"https:\/\/bancariosdepiracicaba.com.br\/","name":"Sindban","description":"Desenvolvimento","publisher":{"@id":"https:\/\/bancariosdepiracicaba.com.br\/#organization"},"potentialAction":[{"@type":"SearchAction","target":{"@type":"EntryPoint","urlTemplate":"https:\/\/bancariosdepiracicaba.com.br\/?s={search_term_string}"},"query-input":"required name=search_term_string"}],"inLanguage":"pt-BR"},{"@type":"WebPage","@id":"https:\/\/bancariosdepiracicaba.com.br\/?p=10241#webpage","url":"https:\/\/bancariosdepiracicaba.com.br\/?p=10241","name":"Somos muitos, somos fortes. Somos banc\u00e1ri@s - Sindban","isPartOf":{"@id":"https:\/\/bancariosdepiracicaba.com.br\/#website"},"datePublished":"2021-07-23T21:40:47+00:00","dateModified":"2021-07-23T21:40:47+00:00","breadcrumb":{"@id":"https:\/\/bancariosdepiracicaba.com.br\/?p=10241#breadcrumb"},"inLanguage":"pt-BR","potentialAction":[{"@type":"ReadAction","target":["https:\/\/bancariosdepiracicaba.com.br\/?p=10241"]}]},{"@type":"BreadcrumbList","@id":"https:\/\/bancariosdepiracicaba.com.br\/?p=10241#breadcrumb","itemListElement":[{"@type":"ListItem","position":1,"name":"Home","item":"https:\/\/bancariosdepiracicaba.com.br\/"},{"@type":"ListItem","position":2,"name":"Somos muitos, somos fortes. Somos banc\u00e1ri@s"}]},{"@type":"Article","@id":"https:\/\/bancariosdepiracicaba.com.br\/?p=10241#article","isPartOf":{"@id":"https:\/\/bancariosdepiracicaba.com.br\/?p=10241#webpage"},"author":{"@id":"https:\/\/bancariosdepiracicaba.com.br\/#\/schema\/person\/6a12c780fc145ea2c9af09989ee600b0"},"headline":"Somos muitos, somos fortes. Somos banc\u00e1ri@s","datePublished":"2021-07-23T21:40:47+00:00","dateModified":"2021-07-23T21:40:47+00:00","mainEntityOfPage":{"@id":"https:\/\/bancariosdepiracicaba.com.br\/?p=10241#webpage"},"wordCount":418,"commentCount":0,"publisher":{"@id":"https:\/\/bancariosdepiracicaba.com.br\/#organization"},"articleSection":["Uncategorized"],"inLanguage":"pt-BR","potentialAction":[{"@type":"CommentAction","name":"Comment","target":["https:\/\/bancariosdepiracicaba.com.br\/?p=10241#respond"]}]},{"@type":"Person","@id":"https:\/\/bancariosdepiracicaba.com.br\/#\/schema\/person\/6a12c780fc145ea2c9af09989ee600b0","name":"admin","image":{"@type":"ImageObject","@id":"https:\/\/bancariosdepiracicaba.com.br\/#personlogo","inLanguage":"pt-BR","url":"https:\/\/secure.gravatar.com\/avatar\/3a05e74c6579e68209676cb5cb64e0918f288da7a49210fa18d6e9cac1189840?s=96&d=mm&r=g","contentUrl":"https:\/\/secure.gravatar.com\/avatar\/3a05e74c6579e68209676cb5cb64e0918f288da7a49210fa18d6e9cac1189840?s=96&d=mm&r=g","caption":"admin"},"sameAs":["https:\/\/site.bancariosdepiracicaba.com.br"],"url":"https:\/\/bancariosdepiracicaba.com.br\/?author=1"}]}},"_links":{"self":[{"href":"https:\/\/bancariosdepiracicaba.com.br\/index.php?rest_route=\/wp\/v2\/posts\/10241","targetHints":{"allow":["GET"]}}],"collection":[{"href":"https:\/\/bancariosdepiracicaba.com.br\/index.php?rest_route=\/wp\/v2\/posts"}],"about":[{"href":"https:\/\/bancariosdepiracicaba.com.br\/index.php?rest_route=\/wp\/v2\/types\/post"}],"author":[{"embeddable":true,"href":"https:\/\/bancariosdepiracicaba.com.br\/index.php?rest_route=\/wp\/v2\/users\/1"}],"replies":[{"embeddable":true,"href":"https:\/\/bancariosdepiracicaba.com.br\/index.php?rest_route=%2Fwp%2Fv2%2Fcomments&post=10241"}],"version-history":[{"count":0,"href":"https:\/\/bancariosdepiracicaba.com.br\/index.php?rest_route=\/wp\/v2\/posts\/10241\/revisions"}],"wp:attachment":[{"href":"https:\/\/bancariosdepiracicaba.com.br\/index.php?rest_route=%2Fwp%2Fv2%2Fmedia&parent=10241"}],"wp:term":[{"taxonomy":"category","embeddable":true,"href":"https:\/\/bancariosdepiracicaba.com.br\/index.php?rest_route=%2Fwp%2Fv2%2Fcategories&post=10241"},{"taxonomy":"post_tag","embeddable":true,"href":"https:\/\/bancariosdepiracicaba.com.br\/index.php?rest_route=%2Fwp%2Fv2%2Ftags&post=10241"}],"curies":[{"name":"wp","href":"https:\/\/api.w.org\/{rel}","templated":true}]}}