{"id":10228,"date":"2021-07-23T21:40:30","date_gmt":"2021-07-23T21:40:30","guid":{"rendered":"https:\/\/site.bancariosdepiracicaba.com.br\/2021\/07\/23\/itau-e-condenado-a-reintegrar-bancario-demitido-durante-tratamento-de-cancer\/"},"modified":"2021-07-26T19:01:15","modified_gmt":"2021-07-26T19:01:15","slug":"itau-e-condenado-a-reintegrar-bancario-demitido-durante-tratamento-de-cancer","status":"publish","type":"post","link":"https:\/\/bancariosdepiracicaba.com.br\/?p=10228","title":{"rendered":"Ita\u00fa \u00e9 condenado a reintegrar banc\u00e1rio demitido durante tratamento de c\u00e2ncer"},"content":{"rendered":"<p>O Ita\u00fa foi condenado a reintegrar um banc\u00e1rio demitido durante tratamento de c\u00e2ncer, pagar os sal\u00e1rios do per \u00edodo compreendido entre as datas da dispensa e da efetiva reintegra\u00e7\u00e3o, al\u00e9m de indeniz\u00e1-lo por danos morais, conforme senten\u00e7a mantida na\u00edntegra pela Terceira Turma do Tribunal Regional do Trabalho da 11&ordf; Regi\u00e3o &#8211; AM\/RR (TRT11). A condena\u00e7\u00e3o, confirmada por unanimidade de votos, totalizou o valor de R$ 100 mil.<\/p>\n<p>Na sess\u00e3o de julgamento, em que o reclamado pretendia a improced\u00eancia da a\u00e7\u00e3o, enquanto o reclamante buscava aumentar o valor indenizat\u00f3rio por danos morais fixado em R$ 30 mil, a decis\u00e3o colegiada rejeitou os recursos das partes e manteve todos os termos da senten\u00e7a de origem.<\/p>\n<p>De acordo com a desembargadora relatora Ormy da Concei\u00e7\u00e3o Dias Bentes, a dispensa imotivada de empregado portador de doen\u00e7a grave autoriza presumir, em tese, seu car\u00e1ter discriminat\u00f3rio e arbitr\u00e1rio, cabendo ao empregador produzir prova da exist\u00eancia de outros motivos l \u00edcitos para a pr\u00e1tica do ato. Entretanto, ela entendeu que o banco n\u00e3o conseguiu afastar a presun\u00e7\u00e3o da S\u00famula 443 do Tribunal Superior do Trabalho (TST), pois n\u00e3o fez prova da aus\u00eancia de discrimina\u00e7\u00e3o na demiss\u00e3o sem justa causa do funcion\u00e1rio.<\/p>\n<p>&#8220;Nas hip\u00f3teses em que o empregado encontra-se acometido por enfermidade grave, o empregador tem o dever de assumir uma postura condizente com os princ \u00edpios constitucionais da dignidade da pessoa humana e de valoriza\u00e7\u00e3o do trabalho&#8221;, argumentou em seu voto.<\/p>\n","protected":false},"excerpt":{"rendered":"<p>?Terceira Turma do TRT11 manteve inalterada a senten\u00e7a por entender que o banco n\u00e3o conseguiu afastar a presun\u00e7\u00e3o de dispensa discriminat\u00f3ria, nos termos da S\u00famula 443 do TST<\/p>\n","protected":false},"author":1,"featured_media":0,"comment_status":"open","ping_status":"open","sticky":false,"template":"","format":"standard","meta":{"site-sidebar-layout":"default","site-content-layout":"default","ast-main-header-display":"","ast-hfb-above-header-display":"","ast-hfb-below-header-display":"","ast-hfb-mobile-header-display":"","site-post-title":"","ast-breadcrumbs-content":"","ast-featured-img":"","footer-sml-layout":"","theme-transparent-header-meta":"","adv-header-id-meta":"","stick-header-meta":"","header-above-stick-meta":"","header-main-stick-meta":"","header-below-stick-meta":"","footnotes":""},"categories":[13,1],"tags":[],"class_list":["post-10228","post","type-post","status-publish","format-standard","hentry","category-itau","category-uncategorized"],"yoast_head":"<!-- This site is optimized with the Yoast SEO Premium plugin v16.1 (Yoast SEO v18.0) - https:\/\/yoast.com\/wordpress\/plugins\/seo\/ -->\n<title>Ita\u00fa \u00e9 condenado a reintegrar banc\u00e1rio demitido durante tratamento de c\u00e2ncer - Sindban<\/title>\n<meta name=\"robots\" content=\"index, follow, max-snippet:-1, max-image-preview:large, max-video-preview:-1\" \/>\n<link rel=\"canonical\" href=\"https:\/\/bancariosdepiracicaba.com.br\/?p=10228\" \/>\n<meta property=\"og:locale\" content=\"pt_BR\" \/>\n<meta property=\"og:type\" content=\"article\" \/>\n<meta property=\"og:title\" content=\"Ita\u00fa \u00e9 condenado a reintegrar banc\u00e1rio demitido durante tratamento de c\u00e2ncer - Sindban\" \/>\n<meta property=\"og:description\" content=\"?Terceira Turma do TRT11 manteve inalterada a senten\u00e7a por entender que o banco n\u00e3o conseguiu afastar a presun\u00e7\u00e3o de dispensa discriminat\u00f3ria, nos termos da S\u00famula 443 do TST\" \/>\n<meta property=\"og:url\" content=\"https:\/\/bancariosdepiracicaba.com.br\/?p=10228\" \/>\n<meta property=\"og:site_name\" content=\"Sindban\" \/>\n<meta property=\"article:published_time\" content=\"2021-07-23T21:40:30+00:00\" \/>\n<meta property=\"article:modified_time\" content=\"2021-07-26T19:01:15+00:00\" \/>\n<meta name=\"twitter:card\" content=\"summary_large_image\" \/>\n<meta name=\"twitter:label1\" content=\"Escrito por\" \/>\n\t<meta name=\"twitter:data1\" content=\"admin\" \/>\n\t<meta name=\"twitter:label2\" content=\"Est. tempo de leitura\" \/>\n\t<meta name=\"twitter:data2\" content=\"1 minuto\" \/>\n<script type=\"application\/ld+json\" class=\"yoast-schema-graph\">{\"@context\":\"https:\/\/schema.org\",\"@graph\":[{\"@type\":\"Organization\",\"@id\":\"https:\/\/bancariosdepiracicaba.com.br\/#organization\",\"name\":\"Sindban\",\"url\":\"https:\/\/bancariosdepiracicaba.com.br\/\",\"sameAs\":[],\"logo\":{\"@type\":\"ImageObject\",\"@id\":\"https:\/\/bancariosdepiracicaba.com.br\/#logo\",\"inLanguage\":\"pt-BR\",\"url\":\"https:\/\/site.bancariosdepiracicaba.com.br\/wp-content\/uploads\/2021\/04\/cropped-Asset-2.png\",\"contentUrl\":\"https:\/\/site.bancariosdepiracicaba.com.br\/wp-content\/uploads\/2021\/04\/cropped-Asset-2.png\",\"width\":512,\"height\":512,\"caption\":\"Sindban\"},\"image\":{\"@id\":\"https:\/\/bancariosdepiracicaba.com.br\/#logo\"}},{\"@type\":\"WebSite\",\"@id\":\"https:\/\/bancariosdepiracicaba.com.br\/#website\",\"url\":\"https:\/\/bancariosdepiracicaba.com.br\/\",\"name\":\"Sindban\",\"description\":\"Desenvolvimento\",\"publisher\":{\"@id\":\"https:\/\/bancariosdepiracicaba.com.br\/#organization\"},\"potentialAction\":[{\"@type\":\"SearchAction\",\"target\":{\"@type\":\"EntryPoint\",\"urlTemplate\":\"https:\/\/bancariosdepiracicaba.com.br\/?s={search_term_string}\"},\"query-input\":\"required name=search_term_string\"}],\"inLanguage\":\"pt-BR\"},{\"@type\":\"WebPage\",\"@id\":\"https:\/\/bancariosdepiracicaba.com.br\/?p=10228#webpage\",\"url\":\"https:\/\/bancariosdepiracicaba.com.br\/?p=10228\",\"name\":\"Ita\u00fa \u00e9 condenado a reintegrar banc\u00e1rio demitido durante tratamento de c\u00e2ncer - Sindban\",\"isPartOf\":{\"@id\":\"https:\/\/bancariosdepiracicaba.com.br\/#website\"},\"datePublished\":\"2021-07-23T21:40:30+00:00\",\"dateModified\":\"2021-07-26T19:01:15+00:00\",\"breadcrumb\":{\"@id\":\"https:\/\/bancariosdepiracicaba.com.br\/?p=10228#breadcrumb\"},\"inLanguage\":\"pt-BR\",\"potentialAction\":[{\"@type\":\"ReadAction\",\"target\":[\"https:\/\/bancariosdepiracicaba.com.br\/?p=10228\"]}]},{\"@type\":\"BreadcrumbList\",\"@id\":\"https:\/\/bancariosdepiracicaba.com.br\/?p=10228#breadcrumb\",\"itemListElement\":[{\"@type\":\"ListItem\",\"position\":1,\"name\":\"Home\",\"item\":\"https:\/\/bancariosdepiracicaba.com.br\/\"},{\"@type\":\"ListItem\",\"position\":2,\"name\":\"Ita\u00fa \u00e9 condenado a reintegrar banc\u00e1rio demitido durante tratamento de c\u00e2ncer\"}]},{\"@type\":\"Article\",\"@id\":\"https:\/\/bancariosdepiracicaba.com.br\/?p=10228#article\",\"isPartOf\":{\"@id\":\"https:\/\/bancariosdepiracicaba.com.br\/?p=10228#webpage\"},\"author\":{\"@id\":\"https:\/\/bancariosdepiracicaba.com.br\/#\/schema\/person\/6a12c780fc145ea2c9af09989ee600b0\"},\"headline\":\"Ita\u00fa \u00e9 condenado a reintegrar banc\u00e1rio demitido durante tratamento de c\u00e2ncer\",\"datePublished\":\"2021-07-23T21:40:30+00:00\",\"dateModified\":\"2021-07-26T19:01:15+00:00\",\"mainEntityOfPage\":{\"@id\":\"https:\/\/bancariosdepiracicaba.com.br\/?p=10228#webpage\"},\"wordCount\":277,\"commentCount\":0,\"publisher\":{\"@id\":\"https:\/\/bancariosdepiracicaba.com.br\/#organization\"},\"articleSection\":[\"Ita\u00fa\",\"Uncategorized\"],\"inLanguage\":\"pt-BR\",\"potentialAction\":[{\"@type\":\"CommentAction\",\"name\":\"Comment\",\"target\":[\"https:\/\/bancariosdepiracicaba.com.br\/?p=10228#respond\"]}]},{\"@type\":\"Person\",\"@id\":\"https:\/\/bancariosdepiracicaba.com.br\/#\/schema\/person\/6a12c780fc145ea2c9af09989ee600b0\",\"name\":\"admin\",\"image\":{\"@type\":\"ImageObject\",\"@id\":\"https:\/\/bancariosdepiracicaba.com.br\/#personlogo\",\"inLanguage\":\"pt-BR\",\"url\":\"https:\/\/secure.gravatar.com\/avatar\/3a05e74c6579e68209676cb5cb64e0918f288da7a49210fa18d6e9cac1189840?s=96&d=mm&r=g\",\"contentUrl\":\"https:\/\/secure.gravatar.com\/avatar\/3a05e74c6579e68209676cb5cb64e0918f288da7a49210fa18d6e9cac1189840?s=96&d=mm&r=g\",\"caption\":\"admin\"},\"sameAs\":[\"https:\/\/site.bancariosdepiracicaba.com.br\"],\"url\":\"https:\/\/bancariosdepiracicaba.com.br\/?author=1\"}]}<\/script>\n<!-- \/ Yoast SEO Premium plugin. -->","yoast_head_json":{"title":"Ita\u00fa \u00e9 condenado a reintegrar banc\u00e1rio demitido durante tratamento de c\u00e2ncer - Sindban","robots":{"index":"index","follow":"follow","max-snippet":"max-snippet:-1","max-image-preview":"max-image-preview:large","max-video-preview":"max-video-preview:-1"},"canonical":"https:\/\/bancariosdepiracicaba.com.br\/?p=10228","og_locale":"pt_BR","og_type":"article","og_title":"Ita\u00fa \u00e9 condenado a reintegrar banc\u00e1rio demitido durante tratamento de c\u00e2ncer - Sindban","og_description":"?Terceira Turma do TRT11 manteve inalterada a senten\u00e7a por entender que o banco n\u00e3o conseguiu afastar a presun\u00e7\u00e3o de dispensa discriminat\u00f3ria, nos termos da S\u00famula 443 do TST","og_url":"https:\/\/bancariosdepiracicaba.com.br\/?p=10228","og_site_name":"Sindban","article_published_time":"2021-07-23T21:40:30+00:00","article_modified_time":"2021-07-26T19:01:15+00:00","twitter_card":"summary_large_image","twitter_misc":{"Escrito por":"admin","Est. tempo de leitura":"1 minuto"},"schema":{"@context":"https:\/\/schema.org","@graph":[{"@type":"Organization","@id":"https:\/\/bancariosdepiracicaba.com.br\/#organization","name":"Sindban","url":"https:\/\/bancariosdepiracicaba.com.br\/","sameAs":[],"logo":{"@type":"ImageObject","@id":"https:\/\/bancariosdepiracicaba.com.br\/#logo","inLanguage":"pt-BR","url":"https:\/\/site.bancariosdepiracicaba.com.br\/wp-content\/uploads\/2021\/04\/cropped-Asset-2.png","contentUrl":"https:\/\/site.bancariosdepiracicaba.com.br\/wp-content\/uploads\/2021\/04\/cropped-Asset-2.png","width":512,"height":512,"caption":"Sindban"},"image":{"@id":"https:\/\/bancariosdepiracicaba.com.br\/#logo"}},{"@type":"WebSite","@id":"https:\/\/bancariosdepiracicaba.com.br\/#website","url":"https:\/\/bancariosdepiracicaba.com.br\/","name":"Sindban","description":"Desenvolvimento","publisher":{"@id":"https:\/\/bancariosdepiracicaba.com.br\/#organization"},"potentialAction":[{"@type":"SearchAction","target":{"@type":"EntryPoint","urlTemplate":"https:\/\/bancariosdepiracicaba.com.br\/?s={search_term_string}"},"query-input":"required name=search_term_string"}],"inLanguage":"pt-BR"},{"@type":"WebPage","@id":"https:\/\/bancariosdepiracicaba.com.br\/?p=10228#webpage","url":"https:\/\/bancariosdepiracicaba.com.br\/?p=10228","name":"Ita\u00fa \u00e9 condenado a reintegrar banc\u00e1rio demitido durante tratamento de c\u00e2ncer - Sindban","isPartOf":{"@id":"https:\/\/bancariosdepiracicaba.com.br\/#website"},"datePublished":"2021-07-23T21:40:30+00:00","dateModified":"2021-07-26T19:01:15+00:00","breadcrumb":{"@id":"https:\/\/bancariosdepiracicaba.com.br\/?p=10228#breadcrumb"},"inLanguage":"pt-BR","potentialAction":[{"@type":"ReadAction","target":["https:\/\/bancariosdepiracicaba.com.br\/?p=10228"]}]},{"@type":"BreadcrumbList","@id":"https:\/\/bancariosdepiracicaba.com.br\/?p=10228#breadcrumb","itemListElement":[{"@type":"ListItem","position":1,"name":"Home","item":"https:\/\/bancariosdepiracicaba.com.br\/"},{"@type":"ListItem","position":2,"name":"Ita\u00fa \u00e9 condenado a reintegrar banc\u00e1rio demitido durante tratamento de c\u00e2ncer"}]},{"@type":"Article","@id":"https:\/\/bancariosdepiracicaba.com.br\/?p=10228#article","isPartOf":{"@id":"https:\/\/bancariosdepiracicaba.com.br\/?p=10228#webpage"},"author":{"@id":"https:\/\/bancariosdepiracicaba.com.br\/#\/schema\/person\/6a12c780fc145ea2c9af09989ee600b0"},"headline":"Ita\u00fa \u00e9 condenado a reintegrar banc\u00e1rio demitido durante tratamento de c\u00e2ncer","datePublished":"2021-07-23T21:40:30+00:00","dateModified":"2021-07-26T19:01:15+00:00","mainEntityOfPage":{"@id":"https:\/\/bancariosdepiracicaba.com.br\/?p=10228#webpage"},"wordCount":277,"commentCount":0,"publisher":{"@id":"https:\/\/bancariosdepiracicaba.com.br\/#organization"},"articleSection":["Ita\u00fa","Uncategorized"],"inLanguage":"pt-BR","potentialAction":[{"@type":"CommentAction","name":"Comment","target":["https:\/\/bancariosdepiracicaba.com.br\/?p=10228#respond"]}]},{"@type":"Person","@id":"https:\/\/bancariosdepiracicaba.com.br\/#\/schema\/person\/6a12c780fc145ea2c9af09989ee600b0","name":"admin","image":{"@type":"ImageObject","@id":"https:\/\/bancariosdepiracicaba.com.br\/#personlogo","inLanguage":"pt-BR","url":"https:\/\/secure.gravatar.com\/avatar\/3a05e74c6579e68209676cb5cb64e0918f288da7a49210fa18d6e9cac1189840?s=96&d=mm&r=g","contentUrl":"https:\/\/secure.gravatar.com\/avatar\/3a05e74c6579e68209676cb5cb64e0918f288da7a49210fa18d6e9cac1189840?s=96&d=mm&r=g","caption":"admin"},"sameAs":["https:\/\/site.bancariosdepiracicaba.com.br"],"url":"https:\/\/bancariosdepiracicaba.com.br\/?author=1"}]}},"_links":{"self":[{"href":"https:\/\/bancariosdepiracicaba.com.br\/index.php?rest_route=\/wp\/v2\/posts\/10228","targetHints":{"allow":["GET"]}}],"collection":[{"href":"https:\/\/bancariosdepiracicaba.com.br\/index.php?rest_route=\/wp\/v2\/posts"}],"about":[{"href":"https:\/\/bancariosdepiracicaba.com.br\/index.php?rest_route=\/wp\/v2\/types\/post"}],"author":[{"embeddable":true,"href":"https:\/\/bancariosdepiracicaba.com.br\/index.php?rest_route=\/wp\/v2\/users\/1"}],"replies":[{"embeddable":true,"href":"https:\/\/bancariosdepiracicaba.com.br\/index.php?rest_route=%2Fwp%2Fv2%2Fcomments&post=10228"}],"version-history":[{"count":1,"href":"https:\/\/bancariosdepiracicaba.com.br\/index.php?rest_route=\/wp\/v2\/posts\/10228\/revisions"}],"predecessor-version":[{"id":12690,"href":"https:\/\/bancariosdepiracicaba.com.br\/index.php?rest_route=\/wp\/v2\/posts\/10228\/revisions\/12690"}],"wp:attachment":[{"href":"https:\/\/bancariosdepiracicaba.com.br\/index.php?rest_route=%2Fwp%2Fv2%2Fmedia&parent=10228"}],"wp:term":[{"taxonomy":"category","embeddable":true,"href":"https:\/\/bancariosdepiracicaba.com.br\/index.php?rest_route=%2Fwp%2Fv2%2Fcategories&post=10228"},{"taxonomy":"post_tag","embeddable":true,"href":"https:\/\/bancariosdepiracicaba.com.br\/index.php?rest_route=%2Fwp%2Fv2%2Ftags&post=10228"}],"curies":[{"name":"wp","href":"https:\/\/api.w.org\/{rel}","templated":true}]}}