{"id":10166,"date":"2021-07-23T21:39:09","date_gmt":"2021-07-23T21:39:09","guid":{"rendered":"https:\/\/site.bancariosdepiracicaba.com.br\/2021\/07\/23\/ocupa-brasilia-dirigentes-sindicais-do-sindban-participam-de-ato-pela-saida-de-temer\/"},"modified":"2021-08-11T22:11:24","modified_gmt":"2021-08-12T01:11:24","slug":"ocupa-brasilia-dirigentes-sindicais-do-sindban-participam-de-ato-pela-saida-de-temer","status":"publish","type":"post","link":"https:\/\/bancariosdepiracicaba.com.br\/?p=10166","title":{"rendered":"Ocupa Bras\u00edlia: Dirigentes sindicais do SindBan participam de ato pela sa\u00edda de Temer"},"content":{"rendered":"<p>23\/05\/2017 &#8211; 17:00<\/p>\n<p>Caravanas saem em dire\u00e7\u00e3o \u00e0 capital federal ainda nesta ter\u00e7a-feira (23), \u00e0s 20h<\/p>\n<p>Nesta quarta-feira (24), milhares de brasileiros ocupar\u00e3o Bras \u00edlia pela sa \u00edda do presidente Michel Temer, contra as Reformas da Previd\u00eancia e Trabalhista e pelas elei\u00e7\u00f5es diretas. O ato denominado de &lsquo;Ocupa Bras \u00edlia&rsquo;, vai contar com a presen\u00e7a dos dirigentes sindicais do SindBan (Sindicato dos Banc\u00e1rios de Piracicaba e Regi\u00e3o) e mais 8 sindicatos piracicabanos. As caravanas saem em dire\u00e7\u00e3o \u00e0 capital federal ainda nesta ter\u00e7a-feira (23), \u00e0s 20h.<\/p>\n<p>As mobiliza\u00e7\u00f5es, que acontecem no Brasil desde o come\u00e7o do ano, ganharam for\u00e7a ap\u00f3s den\u00fancias contra o presidente da rep\u00fablica. Michel Temer foi flagrado em grava\u00e7\u00f5es participando diretamente da negocia\u00e7\u00e3o de propina para comprar o sil\u00eancio do r\u00e9u e ex-deputado Eduardo Cunha, atualmente preso. Ap\u00f3s o epis\u00f3dio, a Frente Povo Sem Medo, Frente Brasil Popular e diversas centrais sindicais se reuniram e refor\u00e7aram a necessidade da convoca\u00e7\u00e3o conjunta. <\/p>\n<p>Apesar de atos por todo o pa \u00eds, as propostas de Reforma Trabalhista e Reforma da Previd\u00eancia seguem em pauta e est\u00e3o em tramita\u00e7\u00e3o no Senado e na C\u00e2mara dos Deputados, respectivamente. Para o presidente do SindBan, Jos\u00e9 Antonio Fernandes Paiva, \u00e9 muito importante que a popula\u00e7\u00e3o brasileira se una, n\u00e3o por um partido, nem bandeira, mas pelo seu pa \u00eds.<\/p>\n<p>  \u201c;O movimento sindical est\u00e1 sofrendo ataques, os trabalhadores est\u00e3o perdendo direitos conquistados com anos de luta. Temos no poder, um governo ileg \u00edtimo que governa para o empresariado do Brasil e n\u00e3o tem mais condi\u00e7\u00f5es de governar, principalmente ap\u00f3s todas as den\u00fancias de corrup\u00e7\u00e3o. A elei\u00e7\u00e3o direta ainda n\u00e3o \u00e9 uma medida constitucional, mas poder\u00e1 ser, com a press\u00e3o da popula\u00e7\u00e3o para a aprova\u00e7\u00e3o da Proposta de Emenda \u00e0 Constitui\u00e7\u00e3o 227\/2016, do deputado Miro Teixeira, que prev\u00ea elei\u00e7\u00f5es diretas no caso de vac\u00e2ncia da Presid\u00eancia da Rep\u00fablica, exceto nos seis \u00faltimos meses do mandato \u201c;, comentou.<\/p>\n<p>Com acampamento montado no est\u00e1dio Man\u00e9 Garrincha, a concentra\u00e7\u00e3o est\u00e1 marcada para \u00e0s 14h, com a marcha come\u00e7ando \u00e0s 17h, culminando em um grande ato na Pra\u00e7a dos Tr\u00eas Poderes \u00e0s 18h30.<\/p>\n","protected":false},"excerpt":{"rendered":"<p>Caravanas saem em dire\u00e7\u00e3o \u00e0 capital federal ainda nesta ter\u00e7a-feira (23), \u00e0s 20h<\/p>\n","protected":false},"author":1,"featured_media":0,"comment_status":"open","ping_status":"open","sticky":false,"template":"","format":"standard","meta":{"site-sidebar-layout":"default","site-content-layout":"default","ast-main-header-display":"","ast-hfb-above-header-display":"","ast-hfb-below-header-display":"","ast-hfb-mobile-header-display":"","site-post-title":"","ast-breadcrumbs-content":"","ast-featured-img":"","footer-sml-layout":"","theme-transparent-header-meta":"","adv-header-id-meta":"","stick-header-meta":"","header-above-stick-meta":"","header-main-stick-meta":"","header-below-stick-meta":"","footnotes":""},"categories":[46,1],"tags":[],"class_list":["post-10166","post","type-post","status-publish","format-standard","hentry","category-eleicao","category-uncategorized"],"yoast_head":"<!-- This site is optimized with the Yoast SEO Premium plugin v16.1 (Yoast SEO v18.0) - https:\/\/yoast.com\/wordpress\/plugins\/seo\/ -->\n<title>Ocupa Bras\u00edlia: Dirigentes sindicais do SindBan participam de ato pela sa\u00edda de Temer - Sindban<\/title>\n<meta name=\"robots\" content=\"index, follow, max-snippet:-1, max-image-preview:large, max-video-preview:-1\" \/>\n<link rel=\"canonical\" href=\"https:\/\/bancariosdepiracicaba.com.br\/?p=10166\" \/>\n<meta property=\"og:locale\" content=\"pt_BR\" \/>\n<meta property=\"og:type\" content=\"article\" \/>\n<meta property=\"og:title\" content=\"Ocupa Bras\u00edlia: Dirigentes sindicais do SindBan participam de ato pela sa\u00edda de Temer - Sindban\" \/>\n<meta property=\"og:description\" content=\"Caravanas saem em dire\u00e7\u00e3o \u00e0 capital federal ainda nesta ter\u00e7a-feira (23), \u00e0s 20h\" \/>\n<meta property=\"og:url\" content=\"https:\/\/bancariosdepiracicaba.com.br\/?p=10166\" \/>\n<meta property=\"og:site_name\" content=\"Sindban\" \/>\n<meta property=\"article:published_time\" content=\"2021-07-23T21:39:09+00:00\" \/>\n<meta property=\"article:modified_time\" content=\"2021-08-12T01:11:24+00:00\" \/>\n<meta name=\"twitter:card\" content=\"summary_large_image\" \/>\n<meta name=\"twitter:label1\" content=\"Escrito por\" \/>\n\t<meta name=\"twitter:data1\" content=\"admin\" \/>\n\t<meta name=\"twitter:label2\" content=\"Est. tempo de leitura\" \/>\n\t<meta name=\"twitter:data2\" content=\"2 minutos\" \/>\n<script type=\"application\/ld+json\" class=\"yoast-schema-graph\">{\"@context\":\"https:\/\/schema.org\",\"@graph\":[{\"@type\":\"Organization\",\"@id\":\"https:\/\/bancariosdepiracicaba.com.br\/#organization\",\"name\":\"Sindban\",\"url\":\"https:\/\/bancariosdepiracicaba.com.br\/\",\"sameAs\":[],\"logo\":{\"@type\":\"ImageObject\",\"@id\":\"https:\/\/bancariosdepiracicaba.com.br\/#logo\",\"inLanguage\":\"pt-BR\",\"url\":\"https:\/\/site.bancariosdepiracicaba.com.br\/wp-content\/uploads\/2021\/04\/cropped-Asset-2.png\",\"contentUrl\":\"https:\/\/site.bancariosdepiracicaba.com.br\/wp-content\/uploads\/2021\/04\/cropped-Asset-2.png\",\"width\":512,\"height\":512,\"caption\":\"Sindban\"},\"image\":{\"@id\":\"https:\/\/bancariosdepiracicaba.com.br\/#logo\"}},{\"@type\":\"WebSite\",\"@id\":\"https:\/\/bancariosdepiracicaba.com.br\/#website\",\"url\":\"https:\/\/bancariosdepiracicaba.com.br\/\",\"name\":\"Sindban\",\"description\":\"Desenvolvimento\",\"publisher\":{\"@id\":\"https:\/\/bancariosdepiracicaba.com.br\/#organization\"},\"potentialAction\":[{\"@type\":\"SearchAction\",\"target\":{\"@type\":\"EntryPoint\",\"urlTemplate\":\"https:\/\/bancariosdepiracicaba.com.br\/?s={search_term_string}\"},\"query-input\":\"required name=search_term_string\"}],\"inLanguage\":\"pt-BR\"},{\"@type\":\"WebPage\",\"@id\":\"https:\/\/bancariosdepiracicaba.com.br\/?p=10166#webpage\",\"url\":\"https:\/\/bancariosdepiracicaba.com.br\/?p=10166\",\"name\":\"Ocupa Bras\u00edlia: Dirigentes sindicais do SindBan participam de ato pela sa\u00edda de Temer - Sindban\",\"isPartOf\":{\"@id\":\"https:\/\/bancariosdepiracicaba.com.br\/#website\"},\"datePublished\":\"2021-07-23T21:39:09+00:00\",\"dateModified\":\"2021-08-12T01:11:24+00:00\",\"breadcrumb\":{\"@id\":\"https:\/\/bancariosdepiracicaba.com.br\/?p=10166#breadcrumb\"},\"inLanguage\":\"pt-BR\",\"potentialAction\":[{\"@type\":\"ReadAction\",\"target\":[\"https:\/\/bancariosdepiracicaba.com.br\/?p=10166\"]}]},{\"@type\":\"BreadcrumbList\",\"@id\":\"https:\/\/bancariosdepiracicaba.com.br\/?p=10166#breadcrumb\",\"itemListElement\":[{\"@type\":\"ListItem\",\"position\":1,\"name\":\"Home\",\"item\":\"https:\/\/bancariosdepiracicaba.com.br\/\"},{\"@type\":\"ListItem\",\"position\":2,\"name\":\"Ocupa Bras\u00edlia: Dirigentes sindicais do SindBan participam de ato pela sa\u00edda de Temer\"}]},{\"@type\":\"Article\",\"@id\":\"https:\/\/bancariosdepiracicaba.com.br\/?p=10166#article\",\"isPartOf\":{\"@id\":\"https:\/\/bancariosdepiracicaba.com.br\/?p=10166#webpage\"},\"author\":{\"@id\":\"https:\/\/bancariosdepiracicaba.com.br\/#\/schema\/person\/6a12c780fc145ea2c9af09989ee600b0\"},\"headline\":\"Ocupa Bras\u00edlia: Dirigentes sindicais do SindBan participam de ato pela sa\u00edda de Temer\",\"datePublished\":\"2021-07-23T21:39:09+00:00\",\"dateModified\":\"2021-08-12T01:11:24+00:00\",\"mainEntityOfPage\":{\"@id\":\"https:\/\/bancariosdepiracicaba.com.br\/?p=10166#webpage\"},\"wordCount\":398,\"commentCount\":0,\"publisher\":{\"@id\":\"https:\/\/bancariosdepiracicaba.com.br\/#organization\"},\"articleSection\":[\"Elei\u00e7\u00e3o\",\"Uncategorized\"],\"inLanguage\":\"pt-BR\",\"potentialAction\":[{\"@type\":\"CommentAction\",\"name\":\"Comment\",\"target\":[\"https:\/\/bancariosdepiracicaba.com.br\/?p=10166#respond\"]}]},{\"@type\":\"Person\",\"@id\":\"https:\/\/bancariosdepiracicaba.com.br\/#\/schema\/person\/6a12c780fc145ea2c9af09989ee600b0\",\"name\":\"admin\",\"image\":{\"@type\":\"ImageObject\",\"@id\":\"https:\/\/bancariosdepiracicaba.com.br\/#personlogo\",\"inLanguage\":\"pt-BR\",\"url\":\"https:\/\/secure.gravatar.com\/avatar\/3a05e74c6579e68209676cb5cb64e0918f288da7a49210fa18d6e9cac1189840?s=96&d=mm&r=g\",\"contentUrl\":\"https:\/\/secure.gravatar.com\/avatar\/3a05e74c6579e68209676cb5cb64e0918f288da7a49210fa18d6e9cac1189840?s=96&d=mm&r=g\",\"caption\":\"admin\"},\"sameAs\":[\"https:\/\/site.bancariosdepiracicaba.com.br\"],\"url\":\"https:\/\/bancariosdepiracicaba.com.br\/?author=1\"}]}<\/script>\n<!-- \/ Yoast SEO Premium plugin. -->","yoast_head_json":{"title":"Ocupa Bras\u00edlia: Dirigentes sindicais do SindBan participam de ato pela sa\u00edda de Temer - Sindban","robots":{"index":"index","follow":"follow","max-snippet":"max-snippet:-1","max-image-preview":"max-image-preview:large","max-video-preview":"max-video-preview:-1"},"canonical":"https:\/\/bancariosdepiracicaba.com.br\/?p=10166","og_locale":"pt_BR","og_type":"article","og_title":"Ocupa Bras\u00edlia: Dirigentes sindicais do SindBan participam de ato pela sa\u00edda de Temer - Sindban","og_description":"Caravanas saem em dire\u00e7\u00e3o \u00e0 capital federal ainda nesta ter\u00e7a-feira (23), \u00e0s 20h","og_url":"https:\/\/bancariosdepiracicaba.com.br\/?p=10166","og_site_name":"Sindban","article_published_time":"2021-07-23T21:39:09+00:00","article_modified_time":"2021-08-12T01:11:24+00:00","twitter_card":"summary_large_image","twitter_misc":{"Escrito por":"admin","Est. tempo de leitura":"2 minutos"},"schema":{"@context":"https:\/\/schema.org","@graph":[{"@type":"Organization","@id":"https:\/\/bancariosdepiracicaba.com.br\/#organization","name":"Sindban","url":"https:\/\/bancariosdepiracicaba.com.br\/","sameAs":[],"logo":{"@type":"ImageObject","@id":"https:\/\/bancariosdepiracicaba.com.br\/#logo","inLanguage":"pt-BR","url":"https:\/\/site.bancariosdepiracicaba.com.br\/wp-content\/uploads\/2021\/04\/cropped-Asset-2.png","contentUrl":"https:\/\/site.bancariosdepiracicaba.com.br\/wp-content\/uploads\/2021\/04\/cropped-Asset-2.png","width":512,"height":512,"caption":"Sindban"},"image":{"@id":"https:\/\/bancariosdepiracicaba.com.br\/#logo"}},{"@type":"WebSite","@id":"https:\/\/bancariosdepiracicaba.com.br\/#website","url":"https:\/\/bancariosdepiracicaba.com.br\/","name":"Sindban","description":"Desenvolvimento","publisher":{"@id":"https:\/\/bancariosdepiracicaba.com.br\/#organization"},"potentialAction":[{"@type":"SearchAction","target":{"@type":"EntryPoint","urlTemplate":"https:\/\/bancariosdepiracicaba.com.br\/?s={search_term_string}"},"query-input":"required name=search_term_string"}],"inLanguage":"pt-BR"},{"@type":"WebPage","@id":"https:\/\/bancariosdepiracicaba.com.br\/?p=10166#webpage","url":"https:\/\/bancariosdepiracicaba.com.br\/?p=10166","name":"Ocupa Bras\u00edlia: Dirigentes sindicais do SindBan participam de ato pela sa\u00edda de Temer - Sindban","isPartOf":{"@id":"https:\/\/bancariosdepiracicaba.com.br\/#website"},"datePublished":"2021-07-23T21:39:09+00:00","dateModified":"2021-08-12T01:11:24+00:00","breadcrumb":{"@id":"https:\/\/bancariosdepiracicaba.com.br\/?p=10166#breadcrumb"},"inLanguage":"pt-BR","potentialAction":[{"@type":"ReadAction","target":["https:\/\/bancariosdepiracicaba.com.br\/?p=10166"]}]},{"@type":"BreadcrumbList","@id":"https:\/\/bancariosdepiracicaba.com.br\/?p=10166#breadcrumb","itemListElement":[{"@type":"ListItem","position":1,"name":"Home","item":"https:\/\/bancariosdepiracicaba.com.br\/"},{"@type":"ListItem","position":2,"name":"Ocupa Bras\u00edlia: Dirigentes sindicais do SindBan participam de ato pela sa\u00edda de Temer"}]},{"@type":"Article","@id":"https:\/\/bancariosdepiracicaba.com.br\/?p=10166#article","isPartOf":{"@id":"https:\/\/bancariosdepiracicaba.com.br\/?p=10166#webpage"},"author":{"@id":"https:\/\/bancariosdepiracicaba.com.br\/#\/schema\/person\/6a12c780fc145ea2c9af09989ee600b0"},"headline":"Ocupa Bras\u00edlia: Dirigentes sindicais do SindBan participam de ato pela sa\u00edda de Temer","datePublished":"2021-07-23T21:39:09+00:00","dateModified":"2021-08-12T01:11:24+00:00","mainEntityOfPage":{"@id":"https:\/\/bancariosdepiracicaba.com.br\/?p=10166#webpage"},"wordCount":398,"commentCount":0,"publisher":{"@id":"https:\/\/bancariosdepiracicaba.com.br\/#organization"},"articleSection":["Elei\u00e7\u00e3o","Uncategorized"],"inLanguage":"pt-BR","potentialAction":[{"@type":"CommentAction","name":"Comment","target":["https:\/\/bancariosdepiracicaba.com.br\/?p=10166#respond"]}]},{"@type":"Person","@id":"https:\/\/bancariosdepiracicaba.com.br\/#\/schema\/person\/6a12c780fc145ea2c9af09989ee600b0","name":"admin","image":{"@type":"ImageObject","@id":"https:\/\/bancariosdepiracicaba.com.br\/#personlogo","inLanguage":"pt-BR","url":"https:\/\/secure.gravatar.com\/avatar\/3a05e74c6579e68209676cb5cb64e0918f288da7a49210fa18d6e9cac1189840?s=96&d=mm&r=g","contentUrl":"https:\/\/secure.gravatar.com\/avatar\/3a05e74c6579e68209676cb5cb64e0918f288da7a49210fa18d6e9cac1189840?s=96&d=mm&r=g","caption":"admin"},"sameAs":["https:\/\/site.bancariosdepiracicaba.com.br"],"url":"https:\/\/bancariosdepiracicaba.com.br\/?author=1"}]}},"_links":{"self":[{"href":"https:\/\/bancariosdepiracicaba.com.br\/index.php?rest_route=\/wp\/v2\/posts\/10166","targetHints":{"allow":["GET"]}}],"collection":[{"href":"https:\/\/bancariosdepiracicaba.com.br\/index.php?rest_route=\/wp\/v2\/posts"}],"about":[{"href":"https:\/\/bancariosdepiracicaba.com.br\/index.php?rest_route=\/wp\/v2\/types\/post"}],"author":[{"embeddable":true,"href":"https:\/\/bancariosdepiracicaba.com.br\/index.php?rest_route=\/wp\/v2\/users\/1"}],"replies":[{"embeddable":true,"href":"https:\/\/bancariosdepiracicaba.com.br\/index.php?rest_route=%2Fwp%2Fv2%2Fcomments&post=10166"}],"version-history":[{"count":1,"href":"https:\/\/bancariosdepiracicaba.com.br\/index.php?rest_route=\/wp\/v2\/posts\/10166\/revisions"}],"predecessor-version":[{"id":14444,"href":"https:\/\/bancariosdepiracicaba.com.br\/index.php?rest_route=\/wp\/v2\/posts\/10166\/revisions\/14444"}],"wp:attachment":[{"href":"https:\/\/bancariosdepiracicaba.com.br\/index.php?rest_route=%2Fwp%2Fv2%2Fmedia&parent=10166"}],"wp:term":[{"taxonomy":"category","embeddable":true,"href":"https:\/\/bancariosdepiracicaba.com.br\/index.php?rest_route=%2Fwp%2Fv2%2Fcategories&post=10166"},{"taxonomy":"post_tag","embeddable":true,"href":"https:\/\/bancariosdepiracicaba.com.br\/index.php?rest_route=%2Fwp%2Fv2%2Ftags&post=10166"}],"curies":[{"name":"wp","href":"https:\/\/api.w.org\/{rel}","templated":true}]}}