{"id":10158,"date":"2021-07-23T21:38:58","date_gmt":"2021-07-23T21:38:58","guid":{"rendered":"https:\/\/site.bancariosdepiracicaba.com.br\/2021\/07\/23\/artigo-as-consequencias-de-se-transformar-o-sabado-em-dia-util-trabalhado\/"},"modified":"2021-07-23T21:38:58","modified_gmt":"2021-07-23T21:38:58","slug":"artigo-as-consequencias-de-se-transformar-o-sabado-em-dia-util-trabalhado","status":"publish","type":"post","link":"https:\/\/bancariosdepiracicaba.com.br\/?p=10158","title":{"rendered":"Artigo: As consequ\u00eancias de se transformar o s\u00e1bado em dia \u00fatil trabalhado"},"content":{"rendered":"<p>10:10 &#8211; 17\/05\/2017<\/p>\n<p>As consequ\u00eancias de se transformar o s\u00e1bado de repouso semanal remunerado em dia \u00fatil trabalhado na categoria banc\u00e1ria<\/p>\n<p>Por Mauricio Nobre Jr &#8211; Diretor do SindBan<\/p>\n<p>Comecemos por definir o que \u00e9 descanso e sua real import\u00e2ncia para a psique do trabalhador. O tempo de descanso permite ao trabalhador o desenvolvimento integral da sua personalidade, porquanto se defina as caracter \u00edsticas sociais do ser humano. Sua capacidade de relacionamento social, sua forma f \u00edsica, seu tempo de leitura, conviv\u00eancia religiosa, passeios, f\u00e9rias&#8230; (NASCIMENTO, 2011, 767).<\/p>\n<p>S\u00e3o elementos essenciais ao desenvolvimento humano, e que dele n\u00e3o podem prescindir. A consequ\u00eancia seria extremamente danosa. Casos de adoecimento psicol\u00f3gico e suic \u00eddio s\u00e3o registrados em pa \u00edses que n\u00e3o conseguem limitar o tempo que o trabalhador fica dispon \u00edvel ao empregador.<\/p>\n<p>Nesse diapas\u00e3o, mencionemos o caso franc\u00eas (01\/2017). Em decis\u00e3o paradigm\u00e1tica, ainda que reserve suas contraproduc\u00eancias em rela\u00e7\u00e3o \u00e0 forma (preval\u00eancia do negociado particular em rela\u00e7\u00e3o ao coletivo), foi reservado ao trabalhador o direito de se desconectar do trabalho, elevando o direito ao descanso como direito fundamental.<\/p>\n<p>No Brasil, a ideia de descanso semanal surgiu ap\u00f3s edi\u00e7\u00e3o legislativa de 1934. Atualmente, \u00e9 regido pela Constitui\u00e7\u00e3o Federal (Art 7, XV). Ser\u00e1, em uma semana de 7 dias, de 24 horas ininterruptas, coincidindo , na maioria das vezes, aos domingos.<\/p>\n<p>A categoria banc\u00e1ria possui jornada espec \u00edfica, regulada pelo art. 224 da CLT. Neste artigo, como se pode l\u00ea-lo,  \u201c;A dura\u00e7\u00e3o normal do trabalho dos empregados em bancos, casas banc\u00e1rias e Caixa Econ\u00f4mica Federal ser\u00e1 de 6 (seis) horas continuas nos dias \u00fateis, com exce\u00e7\u00e3o dos s\u00e1bados, perfazendo um total de 30 (trinta) horas de trabalho por semana. \u201c;.<\/p>\n<p>Destaca-se a express\u00e3o  \u201c;com exce\u00e7\u00e3o dos s\u00e1bados \u201c;. Analisemos.<\/p>\n<p>A jornada de trabalho do banc\u00e1rio passou por modifica\u00e7\u00f5es estruturais, mas manteve-se em 6 horas. No in \u00edcio, ap\u00f3s \u00e1rdua luta do pioneiro Sindicato dos Banc\u00e1rios de S\u00e3o Paulo, fora conquistada devida \u00e0 intensa movimenta\u00e7\u00e3o de valores e rotinas manuais, dada \u00e0 falta de informatiza\u00e7\u00e3o da d\u00e9cada de 20. Hoje, mant\u00e9m-se pelo enorme e admoestador desgaste psicol\u00f3gico, pelo atingimento de metas e cobran\u00e7a excessiva.<\/p>\n<p>At\u00e9 2003, a express\u00e3o que destacamos acima, admitindo a interpreta\u00e7\u00e3o literal, exclu \u00eda da jornada do banc\u00e1rio o s\u00e1bado. O efeito direto seria a incorpora\u00e7\u00e3o do s\u00e1bado como repouso semanal remunerado, calcado no princ \u00edpio da interpreta\u00e7\u00e3o da norma mais favor\u00e1vel ao trabalhador, contido no art. 620 da CLT.<\/p>\n<p>Por\u00e9m, os egr\u00e9gios tribunais decidiram, em favor aos bancos, e em nosso entendimento \u00e0 revelia da lei trabalhista, desconsiderar o s\u00e1bado como repouso semanal remunerado e passaram a consider\u00e1-lo como dia \u00fatil n\u00e3o trabalhado.<\/p>\n<p>Veja-se. Fizemos a an\u00e1lise da import\u00e2ncia do descanso para o trabalhador. Seu desenvolvimento social se d\u00e1 nos momentos de lazer. Afora os rendimentos, o s\u00e1bado do banc\u00e1rio era seu. O direito ao descanso, defendido por Domenico de masi, era exercido em sua plenitude em 48 horas. O banc\u00e1rio podia renovar suas energias, gastas durante 30 ou 40 horas de press\u00e3o intensa e metas cobradas incessantemente. Essas negocia\u00e7\u00f5es eram realizadas em mesas de negocia\u00e7\u00e3o, em atas que n\u00e3o constam em minutas de negocia\u00e7\u00e3o. Veja-se os manuais normativos de cada banco.<\/p>\n<p>Mesmo ap\u00f3s esse entendimento dos tribunais, o movimento sindical, fortalecido pela pol \u00edtica do governo petista, conseguiu negociar a manuten\u00e7\u00e3o do pagamento do s\u00e1bado como repouso semanal remunerado. Isso impactou em aumento no c\u00e1lculo das horas extras exercidas semanais em torno de 20%.<\/p>\n<p>Por\u00e9m, ao enfrentar a quest\u00e3o do divisor das horas extras do banc\u00e1rio, o TST sepultou o direito ao descanso do banc\u00e1rio. Ao julgar o in\u00e9dito Tema Repetitivo 0002, o mesmo alterou tanto o divisor para horas extras quanto a classifica\u00e7\u00e3o doutrin\u00e1ria do s\u00e1bado do banc\u00e1rio. Em conson\u00e2ncia com os bancos, o TST defende que o s\u00e1bado seja reconsiderado como dia \u00fatil n\u00e3o trabalhado, sob pena de conferir aos bancos, entidades que gastam milh\u00f5es de reais e possuem os melhores centros de engenharia de recursos humanos da Am\u00e9rica Latina,  \u201c;malabarismos matem\u00e1ticos no c\u00e1lculo do divisor aplic\u00e1vel \u00e0 categoria dos banc\u00e1rios &#8211; de elevado grau de complexidade e de especificidade em rela\u00e7\u00e3o \u00e0 situa\u00e7\u00e3o individual de cada empregado, e por isso mesmo, mais suscet \u00edvel a resultados equivocados \u201c;.<\/p>\n<p>Que d\u00f3.<\/p>\n<p>Se n\u00e3o bastasse, ainda, fora publicada no ac\u00f3rd\u00e3o o seguinte:  \u201c;Ademais, \u00e9 for\u00e7oso convir que, a n\u00e3o se entender assim, estar-se-ia chancelando uma verdadeira  \u201c;balb\u00fardia cont\u00e1bil \u201c; no que concerne ao divisor para c\u00e1lculo de horas extras no caso de empregados faltosos de Bancos privados. \u201c;.<\/p>\n<p>Em contrapartida, ataques n\u00e3o faltaram ao movimento sindical banc\u00e1rio. Destaque-se:  \u201c;Constata-se, pois, que, mesmo sob o p\u00e1lio de cl\u00e1usula desse jaez, sucessivamente renovada at\u00e9 os dias de hoje, passaram-se cerca de 24 anos sem que os sindicatos representantes da categoria profissional questionassem o divisor para c\u00e1lculo de horas extras dos banc\u00e1rios, tampouco indagassem a natureza do s\u00e1bado, para esse fim. A meu ju \u00edzo, a in\u00e9rcia das combativas entidades sindicais representativas da categoria profissional, por mais de duas d\u00e9cadas, traduz, pelo eloquente sil\u00eancio, forma de manifesta\u00e7\u00e3o de vontade de que, de boa f\u00e9, o que se aven\u00e7ou foi t\u00e3o somente a repercuss\u00e3o de horas extras habituais nos s\u00e1bados. \u201c;.<\/p>\n<p>Em que pese a manifesta\u00e7\u00e3o de 6 federa\u00e7\u00f5es do pa \u00eds todo, representando os estados da regi\u00e3o Centro Norte, Rio grande do sul, Paran\u00e1, Minas Gerais, Rio de Janeiro, Esp \u00edrito Santo, al\u00e9m das duas confedera\u00e7\u00f5es nacionais -; CONTRAF e CONTEC, o ju \u00edzo ainda manifesta-se dizendo que n\u00e3o havia negociada essa cl\u00e1usula pelo movimento sindical. Negligencia que h\u00e1 previs\u00e3o normativa nos normativos internos dos bancos, inclusive que foram acostadas aos autos, que foram conquistadas em mesas permanentes de negocia\u00e7\u00e3o.<\/p>\n<p>Agora, a categoria encontra-se ref\u00e9m. A reforma trabalhista proposta pelo congresso (o artigo foi escrito em 10\/05\/2017) prop\u00f5e que prevale\u00e7a o negociado em particular pelo negociado em coletivo e pelo legislado. Abre-se n\u00e3o uma porta, mas uma porteira do tamanho de uma fazenda para que a jornada de trabalho dos banc\u00e1rios seja flexibilizada\/precarizada. Como agora o s\u00e1bado \u00e9 considerado pelos tribunais como direito potestativo da empresa de n\u00e3o abrir o estabelecimento, os banc\u00e1rios est\u00e3o a um fio de trabalharem 8 horas di\u00e1rias e aos s\u00e1bados.<\/p>\n<p>A solu\u00e7\u00e3o \u00e9 simples e modesta. Como j\u00e1 dito, o fortalecimento da categoria garantiu a manuten\u00e7\u00e3o do direito ao s\u00e1bado como descanso. E o fortalecimento da categoria assim o manter\u00e1. Fortale\u00e7a a categoria banc\u00e1ria. Filie-se ao Sindicato dos Banc\u00e1rios de Piracicaba e Regi\u00e3o! Ele precisa de voc\u00ea para enfrentar os enormes desafios que est\u00e3o postos e os que est\u00e3o por vir.<\/p>\n<p>Fontes:<\/p>\n<p>NASCIMENTO, AMAURI MASCARO. Curso de direito do trabalho : hist\u00f3ria e teoria geral do direito do trabalho : rela\u00e7\u00f5es individuais e coletivas do trabalho -; 26. ed. -; S\u00e3o Paulo : Saraiva, 2011.<\/p>\n<p>NASSER AHMAD ALLAN E NILO DA CUNHA JAMARDO BEIRO (orgs.). Direito do Trabalho Banc\u00e1rio: temas atuais na pr\u00e1tica da advocacia especializada -; Bauru: Canal 6, 2016.<\/p>\n<p>UOL ECONOMIA. 2017. Acessado em 10\/05\/2017. Dispon \u00edvel em (<https:\/\/economia.uol.com.br\/noticias\/efe\/2017\/01\/01\/franca-incorpora-direito-a-se-desconectar-fora-do-horario-de-trabalho.htm>.)<\/p>\n","protected":false},"excerpt":{"rendered":"<p>10:10 &#8211; 17\/05\/2017 As consequ\u00eancias de se transformar o s\u00e1bado de repouso semanal remunerado em dia \u00fatil trabalhado na categoria banc\u00e1ria Por Mauricio Nobre Jr &#8211; Diretor do SindBan Comecemos por definir o que \u00e9 descanso e sua real import\u00e2ncia para a psique do trabalhador. O tempo de descanso permite ao trabalhador o desenvolvimento integral &hellip;<\/p>\n<p class=\"read-more\"> <a class=\"\" href=\"https:\/\/bancariosdepiracicaba.com.br\/?p=10158\"> <span class=\"screen-reader-text\">Artigo: As consequ\u00eancias de se transformar o s\u00e1bado em dia \u00fatil trabalhado<\/span> Leia mais &raquo;<\/a><\/p>\n","protected":false},"author":1,"featured_media":0,"comment_status":"open","ping_status":"open","sticky":false,"template":"","format":"standard","meta":{"site-sidebar-layout":"default","site-content-layout":"default","ast-main-header-display":"","ast-hfb-above-header-display":"","ast-hfb-below-header-display":"","ast-hfb-mobile-header-display":"","site-post-title":"","ast-breadcrumbs-content":"","ast-featured-img":"","footer-sml-layout":"","theme-transparent-header-meta":"","adv-header-id-meta":"","stick-header-meta":"","header-above-stick-meta":"","header-main-stick-meta":"","header-below-stick-meta":"","footnotes":""},"categories":[1],"tags":[],"class_list":["post-10158","post","type-post","status-publish","format-standard","hentry","category-uncategorized"],"yoast_head":"<!-- This site is optimized with the Yoast SEO Premium plugin v16.1 (Yoast SEO v18.0) - https:\/\/yoast.com\/wordpress\/plugins\/seo\/ -->\n<title>Artigo: As consequ\u00eancias de se transformar o s\u00e1bado em dia \u00fatil trabalhado - Sindban<\/title>\n<meta name=\"robots\" content=\"index, follow, max-snippet:-1, max-image-preview:large, max-video-preview:-1\" \/>\n<link rel=\"canonical\" href=\"https:\/\/bancariosdepiracicaba.com.br\/?p=10158\" \/>\n<meta property=\"og:locale\" content=\"pt_BR\" \/>\n<meta property=\"og:type\" content=\"article\" \/>\n<meta property=\"og:title\" content=\"Artigo: As consequ\u00eancias de se transformar o s\u00e1bado em dia \u00fatil trabalhado - Sindban\" \/>\n<meta property=\"og:description\" content=\"10:10 &#8211; 17\/05\/2017 As consequ\u00eancias de se transformar o s\u00e1bado de repouso semanal remunerado em dia \u00fatil trabalhado na categoria banc\u00e1ria Por Mauricio Nobre Jr &#8211; Diretor do SindBan Comecemos por definir o que \u00e9 descanso e sua real import\u00e2ncia para a psique do trabalhador. O tempo de descanso permite ao trabalhador o desenvolvimento integral &hellip; Artigo: As consequ\u00eancias de se transformar o s\u00e1bado em dia \u00fatil trabalhado Leia mais &raquo;\" \/>\n<meta property=\"og:url\" content=\"https:\/\/bancariosdepiracicaba.com.br\/?p=10158\" \/>\n<meta property=\"og:site_name\" content=\"Sindban\" \/>\n<meta property=\"article:published_time\" content=\"2021-07-23T21:38:58+00:00\" \/>\n<meta name=\"twitter:card\" content=\"summary_large_image\" \/>\n<meta name=\"twitter:label1\" content=\"Escrito por\" \/>\n\t<meta name=\"twitter:data1\" content=\"admin\" \/>\n\t<meta name=\"twitter:label2\" content=\"Est. tempo de leitura\" \/>\n\t<meta name=\"twitter:data2\" content=\"6 minutos\" \/>\n<script type=\"application\/ld+json\" class=\"yoast-schema-graph\">{\"@context\":\"https:\/\/schema.org\",\"@graph\":[{\"@type\":\"Organization\",\"@id\":\"https:\/\/bancariosdepiracicaba.com.br\/#organization\",\"name\":\"Sindban\",\"url\":\"https:\/\/bancariosdepiracicaba.com.br\/\",\"sameAs\":[],\"logo\":{\"@type\":\"ImageObject\",\"@id\":\"https:\/\/bancariosdepiracicaba.com.br\/#logo\",\"inLanguage\":\"pt-BR\",\"url\":\"https:\/\/site.bancariosdepiracicaba.com.br\/wp-content\/uploads\/2021\/04\/cropped-Asset-2.png\",\"contentUrl\":\"https:\/\/site.bancariosdepiracicaba.com.br\/wp-content\/uploads\/2021\/04\/cropped-Asset-2.png\",\"width\":512,\"height\":512,\"caption\":\"Sindban\"},\"image\":{\"@id\":\"https:\/\/bancariosdepiracicaba.com.br\/#logo\"}},{\"@type\":\"WebSite\",\"@id\":\"https:\/\/bancariosdepiracicaba.com.br\/#website\",\"url\":\"https:\/\/bancariosdepiracicaba.com.br\/\",\"name\":\"Sindban\",\"description\":\"Desenvolvimento\",\"publisher\":{\"@id\":\"https:\/\/bancariosdepiracicaba.com.br\/#organization\"},\"potentialAction\":[{\"@type\":\"SearchAction\",\"target\":{\"@type\":\"EntryPoint\",\"urlTemplate\":\"https:\/\/bancariosdepiracicaba.com.br\/?s={search_term_string}\"},\"query-input\":\"required name=search_term_string\"}],\"inLanguage\":\"pt-BR\"},{\"@type\":\"WebPage\",\"@id\":\"https:\/\/bancariosdepiracicaba.com.br\/?p=10158#webpage\",\"url\":\"https:\/\/bancariosdepiracicaba.com.br\/?p=10158\",\"name\":\"Artigo: As consequ\u00eancias de se transformar o s\u00e1bado em dia \u00fatil trabalhado - Sindban\",\"isPartOf\":{\"@id\":\"https:\/\/bancariosdepiracicaba.com.br\/#website\"},\"datePublished\":\"2021-07-23T21:38:58+00:00\",\"dateModified\":\"2021-07-23T21:38:58+00:00\",\"breadcrumb\":{\"@id\":\"https:\/\/bancariosdepiracicaba.com.br\/?p=10158#breadcrumb\"},\"inLanguage\":\"pt-BR\",\"potentialAction\":[{\"@type\":\"ReadAction\",\"target\":[\"https:\/\/bancariosdepiracicaba.com.br\/?p=10158\"]}]},{\"@type\":\"BreadcrumbList\",\"@id\":\"https:\/\/bancariosdepiracicaba.com.br\/?p=10158#breadcrumb\",\"itemListElement\":[{\"@type\":\"ListItem\",\"position\":1,\"name\":\"Home\",\"item\":\"https:\/\/bancariosdepiracicaba.com.br\/\"},{\"@type\":\"ListItem\",\"position\":2,\"name\":\"Artigo: As consequ\u00eancias de se transformar o s\u00e1bado em dia \u00fatil trabalhado\"}]},{\"@type\":\"Article\",\"@id\":\"https:\/\/bancariosdepiracicaba.com.br\/?p=10158#article\",\"isPartOf\":{\"@id\":\"https:\/\/bancariosdepiracicaba.com.br\/?p=10158#webpage\"},\"author\":{\"@id\":\"https:\/\/bancariosdepiracicaba.com.br\/#\/schema\/person\/6a12c780fc145ea2c9af09989ee600b0\"},\"headline\":\"Artigo: As consequ\u00eancias de se transformar o s\u00e1bado em dia \u00fatil trabalhado\",\"datePublished\":\"2021-07-23T21:38:58+00:00\",\"dateModified\":\"2021-07-23T21:38:58+00:00\",\"mainEntityOfPage\":{\"@id\":\"https:\/\/bancariosdepiracicaba.com.br\/?p=10158#webpage\"},\"wordCount\":1255,\"commentCount\":0,\"publisher\":{\"@id\":\"https:\/\/bancariosdepiracicaba.com.br\/#organization\"},\"articleSection\":[\"Uncategorized\"],\"inLanguage\":\"pt-BR\",\"potentialAction\":[{\"@type\":\"CommentAction\",\"name\":\"Comment\",\"target\":[\"https:\/\/bancariosdepiracicaba.com.br\/?p=10158#respond\"]}]},{\"@type\":\"Person\",\"@id\":\"https:\/\/bancariosdepiracicaba.com.br\/#\/schema\/person\/6a12c780fc145ea2c9af09989ee600b0\",\"name\":\"admin\",\"image\":{\"@type\":\"ImageObject\",\"@id\":\"https:\/\/bancariosdepiracicaba.com.br\/#personlogo\",\"inLanguage\":\"pt-BR\",\"url\":\"https:\/\/secure.gravatar.com\/avatar\/3a05e74c6579e68209676cb5cb64e0918f288da7a49210fa18d6e9cac1189840?s=96&d=mm&r=g\",\"contentUrl\":\"https:\/\/secure.gravatar.com\/avatar\/3a05e74c6579e68209676cb5cb64e0918f288da7a49210fa18d6e9cac1189840?s=96&d=mm&r=g\",\"caption\":\"admin\"},\"sameAs\":[\"https:\/\/site.bancariosdepiracicaba.com.br\"],\"url\":\"https:\/\/bancariosdepiracicaba.com.br\/?author=1\"}]}<\/script>\n<!-- \/ Yoast SEO Premium plugin. -->","yoast_head_json":{"title":"Artigo: As consequ\u00eancias de se transformar o s\u00e1bado em dia \u00fatil trabalhado - Sindban","robots":{"index":"index","follow":"follow","max-snippet":"max-snippet:-1","max-image-preview":"max-image-preview:large","max-video-preview":"max-video-preview:-1"},"canonical":"https:\/\/bancariosdepiracicaba.com.br\/?p=10158","og_locale":"pt_BR","og_type":"article","og_title":"Artigo: As consequ\u00eancias de se transformar o s\u00e1bado em dia \u00fatil trabalhado - Sindban","og_description":"10:10 &#8211; 17\/05\/2017 As consequ\u00eancias de se transformar o s\u00e1bado de repouso semanal remunerado em dia \u00fatil trabalhado na categoria banc\u00e1ria Por Mauricio Nobre Jr &#8211; Diretor do SindBan Comecemos por definir o que \u00e9 descanso e sua real import\u00e2ncia para a psique do trabalhador. O tempo de descanso permite ao trabalhador o desenvolvimento integral &hellip; Artigo: As consequ\u00eancias de se transformar o s\u00e1bado em dia \u00fatil trabalhado Leia mais &raquo;","og_url":"https:\/\/bancariosdepiracicaba.com.br\/?p=10158","og_site_name":"Sindban","article_published_time":"2021-07-23T21:38:58+00:00","twitter_card":"summary_large_image","twitter_misc":{"Escrito por":"admin","Est. tempo de leitura":"6 minutos"},"schema":{"@context":"https:\/\/schema.org","@graph":[{"@type":"Organization","@id":"https:\/\/bancariosdepiracicaba.com.br\/#organization","name":"Sindban","url":"https:\/\/bancariosdepiracicaba.com.br\/","sameAs":[],"logo":{"@type":"ImageObject","@id":"https:\/\/bancariosdepiracicaba.com.br\/#logo","inLanguage":"pt-BR","url":"https:\/\/site.bancariosdepiracicaba.com.br\/wp-content\/uploads\/2021\/04\/cropped-Asset-2.png","contentUrl":"https:\/\/site.bancariosdepiracicaba.com.br\/wp-content\/uploads\/2021\/04\/cropped-Asset-2.png","width":512,"height":512,"caption":"Sindban"},"image":{"@id":"https:\/\/bancariosdepiracicaba.com.br\/#logo"}},{"@type":"WebSite","@id":"https:\/\/bancariosdepiracicaba.com.br\/#website","url":"https:\/\/bancariosdepiracicaba.com.br\/","name":"Sindban","description":"Desenvolvimento","publisher":{"@id":"https:\/\/bancariosdepiracicaba.com.br\/#organization"},"potentialAction":[{"@type":"SearchAction","target":{"@type":"EntryPoint","urlTemplate":"https:\/\/bancariosdepiracicaba.com.br\/?s={search_term_string}"},"query-input":"required name=search_term_string"}],"inLanguage":"pt-BR"},{"@type":"WebPage","@id":"https:\/\/bancariosdepiracicaba.com.br\/?p=10158#webpage","url":"https:\/\/bancariosdepiracicaba.com.br\/?p=10158","name":"Artigo: As consequ\u00eancias de se transformar o s\u00e1bado em dia \u00fatil trabalhado - Sindban","isPartOf":{"@id":"https:\/\/bancariosdepiracicaba.com.br\/#website"},"datePublished":"2021-07-23T21:38:58+00:00","dateModified":"2021-07-23T21:38:58+00:00","breadcrumb":{"@id":"https:\/\/bancariosdepiracicaba.com.br\/?p=10158#breadcrumb"},"inLanguage":"pt-BR","potentialAction":[{"@type":"ReadAction","target":["https:\/\/bancariosdepiracicaba.com.br\/?p=10158"]}]},{"@type":"BreadcrumbList","@id":"https:\/\/bancariosdepiracicaba.com.br\/?p=10158#breadcrumb","itemListElement":[{"@type":"ListItem","position":1,"name":"Home","item":"https:\/\/bancariosdepiracicaba.com.br\/"},{"@type":"ListItem","position":2,"name":"Artigo: As consequ\u00eancias de se transformar o s\u00e1bado em dia \u00fatil trabalhado"}]},{"@type":"Article","@id":"https:\/\/bancariosdepiracicaba.com.br\/?p=10158#article","isPartOf":{"@id":"https:\/\/bancariosdepiracicaba.com.br\/?p=10158#webpage"},"author":{"@id":"https:\/\/bancariosdepiracicaba.com.br\/#\/schema\/person\/6a12c780fc145ea2c9af09989ee600b0"},"headline":"Artigo: As consequ\u00eancias de se transformar o s\u00e1bado em dia \u00fatil trabalhado","datePublished":"2021-07-23T21:38:58+00:00","dateModified":"2021-07-23T21:38:58+00:00","mainEntityOfPage":{"@id":"https:\/\/bancariosdepiracicaba.com.br\/?p=10158#webpage"},"wordCount":1255,"commentCount":0,"publisher":{"@id":"https:\/\/bancariosdepiracicaba.com.br\/#organization"},"articleSection":["Uncategorized"],"inLanguage":"pt-BR","potentialAction":[{"@type":"CommentAction","name":"Comment","target":["https:\/\/bancariosdepiracicaba.com.br\/?p=10158#respond"]}]},{"@type":"Person","@id":"https:\/\/bancariosdepiracicaba.com.br\/#\/schema\/person\/6a12c780fc145ea2c9af09989ee600b0","name":"admin","image":{"@type":"ImageObject","@id":"https:\/\/bancariosdepiracicaba.com.br\/#personlogo","inLanguage":"pt-BR","url":"https:\/\/secure.gravatar.com\/avatar\/3a05e74c6579e68209676cb5cb64e0918f288da7a49210fa18d6e9cac1189840?s=96&d=mm&r=g","contentUrl":"https:\/\/secure.gravatar.com\/avatar\/3a05e74c6579e68209676cb5cb64e0918f288da7a49210fa18d6e9cac1189840?s=96&d=mm&r=g","caption":"admin"},"sameAs":["https:\/\/site.bancariosdepiracicaba.com.br"],"url":"https:\/\/bancariosdepiracicaba.com.br\/?author=1"}]}},"_links":{"self":[{"href":"https:\/\/bancariosdepiracicaba.com.br\/index.php?rest_route=\/wp\/v2\/posts\/10158","targetHints":{"allow":["GET"]}}],"collection":[{"href":"https:\/\/bancariosdepiracicaba.com.br\/index.php?rest_route=\/wp\/v2\/posts"}],"about":[{"href":"https:\/\/bancariosdepiracicaba.com.br\/index.php?rest_route=\/wp\/v2\/types\/post"}],"author":[{"embeddable":true,"href":"https:\/\/bancariosdepiracicaba.com.br\/index.php?rest_route=\/wp\/v2\/users\/1"}],"replies":[{"embeddable":true,"href":"https:\/\/bancariosdepiracicaba.com.br\/index.php?rest_route=%2Fwp%2Fv2%2Fcomments&post=10158"}],"version-history":[{"count":0,"href":"https:\/\/bancariosdepiracicaba.com.br\/index.php?rest_route=\/wp\/v2\/posts\/10158\/revisions"}],"wp:attachment":[{"href":"https:\/\/bancariosdepiracicaba.com.br\/index.php?rest_route=%2Fwp%2Fv2%2Fmedia&parent=10158"}],"wp:term":[{"taxonomy":"category","embeddable":true,"href":"https:\/\/bancariosdepiracicaba.com.br\/index.php?rest_route=%2Fwp%2Fv2%2Fcategories&post=10158"},{"taxonomy":"post_tag","embeddable":true,"href":"https:\/\/bancariosdepiracicaba.com.br\/index.php?rest_route=%2Fwp%2Fv2%2Ftags&post=10158"}],"curies":[{"name":"wp","href":"https:\/\/api.w.org\/{rel}","templated":true}]}}