{"id":10069,"date":"2021-07-23T21:37:00","date_gmt":"2021-07-23T21:37:00","guid":{"rendered":"https:\/\/site.bancariosdepiracicaba.com.br\/2021\/07\/23\/vamos-parar-o-brasil-no-dia-28-de-abril\/"},"modified":"2021-07-23T21:37:00","modified_gmt":"2021-07-23T21:37:00","slug":"vamos-parar-o-brasil-no-dia-28-de-abril","status":"publish","type":"post","link":"https:\/\/bancariosdepiracicaba.com.br\/?p=10069","title":{"rendered":"Vamos parar o Brasil no dia 28 de abril"},"content":{"rendered":"<p>29\/03\/2017 &#8211; 15:17<\/p>\n<p>Centrais sindicais constroem unidade e convocam para greve em todo o pa \u00eds, no final de abril<\/p>\n<p>A CUT e as demais centrais sindicais, reunidas na tarde desta segunda-feira (27), em S\u00e3o Paulo, decidiram convocar unitariamente um processo mobiliza\u00e7\u00e3o nacional de prepara\u00e7\u00e3o da greve geral contra a Reforma da Previd\u00eancia, a Reforma Trabalhista, a Terceiriza\u00e7\u00e3o e por nenhum direito a menos.<\/p>\n<p>Na pr\u00f3xima sexta-feira (31\/03) acontece o primeiro &#8220;esquenta&#8221; nesse calend\u00e1rio de lutas, que prossegue durante todo o m\u00eas de abril. Durante esse per \u00edodo, os sindicatos realizar\u00e3o assembleias, reuni\u00f5es, plen\u00e1rias e manifesta\u00e7\u00f5es nas empresas, portas de f\u00e1bricas e locais de trabalho rumo \u00e0 constru\u00e7\u00e3o nacional da Greve Geral.<\/p>\n<p>De acordo com Vagner Freitas, presidente da CUT, o \u00fanico caminho para a mudan\u00e7a \u00e9 a luta.  \u201c;O que pode alterar o cen\u00e1rio que vivemos atualmente \u00e9 o nosso calend\u00e1rio de lutas, a comre\u00e7ar pelo 31 de Mar\u00e7o, de luta e a paralisa\u00e7\u00e3o rumo \u00e0 greve geral no dia 28 de abril contra retirada de direitos. \u00e9 hora de fazer greve, de a gente conversar na f\u00e1brica, na igreja, na escola e mostrar que se n\u00e3o nos mobilizarmos, todos os direitos ser\u00e3o jogados fora. Estamos mais fortes hoje do que antes do dia 15 de mar\u00e7o. Mas isso n\u00e3o \u00e9 seguran\u00e7a para n\u00f3s, o que pode nos garantir \u00e9 enfrentamento \u201c;, defendeu.<\/p>\n<p>Leia a seguir a nota das Centrais. <\/p>\n<p>Dia 28 de abril, Vamos parar o Brasil!<\/p>\n<p>As centrais sindicais conclamam seus sindicatos filiados para, no dia 28, convocar os trabalhadores a paralisarem suas atividades, como alerta ao governo de que a sociedade e a classe trabalhadora n\u00e3o aceitar\u00e3oas propostas de reformas da Previd\u00eancia, Trabalhista e o projeto de Terceiriza\u00e7\u00e3oaprovado pela C\u00e2mara, que o governo Temer quer impor ao Pa \u00eds.<\/p>\n<p>Em nossa opini\u00e3o, trata-se do desmonte da Previd\u00eancia P\u00fablica e da retirada dos direitos trabalhistas garantidos pela CLT.<\/p>\n<p>Por isso, conclamamos todos, neste dia, a demonstrarem o seu descontentamento, ajudando a paralisar o Brasil.<\/p>\n<p>S\u00e3o Paulo, 27 de mar\u00e7o de 2017.<\/p>\n<p>Adilson Ara\u00fajo (presidente da CTB), Antonio Neto (presidente da CSB), Jos\u00e9 Calixto Ramos (presidente da Nova Central), Paulo Pereira da Silva (presidente da For\u00e7a Sindical), Ricardo Patah (presidente da UGT), Vagner Freitas (presidente da CUT), Edson Carneiro ( \u00edndio) (secret\u00e1rio-geral da Intersindical), Luiz Carlos Prates (Mancha) (presidente da CSP-Conlutas), Ubiraci Dantas de Oliveira (Bira) (Presidente da CGTB).<\/p>\n<p>Calend\u00e1rio de lutas definido pelo F\u00f3rum das Centrais Sindicais<\/p>\n<p>*31 DE MAR\u00e7O<br \/>\nDia Nacional da Mobiliza\u00e7\u00e3o Rumo \u00e0 Greve Geral<\/p>\n<p>Durante todo o m\u00eas de Abril, os sindicatos realizar\u00e3o assembleias, reuni\u00f5es, plen\u00e1rias, manifesta\u00e7\u00f5es nas empresas, portas de f\u00e1bricas e locais de trabalho rumo \u00e0 constru\u00e7\u00e3o Nacional da GREVE GERAL.<\/p>\n<p>*28 DE ABRIL -; DIA DE PARAR O BRASIL!<\/p>\n","protected":false},"excerpt":{"rendered":"<p>Centrais sindicais constroem unidade e convocam para greve em todo o pa\u00eds, no final de abril<\/p>\n","protected":false},"author":1,"featured_media":0,"comment_status":"open","ping_status":"open","sticky":false,"template":"","format":"standard","meta":{"site-sidebar-layout":"default","site-content-layout":"default","ast-main-header-display":"","ast-hfb-above-header-display":"","ast-hfb-below-header-display":"","ast-hfb-mobile-header-display":"","site-post-title":"","ast-breadcrumbs-content":"","ast-featured-img":"","footer-sml-layout":"","theme-transparent-header-meta":"","adv-header-id-meta":"","stick-header-meta":"","header-above-stick-meta":"","header-main-stick-meta":"","header-below-stick-meta":"","footnotes":""},"categories":[1],"tags":[],"class_list":["post-10069","post","type-post","status-publish","format-standard","hentry","category-uncategorized"],"yoast_head":"<!-- This site is optimized with the Yoast SEO Premium plugin v16.1 (Yoast SEO v18.0) - https:\/\/yoast.com\/wordpress\/plugins\/seo\/ -->\n<title>Vamos parar o Brasil no dia 28 de abril - Sindban<\/title>\n<meta name=\"robots\" content=\"index, follow, max-snippet:-1, max-image-preview:large, max-video-preview:-1\" \/>\n<link rel=\"canonical\" href=\"https:\/\/bancariosdepiracicaba.com.br\/?p=10069\" \/>\n<meta property=\"og:locale\" content=\"pt_BR\" \/>\n<meta property=\"og:type\" content=\"article\" \/>\n<meta property=\"og:title\" content=\"Vamos parar o Brasil no dia 28 de abril - Sindban\" \/>\n<meta property=\"og:description\" content=\"Centrais sindicais constroem unidade e convocam para greve em todo o pa\u00eds, no final de abril\" \/>\n<meta property=\"og:url\" content=\"https:\/\/bancariosdepiracicaba.com.br\/?p=10069\" \/>\n<meta property=\"og:site_name\" content=\"Sindban\" \/>\n<meta property=\"article:published_time\" content=\"2021-07-23T21:37:00+00:00\" \/>\n<meta name=\"twitter:card\" content=\"summary_large_image\" \/>\n<meta name=\"twitter:label1\" content=\"Escrito por\" \/>\n\t<meta name=\"twitter:data1\" content=\"admin\" \/>\n\t<meta name=\"twitter:label2\" content=\"Est. tempo de leitura\" \/>\n\t<meta name=\"twitter:data2\" content=\"2 minutos\" \/>\n<script type=\"application\/ld+json\" class=\"yoast-schema-graph\">{\"@context\":\"https:\/\/schema.org\",\"@graph\":[{\"@type\":\"Organization\",\"@id\":\"https:\/\/bancariosdepiracicaba.com.br\/#organization\",\"name\":\"Sindban\",\"url\":\"https:\/\/bancariosdepiracicaba.com.br\/\",\"sameAs\":[],\"logo\":{\"@type\":\"ImageObject\",\"@id\":\"https:\/\/bancariosdepiracicaba.com.br\/#logo\",\"inLanguage\":\"pt-BR\",\"url\":\"https:\/\/site.bancariosdepiracicaba.com.br\/wp-content\/uploads\/2021\/04\/cropped-Asset-2.png\",\"contentUrl\":\"https:\/\/site.bancariosdepiracicaba.com.br\/wp-content\/uploads\/2021\/04\/cropped-Asset-2.png\",\"width\":512,\"height\":512,\"caption\":\"Sindban\"},\"image\":{\"@id\":\"https:\/\/bancariosdepiracicaba.com.br\/#logo\"}},{\"@type\":\"WebSite\",\"@id\":\"https:\/\/bancariosdepiracicaba.com.br\/#website\",\"url\":\"https:\/\/bancariosdepiracicaba.com.br\/\",\"name\":\"Sindban\",\"description\":\"Desenvolvimento\",\"publisher\":{\"@id\":\"https:\/\/bancariosdepiracicaba.com.br\/#organization\"},\"potentialAction\":[{\"@type\":\"SearchAction\",\"target\":{\"@type\":\"EntryPoint\",\"urlTemplate\":\"https:\/\/bancariosdepiracicaba.com.br\/?s={search_term_string}\"},\"query-input\":\"required name=search_term_string\"}],\"inLanguage\":\"pt-BR\"},{\"@type\":\"WebPage\",\"@id\":\"https:\/\/bancariosdepiracicaba.com.br\/?p=10069#webpage\",\"url\":\"https:\/\/bancariosdepiracicaba.com.br\/?p=10069\",\"name\":\"Vamos parar o Brasil no dia 28 de abril - Sindban\",\"isPartOf\":{\"@id\":\"https:\/\/bancariosdepiracicaba.com.br\/#website\"},\"datePublished\":\"2021-07-23T21:37:00+00:00\",\"dateModified\":\"2021-07-23T21:37:00+00:00\",\"breadcrumb\":{\"@id\":\"https:\/\/bancariosdepiracicaba.com.br\/?p=10069#breadcrumb\"},\"inLanguage\":\"pt-BR\",\"potentialAction\":[{\"@type\":\"ReadAction\",\"target\":[\"https:\/\/bancariosdepiracicaba.com.br\/?p=10069\"]}]},{\"@type\":\"BreadcrumbList\",\"@id\":\"https:\/\/bancariosdepiracicaba.com.br\/?p=10069#breadcrumb\",\"itemListElement\":[{\"@type\":\"ListItem\",\"position\":1,\"name\":\"Home\",\"item\":\"https:\/\/bancariosdepiracicaba.com.br\/\"},{\"@type\":\"ListItem\",\"position\":2,\"name\":\"Vamos parar o Brasil no dia 28 de abril\"}]},{\"@type\":\"Article\",\"@id\":\"https:\/\/bancariosdepiracicaba.com.br\/?p=10069#article\",\"isPartOf\":{\"@id\":\"https:\/\/bancariosdepiracicaba.com.br\/?p=10069#webpage\"},\"author\":{\"@id\":\"https:\/\/bancariosdepiracicaba.com.br\/#\/schema\/person\/6a12c780fc145ea2c9af09989ee600b0\"},\"headline\":\"Vamos parar o Brasil no dia 28 de abril\",\"datePublished\":\"2021-07-23T21:37:00+00:00\",\"dateModified\":\"2021-07-23T21:37:00+00:00\",\"mainEntityOfPage\":{\"@id\":\"https:\/\/bancariosdepiracicaba.com.br\/?p=10069#webpage\"},\"wordCount\":484,\"commentCount\":0,\"publisher\":{\"@id\":\"https:\/\/bancariosdepiracicaba.com.br\/#organization\"},\"articleSection\":[\"Uncategorized\"],\"inLanguage\":\"pt-BR\",\"potentialAction\":[{\"@type\":\"CommentAction\",\"name\":\"Comment\",\"target\":[\"https:\/\/bancariosdepiracicaba.com.br\/?p=10069#respond\"]}]},{\"@type\":\"Person\",\"@id\":\"https:\/\/bancariosdepiracicaba.com.br\/#\/schema\/person\/6a12c780fc145ea2c9af09989ee600b0\",\"name\":\"admin\",\"image\":{\"@type\":\"ImageObject\",\"@id\":\"https:\/\/bancariosdepiracicaba.com.br\/#personlogo\",\"inLanguage\":\"pt-BR\",\"url\":\"https:\/\/secure.gravatar.com\/avatar\/3a05e74c6579e68209676cb5cb64e0918f288da7a49210fa18d6e9cac1189840?s=96&d=mm&r=g\",\"contentUrl\":\"https:\/\/secure.gravatar.com\/avatar\/3a05e74c6579e68209676cb5cb64e0918f288da7a49210fa18d6e9cac1189840?s=96&d=mm&r=g\",\"caption\":\"admin\"},\"sameAs\":[\"https:\/\/site.bancariosdepiracicaba.com.br\"],\"url\":\"https:\/\/bancariosdepiracicaba.com.br\/?author=1\"}]}<\/script>\n<!-- \/ Yoast SEO Premium plugin. -->","yoast_head_json":{"title":"Vamos parar o Brasil no dia 28 de abril - Sindban","robots":{"index":"index","follow":"follow","max-snippet":"max-snippet:-1","max-image-preview":"max-image-preview:large","max-video-preview":"max-video-preview:-1"},"canonical":"https:\/\/bancariosdepiracicaba.com.br\/?p=10069","og_locale":"pt_BR","og_type":"article","og_title":"Vamos parar o Brasil no dia 28 de abril - Sindban","og_description":"Centrais sindicais constroem unidade e convocam para greve em todo o pa\u00eds, no final de abril","og_url":"https:\/\/bancariosdepiracicaba.com.br\/?p=10069","og_site_name":"Sindban","article_published_time":"2021-07-23T21:37:00+00:00","twitter_card":"summary_large_image","twitter_misc":{"Escrito por":"admin","Est. tempo de leitura":"2 minutos"},"schema":{"@context":"https:\/\/schema.org","@graph":[{"@type":"Organization","@id":"https:\/\/bancariosdepiracicaba.com.br\/#organization","name":"Sindban","url":"https:\/\/bancariosdepiracicaba.com.br\/","sameAs":[],"logo":{"@type":"ImageObject","@id":"https:\/\/bancariosdepiracicaba.com.br\/#logo","inLanguage":"pt-BR","url":"https:\/\/site.bancariosdepiracicaba.com.br\/wp-content\/uploads\/2021\/04\/cropped-Asset-2.png","contentUrl":"https:\/\/site.bancariosdepiracicaba.com.br\/wp-content\/uploads\/2021\/04\/cropped-Asset-2.png","width":512,"height":512,"caption":"Sindban"},"image":{"@id":"https:\/\/bancariosdepiracicaba.com.br\/#logo"}},{"@type":"WebSite","@id":"https:\/\/bancariosdepiracicaba.com.br\/#website","url":"https:\/\/bancariosdepiracicaba.com.br\/","name":"Sindban","description":"Desenvolvimento","publisher":{"@id":"https:\/\/bancariosdepiracicaba.com.br\/#organization"},"potentialAction":[{"@type":"SearchAction","target":{"@type":"EntryPoint","urlTemplate":"https:\/\/bancariosdepiracicaba.com.br\/?s={search_term_string}"},"query-input":"required name=search_term_string"}],"inLanguage":"pt-BR"},{"@type":"WebPage","@id":"https:\/\/bancariosdepiracicaba.com.br\/?p=10069#webpage","url":"https:\/\/bancariosdepiracicaba.com.br\/?p=10069","name":"Vamos parar o Brasil no dia 28 de abril - Sindban","isPartOf":{"@id":"https:\/\/bancariosdepiracicaba.com.br\/#website"},"datePublished":"2021-07-23T21:37:00+00:00","dateModified":"2021-07-23T21:37:00+00:00","breadcrumb":{"@id":"https:\/\/bancariosdepiracicaba.com.br\/?p=10069#breadcrumb"},"inLanguage":"pt-BR","potentialAction":[{"@type":"ReadAction","target":["https:\/\/bancariosdepiracicaba.com.br\/?p=10069"]}]},{"@type":"BreadcrumbList","@id":"https:\/\/bancariosdepiracicaba.com.br\/?p=10069#breadcrumb","itemListElement":[{"@type":"ListItem","position":1,"name":"Home","item":"https:\/\/bancariosdepiracicaba.com.br\/"},{"@type":"ListItem","position":2,"name":"Vamos parar o Brasil no dia 28 de abril"}]},{"@type":"Article","@id":"https:\/\/bancariosdepiracicaba.com.br\/?p=10069#article","isPartOf":{"@id":"https:\/\/bancariosdepiracicaba.com.br\/?p=10069#webpage"},"author":{"@id":"https:\/\/bancariosdepiracicaba.com.br\/#\/schema\/person\/6a12c780fc145ea2c9af09989ee600b0"},"headline":"Vamos parar o Brasil no dia 28 de abril","datePublished":"2021-07-23T21:37:00+00:00","dateModified":"2021-07-23T21:37:00+00:00","mainEntityOfPage":{"@id":"https:\/\/bancariosdepiracicaba.com.br\/?p=10069#webpage"},"wordCount":484,"commentCount":0,"publisher":{"@id":"https:\/\/bancariosdepiracicaba.com.br\/#organization"},"articleSection":["Uncategorized"],"inLanguage":"pt-BR","potentialAction":[{"@type":"CommentAction","name":"Comment","target":["https:\/\/bancariosdepiracicaba.com.br\/?p=10069#respond"]}]},{"@type":"Person","@id":"https:\/\/bancariosdepiracicaba.com.br\/#\/schema\/person\/6a12c780fc145ea2c9af09989ee600b0","name":"admin","image":{"@type":"ImageObject","@id":"https:\/\/bancariosdepiracicaba.com.br\/#personlogo","inLanguage":"pt-BR","url":"https:\/\/secure.gravatar.com\/avatar\/3a05e74c6579e68209676cb5cb64e0918f288da7a49210fa18d6e9cac1189840?s=96&d=mm&r=g","contentUrl":"https:\/\/secure.gravatar.com\/avatar\/3a05e74c6579e68209676cb5cb64e0918f288da7a49210fa18d6e9cac1189840?s=96&d=mm&r=g","caption":"admin"},"sameAs":["https:\/\/site.bancariosdepiracicaba.com.br"],"url":"https:\/\/bancariosdepiracicaba.com.br\/?author=1"}]}},"_links":{"self":[{"href":"https:\/\/bancariosdepiracicaba.com.br\/index.php?rest_route=\/wp\/v2\/posts\/10069","targetHints":{"allow":["GET"]}}],"collection":[{"href":"https:\/\/bancariosdepiracicaba.com.br\/index.php?rest_route=\/wp\/v2\/posts"}],"about":[{"href":"https:\/\/bancariosdepiracicaba.com.br\/index.php?rest_route=\/wp\/v2\/types\/post"}],"author":[{"embeddable":true,"href":"https:\/\/bancariosdepiracicaba.com.br\/index.php?rest_route=\/wp\/v2\/users\/1"}],"replies":[{"embeddable":true,"href":"https:\/\/bancariosdepiracicaba.com.br\/index.php?rest_route=%2Fwp%2Fv2%2Fcomments&post=10069"}],"version-history":[{"count":0,"href":"https:\/\/bancariosdepiracicaba.com.br\/index.php?rest_route=\/wp\/v2\/posts\/10069\/revisions"}],"wp:attachment":[{"href":"https:\/\/bancariosdepiracicaba.com.br\/index.php?rest_route=%2Fwp%2Fv2%2Fmedia&parent=10069"}],"wp:term":[{"taxonomy":"category","embeddable":true,"href":"https:\/\/bancariosdepiracicaba.com.br\/index.php?rest_route=%2Fwp%2Fv2%2Fcategories&post=10069"},{"taxonomy":"post_tag","embeddable":true,"href":"https:\/\/bancariosdepiracicaba.com.br\/index.php?rest_route=%2Fwp%2Fv2%2Ftags&post=10069"}],"curies":[{"name":"wp","href":"https:\/\/api.w.org\/{rel}","templated":true}]}}